{"id":45758,"date":"2015-10-22T23:45:01","date_gmt":"2015-10-22T20:45:01","guid":{"rendered":"https:\/\/www.enerjigazetesi.ist\/?p=45758"},"modified":"2015-10-22T23:45:29","modified_gmt":"2015-10-22T20:45:29","slug":"sabanci-enerji-grup-bsk-elektrik-piyasasinin-liberallesmesini-bekliyoruz","status":"publish","type":"post","link":"https:\/\/www.enerjigazetesi.ist\/en\/sabanci-enerji-grup-bsk-elektrik-piyasasinin-liberallesmesini-bekliyoruz\/","title":{"rendered":"(Turkish) Sabanc\u0131 Enerji Grup B\u015fk. : \u201cElektrik Piyasas\u0131nda Liberalle\u015fme Bekliyoruz&#8230;\u201d"},"content":{"rendered":"<p class=\"qtranxs-available-languages-message qtranxs-available-languages-message-en\">Sorry, this entry is only available in <a href=\"https:\/\/www.enerjigazetesi.ist\/tr\/wp-json\/wp\/v2\/posts\/45758\" class=\"qtranxs-available-language-link qtranxs-available-language-link-tr\" title=\"Turkish\">Turkish<\/a>. For the sake of viewer convenience, the content is shown below in the alternative language. You may click the link to switch the active language.<\/p><p><strong>Sabanc\u0131 Holding Enerji Grup Ba\u015fkan\u0131 Mehmet G\u00f6\u00e7men, elektrik enerjisi sekt\u00f6r\u00fcn\u00fcn liberalizasyona haz\u0131r oldu\u011funu belirterek, \u201cElektrik piyasas\u0131n\u0131n liberalle\u015fmesini bekliyoruz. Liberalle\u015fme, mesken t\u00fcketicileri \u00fczerindeki enerji maliyetini d\u00fc\u015f\u00fcrecek \u00f6nemli bir ad\u0131m olacak\u201d dedi.<\/strong><span id=\"more-73902\"><\/span><\/p>\n<p>G\u00f6\u00e7men, enerji sekt\u00f6r\u00fcyle ilgili d\u00fcnyadaki ve T\u00fcrkiye\u2019deki geli\u015fmeleri payla\u015fmak ve Enerjisa\u2019n\u0131n gelecek d\u00f6neme ili\u015fkin hedeflerini aktarmak amac\u0131yla d\u00fczenlenen bas\u0131n toplant\u0131s\u0131nda konu\u015ftu.<\/p>\n<p>G\u00f6\u00e7men, T\u00fcrkiye elektrik s<a href=\"https:\/\/www.enerjigazetesi.ist\/wp-content\/uploads\/2015\/10\/sabanci-enerji-grup-bsk-elektrik-piyasasinin-liberallesmesini-bekliyoruz.jpg\"><img loading=\"lazy\" class=\"alignleft size-medium wp-image-45759\" src=\"https:\/\/www.enerjigazetesi.ist\/wp-content\/uploads\/2015\/10\/sabanci-enerji-grup-bsk-elektrik-piyasasinin-liberallesmesini-bekliyoruz-300x165.jpg\" alt=\"sabanci-enerji-grup-bsk-elektrik-piyasasinin-liberallesmesini-bekliyoruz\" width=\"300\" height=\"165\" srcset=\"https:\/\/www.enerjigazetesi.ist\/wp-content\/uploads\/2015\/10\/sabanci-enerji-grup-bsk-elektrik-piyasasinin-liberallesmesini-bekliyoruz-300x165.jpg 300w, https:\/\/www.enerjigazetesi.ist\/wp-content\/uploads\/2015\/10\/sabanci-enerji-grup-bsk-elektrik-piyasasinin-liberallesmesini-bekliyoruz-500x276.jpg 500w, https:\/\/www.enerjigazetesi.ist\/wp-content\/uploads\/2015\/10\/sabanci-enerji-grup-bsk-elektrik-piyasasinin-liberallesmesini-bekliyoruz-80x44.jpg 80w, https:\/\/www.enerjigazetesi.ist\/wp-content\/uploads\/2015\/10\/sabanci-enerji-grup-bsk-elektrik-piyasasinin-liberallesmesini-bekliyoruz.jpg 696w\" sizes=\"(max-width: 300px) 100vw, 300px\" \/><\/a>ekt\u00f6r\u00fcnde yat\u0131r\u0131mlar\u0131n s\u00fcrd\u00fcr\u00fclebilir olmas\u0131 i\u00e7in sekt\u00f6r\u00fcn finansal s\u00fcrd\u00fcr\u00fclebilirli\u011finin g\u00fcvence alt\u0131na al\u0131nmas\u0131 gerekti\u011fini dile getirerek, s\u0131n\u0131rl\u0131 finans kaynaklar\u0131na eri\u015fimde T\u00fcrkiye ile alternatif piyasalar aras\u0131nda rekabetin artt\u0131\u011f\u0131n\u0131, sekt\u00f6r\u00fcn daha verimli, rekabet\u00e7i ve s\u00fcrd\u00fcr\u00fclebilir bir yap\u0131ya ula\u015ft\u0131r\u0131lmas\u0131n\u0131n bir zorunluluk oldu\u011funu aktard\u0131.<\/p>\n<p>\u201cElektrik sekt\u00f6r\u00fcnde daha verimli, liberal ve \u015feffaf bir piyasaya mutlaka i\u015flerlik kazand\u0131r\u0131lmal\u0131, reg\u00fclasyonlarda \u00f6ng\u00f6r\u00fclebilirlik g\u00fc\u00e7lendirilmelidir\u201d diyen G\u00f6\u00e7men, elektrik piyasas\u0131ndaki liberalle\u015fmenin \u00f6nemine de\u011findi.<\/p>\n<p>G\u00f6\u00e7men, liberal elektrik piyasas\u0131n\u0131n vatanda\u015f \u00fczerindeki enerji maliyetini d\u00fc\u015f\u00fcrece\u011finin alt\u0131n\u0131 \u00e7izerek, liberal bir elektrik piyasas\u0131nda kamu yarar\u0131 oldu\u011funu anlatt\u0131.<\/p>\n<p>Mehmet G\u00f6\u00e7men, liberalle\u015fmenin mesken t\u00fcketicileri \u00fczerindeki enerji maliyetini d\u00fc\u015f\u00fcrecek \u00f6nemli bir ad\u0131m olaca\u011f\u0131n\u0131 vurgulad\u0131.<\/p>\n<p>Sabanc\u0131 Holding olarak, enerjiyi T\u00fcrkiye\u2019nin en stratejik sekt\u00f6rleri aras\u0131nda g\u00f6rd\u00fcklerini, 2005 y\u0131l\u0131ndan bu yana enerji alan\u0131na yapt\u0131klar\u0131 yat\u0131r\u0131mlarla sekt\u00f6re \u00f6nemli katk\u0131 sa\u011flamaya devam ettiklerini anlatan G\u00f6\u00e7men, \u201cBu yakla\u015f\u0131mla; T\u00fcrkiye elektrik sekt\u00f6r\u00fcnde son 10 y\u0131lda ger\u00e7ekle\u015ftirilen 64 milyar dolar yat\u0131r\u0131m\u0131n yakla\u015f\u0131k 11 milyar dolarl\u0131k b\u00f6l\u00fcm\u00fc Enerjisa taraf\u0131ndan ger\u00e7ekle\u015ftirilmi\u015ftir\u201d dedi.<\/p>\n<p>Kaynak: B\u00fcltenler<\/p>","protected":false},"excerpt":{"rendered":"<p>Sorry, this entry is only available in Turkish. For the sake of viewer convenience, the content is shown below in the alternative language. You may click the link to switch the active language.Sabanc\u0131 Holding Enerji Grup Ba\u015fkan\u0131 Mehmet G\u00f6\u00e7men, elektrik enerjisi sekt\u00f6r\u00fcn\u00fcn liberalizasyona haz\u0131r oldu\u011funu belirterek, \u201cElektrik piyasas\u0131n\u0131n liberalle\u015fmesini bekliyoruz. Liberalle\u015fme, mesken t\u00fcketicileri \u00fczerindeki enerji [&hellip;]<\/p>\n","protected":false},"author":1,"featured_media":45759,"comment_status":"open","ping_status":"open","sticky":false,"template":"","format":"standard","meta":[],"categories":[51,53],"tags":[68,61,19638,1451,2873,63,67,1009,2698,165,422,26499,15930,1048],"views":1237,"_links":{"self":[{"href":"https:\/\/www.enerjigazetesi.ist\/en\/wp-json\/wp\/v2\/posts\/45758"}],"collection":[{"href":"https:\/\/www.enerjigazetesi.ist\/en\/wp-json\/wp\/v2\/posts"}],"about":[{"href":"https:\/\/www.enerjigazetesi.ist\/en\/wp-json\/wp\/v2\/types\/post"}],"author":[{"embeddable":true,"href":"https:\/\/www.enerjigazetesi.ist\/en\/wp-json\/wp\/v2\/users\/1"}],"replies":[{"embeddable":true,"href":"https:\/\/www.enerjigazetesi.ist\/en\/wp-json\/wp\/v2\/comments?post=45758"}],"version-history":[{"count":2,"href":"https:\/\/www.enerjigazetesi.ist\/en\/wp-json\/wp\/v2\/posts\/45758\/revisions"}],"predecessor-version":[{"id":45761,"href":"https:\/\/www.enerjigazetesi.ist\/en\/wp-json\/wp\/v2\/posts\/45758\/revisions\/45761"}],"wp:featuredmedia":[{"embeddable":true,"href":"https:\/\/www.enerjigazetesi.ist\/en\/wp-json\/wp\/v2\/media\/45759"}],"wp:attachment":[{"href":"https:\/\/www.enerjigazetesi.ist\/en\/wp-json\/wp\/v2\/media?parent=45758"}],"wp:term":[{"taxonomy":"category","embeddable":true,"href":"https:\/\/www.enerjigazetesi.ist\/en\/wp-json\/wp\/v2\/categories?post=45758"},{"taxonomy":"post_tag","embeddable":true,"href":"https:\/\/www.enerjigazetesi.ist\/en\/wp-json\/wp\/v2\/tags?post=45758"}],"curies":[{"name":"wp","href":"https:\/\/api.w.org\/{rel}","templated":true}]}}