{"id":45719,"date":"2015-10-21T22:00:58","date_gmt":"2015-10-21T19:00:58","guid":{"rendered":"https:\/\/www.enerjigazetesi.ist\/?p=45719"},"modified":"2015-10-21T22:00:58","modified_gmt":"2015-10-21T19:00:58","slug":"kis-saati-uygulamasina-erken-secimleri-nedeniyle-8-kasimda-gecilecek","status":"publish","type":"post","link":"https:\/\/www.enerjigazetesi.ist\/en\/kis-saati-uygulamasina-erken-secimleri-nedeniyle-8-kasimda-gecilecek\/","title":{"rendered":"(Turkish) K\u0131\u015f Saati Uygulamas\u0131na Erken Se\u00e7imleri Nedeniyle 8 Kas\u0131m\u2019da Ge\u00e7ilecek!"},"content":{"rendered":"<p class=\"qtranxs-available-languages-message qtranxs-available-languages-message-en\">Sorry, this entry is only available in <a href=\"https:\/\/www.enerjigazetesi.ist\/tr\/wp-json\/wp\/v2\/posts\/45719\" class=\"qtranxs-available-language-link qtranxs-available-language-link-tr\" title=\"Turkish\">Turkish<\/a>. For the sake of viewer convenience, the content is shown below in the alternative language. You may click the link to switch the active language.<\/p><p><strong>G\u00fcne\u015f \u0131\u015f\u0131\u011f\u0131ndan daha fazla faydalanmak ad\u0131na uygulanan k\u0131\u015f saati uygulamas\u0131na T\u00fcrkiye bu y\u0131l biraz daha ge\u00e7 ge\u00e7ecek. Normalde 25 Ekim\u2019de yaz saati uygulamas\u0131n\u0131n sona ermesiyle birlikte k\u0131\u015f saati uygulamas\u0131na ge\u00e7iliyordu ancak bu y\u0131l bu uygulama bir s\u00fcre ertelenecek ve k\u0131\u015f saatine 8 Kas\u0131m\u2019da ge\u00e7ilecek.<span id=\"more-73881\"><\/span> K\u0131\u015f saati\u00a0uygulamas\u0131na ge\u00e7i\u015fin ertelenmesi y\u00f6n\u00fcndeki d\u00fczenleme Enerji ve Tabii Kaynaklar Bakan\u0131 Ali R\u0131za Alaboyun\u2019un imzas\u0131yla, Ba\u015fbakanl\u0131\u011fa g\u00f6nderildi.<\/strong><\/p>\n<p>Yaz saati uygulamas\u0131n\u0131n sona erdirilerek k\u0131\u015f saati uygulamas\u0131na ge\u00e7ilmesinin ertelenmesine y\u00f6nelik d\u00fczenle<a href=\"https:\/\/www.enerjigazetesi.ist\/wp-content\/uploads\/2015\/10\/kis-saati-uygulamasina-erken-secimleri-nedeniyle-8-kasimda-gecilecek.jpg\"><img loading=\"lazy\" class=\"alignleft wp-image-45720 size-medium\" src=\"https:\/\/www.enerjigazetesi.ist\/wp-content\/uploads\/2015\/10\/kis-saati-uygulamasina-erken-secimleri-nedeniyle-8-kasimda-gecilecek-300x165.jpg\" alt=\"kis-saati-uygulamasina-erken-secimleri-nedeniyle-8-kasimda-gecilecek\" width=\"300\" height=\"165\" srcset=\"https:\/\/www.enerjigazetesi.ist\/wp-content\/uploads\/2015\/10\/kis-saati-uygulamasina-erken-secimleri-nedeniyle-8-kasimda-gecilecek-300x165.jpg 300w, https:\/\/www.enerjigazetesi.ist\/wp-content\/uploads\/2015\/10\/kis-saati-uygulamasina-erken-secimleri-nedeniyle-8-kasimda-gecilecek-500x276.jpg 500w, https:\/\/www.enerjigazetesi.ist\/wp-content\/uploads\/2015\/10\/kis-saati-uygulamasina-erken-secimleri-nedeniyle-8-kasimda-gecilecek-80x44.jpg 80w, https:\/\/www.enerjigazetesi.ist\/wp-content\/uploads\/2015\/10\/kis-saati-uygulamasina-erken-secimleri-nedeniyle-8-kasimda-gecilecek.jpg 696w\" sizes=\"(max-width: 300px) 100vw, 300px\" \/><\/a>me, Enerji ve Tabii Kaynaklar Bakan\u0131 Ali R\u0131za Alaboyun\u2019un imzas\u0131yla Ba\u015fbakanl\u0131\u011fa g\u00f6nderildi. Bakanlar Kurulu taraf\u0131ndan da onaylanan erteleme karar\u0131, Resmi Gazete\u2019de yay\u0131mlanarak y\u00fcr\u00fcrl\u00fc\u011fe girecek.<\/p>\n<p>Bakanlar Kurulu karar\u0131yla yaz saati uygulamas\u0131 kapsam\u0131nda g\u00fcn \u0131\u015f\u0131\u011f\u0131ndan daha fazla yararlanmak ve elektrik tasarrufu i\u00e7in saatler 29 Mart\u2019ta 03.00\u2019ten itibaren 1 saat ileri al\u0131nm\u0131\u015ft\u0131. Bu karara g\u00f6re, 25 Ekim\u2019de yaz saati uygulamas\u0131n\u0131n sona ermesi ve saatlerin 04.00\u2019ten itibaren 1 saat geri al\u0131nmas\u0131 gerekiyordu.<\/p>\n<p>Yap\u0131lan yeni d\u00fczenleme do\u011frultusunda, bu y\u0131l yaz saati uygulamas\u0131 1 Kas\u0131m\u2019da yap\u0131lacak genel se\u00e7imler nedeniyle 8 Kas\u0131m\u2019da sona erecek ve saatler 04.00\u2019ten 03.00\u2019e al\u0131nacak.<\/p>\n<p>Kaynak: Enerji Enstit\u00fcs\u00fc<\/p>","protected":false},"excerpt":{"rendered":"<p>Sorry, this entry is only available in Turkish. For the sake of viewer convenience, the content is shown below in the alternative language. You may click the link to switch the active language.G\u00fcne\u015f \u0131\u015f\u0131\u011f\u0131ndan daha fazla faydalanmak ad\u0131na uygulanan k\u0131\u015f saati uygulamas\u0131na T\u00fcrkiye bu y\u0131l biraz daha ge\u00e7 ge\u00e7ecek. Normalde 25 Ekim\u2019de yaz saati uygulamas\u0131n\u0131n [&hellip;]<\/p>\n","protected":false},"author":1,"featured_media":45720,"comment_status":"open","ping_status":"open","sticky":false,"template":"","format":"standard","meta":[],"categories":[53,52],"tags":[26484,25276,63,67,1009,2698,165,1389,26483,24821,863,109],"views":789,"_links":{"self":[{"href":"https:\/\/www.enerjigazetesi.ist\/en\/wp-json\/wp\/v2\/posts\/45719"}],"collection":[{"href":"https:\/\/www.enerjigazetesi.ist\/en\/wp-json\/wp\/v2\/posts"}],"about":[{"href":"https:\/\/www.enerjigazetesi.ist\/en\/wp-json\/wp\/v2\/types\/post"}],"author":[{"embeddable":true,"href":"https:\/\/www.enerjigazetesi.ist\/en\/wp-json\/wp\/v2\/users\/1"}],"replies":[{"embeddable":true,"href":"https:\/\/www.enerjigazetesi.ist\/en\/wp-json\/wp\/v2\/comments?post=45719"}],"version-history":[{"count":1,"href":"https:\/\/www.enerjigazetesi.ist\/en\/wp-json\/wp\/v2\/posts\/45719\/revisions"}],"predecessor-version":[{"id":45721,"href":"https:\/\/www.enerjigazetesi.ist\/en\/wp-json\/wp\/v2\/posts\/45719\/revisions\/45721"}],"wp:featuredmedia":[{"embeddable":true,"href":"https:\/\/www.enerjigazetesi.ist\/en\/wp-json\/wp\/v2\/media\/45720"}],"wp:attachment":[{"href":"https:\/\/www.enerjigazetesi.ist\/en\/wp-json\/wp\/v2\/media?parent=45719"}],"wp:term":[{"taxonomy":"category","embeddable":true,"href":"https:\/\/www.enerjigazetesi.ist\/en\/wp-json\/wp\/v2\/categories?post=45719"},{"taxonomy":"post_tag","embeddable":true,"href":"https:\/\/www.enerjigazetesi.ist\/en\/wp-json\/wp\/v2\/tags?post=45719"}],"curies":[{"name":"wp","href":"https:\/\/api.w.org\/{rel}","templated":true}]}}