{"id":45655,"date":"2015-10-20T16:59:34","date_gmt":"2015-10-20T13:59:34","guid":{"rendered":"https:\/\/www.enerjigazetesi.ist\/?p=45655"},"modified":"2015-10-20T17:31:56","modified_gmt":"2015-10-20T14:31:56","slug":"31-mart-elektrik-sistem-cokmesi-raporu-yayinladi","status":"publish","type":"post","link":"https:\/\/www.enerjigazetesi.ist\/en\/31-mart-elektrik-sistem-cokmesi-raporu-yayinladi\/","title":{"rendered":"(Turkish) 31 Mart Elektrik Sistem \u00c7\u00f6kmesi Raporu Yay\u0131nlad\u0131&#8230;"},"content":{"rendered":"<p class=\"qtranxs-available-languages-message qtranxs-available-languages-message-en\">Sorry, this entry is only available in <a href=\"https:\/\/www.enerjigazetesi.ist\/tr\/wp-json\/wp\/v2\/posts\/45655\" class=\"qtranxs-available-language-link qtranxs-available-language-link-tr\" title=\"Turkish\">Turkish<\/a>. For the sake of viewer convenience, the content is shown below in the alternative language. You may click the link to switch the active language.<\/p><p><\/p>\n<p style=\"color: #0a0a0a;\"><strong>ENTSO-E T\u00fcrkiye Proje Grubu ve TE\u0130A\u015e taraf\u0131ndan ortakla\u015fa olarak haz\u0131rlanan 31 Mart Sistem \u00c7\u00f6kmesi Raporu yay\u0131nlad\u0131.<\/strong><span id=\"more-73871\"><\/span><\/p>\n<p style=\"color: #0a0a0a;\">Raporda \u00f6zet olarak a\u015fa\u011f\u0131daki ifadelere yer verildi:<\/p>\n<p style=\"color: #0a0a0a;\">\u201c2003 ve 2006 y\u0131llar\u0131nda Bat\u0131 Avrupa\u2019da meydana gelen b\u00fcy\u00fck elektrik kesintileri sonras\u0131nda, 31 Mart 2015 tarihinde meydana gelen elektrik kesintisi <img loading=\"lazy\" class=\"alignleft size-medium wp-image-45656\" src=\"https:\/\/www.enerjigazetesi.ist\/wp-content\/uploads\/2015\/10\/elektrik-hatt\u0131-237892397823798323-696x385-300x165.jpg\" alt=\"elektrik-hatt\u0131-237892397823798323-696x385\" width=\"300\" height=\"165\" srcset=\"https:\/\/www.enerjigazetesi.ist\/wp-content\/uploads\/2015\/10\/elektrik-hatt\u0131-237892397823798323-696x385-300x165.jpg 300w, https:\/\/www.enerjigazetesi.ist\/wp-content\/uploads\/2015\/10\/elektrik-hatt\u0131-237892397823798323-696x385-500x276.jpg 500w, https:\/\/www.enerjigazetesi.ist\/wp-content\/uploads\/2015\/10\/elektrik-hatt\u0131-237892397823798323-696x385-80x44.jpg 80w, https:\/\/www.enerjigazetesi.ist\/wp-content\/uploads\/2015\/10\/elektrik-hatt\u0131-237892397823798323-696x385.jpg 696w\" sizes=\"(max-width: 300px) 100vw, 300px\" \/>K\u0131ta Avrupas\u0131 sisteminde, son 15 y\u0131l\u0131n \u00fc\u00e7\u00fcnc\u00fc \u00f6nemli ar\u0131zas\u0131 olmu\u015ftur. \u00dc\u00e7 ar\u0131zan\u0131n t\u00fcm\u00fcnde de anormal frekans sapmalar\u0131na ba\u011fl\u0131 olarak y\u00fcksek koridor y\u00fcklenmeleri, d\u00fc\u015f\u00fck frekansl\u0131 y\u00fck atmalar\u0131 ve uygun olmayan elektrik santrali davran\u0131\u015f\u0131 gibi benzer nitelikler bulunmaktad\u0131r. Ancak, T\u00fcrkiye \u2013 ENTSO-E K\u0131ta Avrupas\u0131 aray\u00fcz\u00fcnde al\u0131nm\u0131\u015f olan \u00f6nlemler sayesinde 31 Mart 2015 ar\u0131zas\u0131 esas olarak T\u00fcrkiye\u2019yi etkilemi\u015f ve di\u011fer enterkonnekte sistemlerin i\u015fletilmesi \u00fczerinde bir etkisi olmam\u0131\u015ft\u0131r. Kesinti T\u00fcrkiye\u2019nin kom\u015fular\u0131n\u0131 etkilememi\u015f ve sorun T\u00fcrkiye elektrik sistemi i\u00e7inde tutulmu\u015ftur. T\u00fcrkiye i\u00e7in bile, kritik altyap\u0131 te\u00e7hizat\u0131n\u0131n kendi acil durum g\u00fc\u00e7 kaynaklar\u0131na sahip olmas\u0131 ve elektrik sisteminin olduk\u00e7a k\u0131sa s\u00fcrede toparlanmas\u0131 nedeniyle, sistem \u00e7\u00f6kmesi ufak etkilere neden olmu\u015ftur. \u00d6rne\u011fin T\u00fcrkiye\u2019deki mobil ileti\u015fim \u00e7\u00f6kme s\u00fcresi boyunca etkin kalm\u0131\u015f ve hava trafi\u011fi de etkilenmemi\u015ftir.\u201d<\/p>\n<p style=\"color: #0a0a0a;\">ENTSO-E T\u00fcrkiye Proje Grubu ve TE\u0130A\u015e taraf\u0131ndan ortakla\u015fa olarak haz\u0131rlanan 31 Mart Sistem \u00c7\u00f6kmesi Raporunun\u00a0<a style=\"color: #1e73be;\" href=\"http:\/\/www.teias.gov.tr\/DUYURULAR\/20150810_Black_Out_Report_v10_Turkce.PDF\" target=\"_blank\" rel=\"nofollow\">Resmi olmayan T\u00fcrk\u00e7e \u00e7evirisinin tamam\u0131 i\u00e7in t\u0131klay\u0131n\u0131z.<\/a><\/p>\n<p style=\"color: #0a0a0a;\">ENTSO-E T\u00fcrkiye Proje Grubu ve TE\u0130A\u015e taraf\u0131ndan ortakla\u015fa olarak haz\u0131rlanan 31 Mart Sistem \u00c7\u00f6kmesi Raporunun orijinali i\u00e7in\u00a0<a style=\"color: #1e73be;\" href=\"https:\/\/www.entsoe.eu\/Documents\/SOC%20documents\/Regional_Groups_Continental_Europe\/20150921_Black_Out_Report_v10_w.pdf\" target=\"_blank\">t\u0131klay\u0131n\u0131z<\/a>.<\/p>\n<p><\/p>","protected":false},"excerpt":{"rendered":"<p>Sorry, this entry is only available in Turkish. For the sake of viewer convenience, the content is shown below in the alternative language. You may click the link to switch the active language. ENTSO-E T\u00fcrkiye Proje Grubu ve TE\u0130A\u015e taraf\u0131ndan ortakla\u015fa olarak haz\u0131rlanan 31 Mart Sistem \u00c7\u00f6kmesi Raporu yay\u0131nlad\u0131. Raporda \u00f6zet olarak a\u015fa\u011f\u0131daki ifadelere yer [&hellip;]<\/p>\n","protected":false},"author":1,"featured_media":45656,"comment_status":"open","ping_status":"open","sticky":false,"template":"","format":"standard","meta":[],"categories":[51,53],"tags":[13873,26450,140,26451,4201,26452,5110,1582],"views":2282,"_links":{"self":[{"href":"https:\/\/www.enerjigazetesi.ist\/en\/wp-json\/wp\/v2\/posts\/45655"}],"collection":[{"href":"https:\/\/www.enerjigazetesi.ist\/en\/wp-json\/wp\/v2\/posts"}],"about":[{"href":"https:\/\/www.enerjigazetesi.ist\/en\/wp-json\/wp\/v2\/types\/post"}],"author":[{"embeddable":true,"href":"https:\/\/www.enerjigazetesi.ist\/en\/wp-json\/wp\/v2\/users\/1"}],"replies":[{"embeddable":true,"href":"https:\/\/www.enerjigazetesi.ist\/en\/wp-json\/wp\/v2\/comments?post=45655"}],"version-history":[{"count":2,"href":"https:\/\/www.enerjigazetesi.ist\/en\/wp-json\/wp\/v2\/posts\/45655\/revisions"}],"predecessor-version":[{"id":45669,"href":"https:\/\/www.enerjigazetesi.ist\/en\/wp-json\/wp\/v2\/posts\/45655\/revisions\/45669"}],"wp:featuredmedia":[{"embeddable":true,"href":"https:\/\/www.enerjigazetesi.ist\/en\/wp-json\/wp\/v2\/media\/45656"}],"wp:attachment":[{"href":"https:\/\/www.enerjigazetesi.ist\/en\/wp-json\/wp\/v2\/media?parent=45655"}],"wp:term":[{"taxonomy":"category","embeddable":true,"href":"https:\/\/www.enerjigazetesi.ist\/en\/wp-json\/wp\/v2\/categories?post=45655"},{"taxonomy":"post_tag","embeddable":true,"href":"https:\/\/www.enerjigazetesi.ist\/en\/wp-json\/wp\/v2\/tags?post=45655"}],"curies":[{"name":"wp","href":"https:\/\/api.w.org\/{rel}","templated":true}]}}