{"id":45614,"date":"2015-10-20T09:39:33","date_gmt":"2015-10-20T06:39:33","guid":{"rendered":"https:\/\/www.enerjigazetesi.ist\/?p=45614"},"modified":"2015-10-20T10:29:36","modified_gmt":"2015-10-20T07:29:36","slug":"kis-yaklasirken-kendi-seranizi-bu-kolay-tarif-ile-insa-edin","status":"publish","type":"post","link":"https:\/\/www.enerjigazetesi.ist\/en\/kis-yaklasirken-kendi-seranizi-bu-kolay-tarif-ile-insa-edin\/","title":{"rendered":"(Turkish) K\u0131\u015f Yakla\u015f\u0131rken Kendi Seran\u0131z\u0131 Bu Kolay Tarif \u0130le \u0130n\u015fa Edin&#8230;"},"content":{"rendered":"<p class=\"qtranxs-available-languages-message qtranxs-available-languages-message-en\">Sorry, this entry is only available in <a href=\"https:\/\/www.enerjigazetesi.ist\/tr\/wp-json\/wp\/v2\/posts\/45614\" class=\"qtranxs-available-language-link qtranxs-available-language-link-tr\" title=\"Turkish\">Turkish<\/a>. For the sake of viewer convenience, the content is shown below in the alternative language. You may click the link to switch the active language.<\/p><p><strong><span style=\"color: #000000;\"><a href=\"https:\/\/www.enerjigazetesi.ist\/wp-content\/uploads\/2015\/10\/Sera-23-310x205.jpg\"><img loading=\"lazy\" class=\"alignleft size-medium wp-image-45615\" src=\"https:\/\/www.enerjigazetesi.ist\/wp-content\/uploads\/2015\/10\/Sera-23-310x205-300x198.jpg\" alt=\"Sera-23-310x205\" width=\"300\" height=\"198\" srcset=\"https:\/\/www.enerjigazetesi.ist\/wp-content\/uploads\/2015\/10\/Sera-23-310x205-300x198.jpg 300w, https:\/\/www.enerjigazetesi.ist\/wp-content\/uploads\/2015\/10\/Sera-23-310x205-75x50.jpg 75w, https:\/\/www.enerjigazetesi.ist\/wp-content\/uploads\/2015\/10\/Sera-23-310x205.jpg 310w\" sizes=\"(max-width: 300px) 100vw, 300px\" \/><\/a>K\u0131\u015f d\u00f6nemi, sera in\u015fa etmek i\u00e7in m\u00fckemmel bir zaman. Sera \u00fcr\u00fcnleri d\u0131\u015far\u0131da \u00e7ok pahal\u0131 olabiliyorken\u00a0kendi in\u015fa etti\u011fimiz seraevinde b\u00fcy\u00fctt\u00fc\u011f\u00fcm\u00fcz sebzeler, bizim i\u00e7in hem daha sa\u011fl\u0131kl\u0131 hem de daha ucuz olacakt\u0131r.<\/span><\/strong><\/p>\n<p>Bu in\u015falara\u00a0\u201choop house\u201c\u00a0(Sera evi) deniyor.\u00a0Luke Richman-Zonka, Bellingham\u2019da Fairhaven \u00dcniversite\u2019nde insan ekosistem y\u00f6netimi b\u00f6l\u00fcm\u00fcnde \u00f6\u011frenci. Ayn\u0131 zamanda, ba\u015flang\u0131\u00e7 d\u00fczeyinde basit bir sera evi in\u015fa etmi\u015f. Richman-Zonka, iyi drenajl\u0131 ve g\u00fcne\u015ften \u0131s\u0131y\u0131 en \u00fcst seviyede elde edebilmek i\u00e7in g\u00fcneye kar\u015f\u0131 bir alanda sera evinin in\u015fa edilmesini \u00f6neriyor.<br \/>\n<strong>Malzemeler:<\/strong><\/p>\n<p>&#8211; 9 kaz\u0131k (K\u0131sa betonarme demirlerinden bambuya kadar her malzeme olabilir)<br \/>\n&#8211; 5 adet 3 metre uzunlu\u011funda, 2,5 cm kal\u0131nl\u0131\u011f\u0131nda PVC boru (E\u011fer daha geni\u015f sera evi\u00a0in\u015fa ediyorsan\u0131z daha kal\u0131n borular kullan\u0131n)<br \/>\n&#8211; Halat<br \/>\n&#8211; En az 4,5 metreye 9 metre boyutunda branda naylonu<br \/>\n&#8211; Torba k\u0131skac\u0131 veya tel<br \/>\n<a style=\"color: #444444;\" href=\"https:\/\/gaiadergi.com\/wp-content\/uploads\/2015\/02\/Sera-3.jpg\"><img loading=\"lazy\" class=\"aligncenter  wp-image-29079 tie-appear\" src=\"https:\/\/gaiadergi.com\/wp-content\/uploads\/2015\/02\/Sera-3.jpg\" alt=\"Symmetric melon rows plant in greenhouse\" width=\"532\" height=\"328\" \/><\/a><\/p>\n<h3>Talimatlar:<\/h3>\n<p>1.\u00a0D\u00f6rt tane bir tarafta, d\u00f6rt tane kar\u015f\u0131 tarafta olacak \u015fekilde, aralar\u0131na 1 metre ara koyarak kaz\u0131klar\u0131 topra\u011fa \u00e7ak\u0131n.<br \/>\n2. PVC borular\u0131n\u0131n u\u00e7lar\u0131n\u0131 bir taraftaki kaz\u0131klara sokarak sabitleyin, daha sonra bo\u015fta kalan u\u00e7lar\u0131n\u0131 da kar\u015f\u0131 taraftaki kaz\u0131klara ge\u00e7irip sabitleyin. B\u00f6ylece g\u00fczel bir yay \u015feklini alm\u0131\u015f olacaklar.<br \/>\n3.\u00a0Bir kaz\u0131k yard\u0131m\u0131yla halat\u0131n bir ucunu yere \u00e7ak\u0131p sabitleyin ve gergin bir bi\u00e7imde getirip, ilk yay\u0131n tepe noktas\u0131n\u0131 sar\u0131p ba\u011flay\u0131n. Ba\u011flad\u0131ktan sonra kesmeyin, ayn\u0131 gerginlikle, her yay\u0131n tepe noktas\u0131na i\u015flemi uygulay\u0131n.<br \/>\n4. B\u00fct\u00fcn yaylar\u0131n tepe noktalar\u0131n\u0131 halat ile sabitledikten sonra, ipin di\u011fer ucunu da gergin bir bi\u00e7imde topra\u011fa sabitleyin.<br \/>\n5.\u00a0Plastik branday\u0131 yapm\u0131\u015f oldu\u011funuz iskeletin \u00fczerine \u00f6rt\u00fcn ve tel veya po\u015fet k\u0131skac\u0131 ile iyice sabitleyin. Gergin olmas\u0131na dikkat edin ama plasti\u011fi de y\u0131rtmamaya \u00f6zen g\u00f6sterin.<br \/>\n6.\u00a0Her taraf\u0131n\u0131 plastikle kaplad\u0131\u011f\u0131n\u0131z seraya bir kap\u0131 yapman\u0131z gerekecek. Seran\u0131n do\u011fuya bakan k\u0131sm\u0131ndaki plasti\u011fi yukar\u0131 do\u011fru k\u0131v\u0131rarak a\u00e7abilece\u011finiz \u015fekilde kesin ve PVC\u2019nin artan k\u0131sm\u0131n\u0131, bunun alt k\u0131sm\u0131na sabitleyin. B\u00f6ylece kap\u0131y\u0131 PVC\u2019nin etraf\u0131na sararak yukar\u0131ya kadar a\u00e7abilir ve tutturabilirsiniz, \u00e7\u0131karken de tekrar a\u00e7\u0131p yere sabitleyebilirsiniz. Seran\u0131n giri\u015fini Do\u011fu taraf\u0131na a\u00e7man\u0131z \u00f6nerilir.<br \/>\n7.\u00a0Di\u011fer taraflar\u0131n da r\u00fczgarda a\u00e7\u0131lmas\u0131n\u0131 engellemek i\u00e7in, plastik brandan\u0131n u\u00e7lar\u0131na a\u011f\u0131rl\u0131k tutturabilirsiniz veya PVC borunun etraf\u0131na sararak kanca gibi bir \u015fey ile yere \u00e7akabilirsiniz, PVC kancan\u0131n u\u00e7lar\u0131 y\u0131rtmamas\u0131 i\u00e7in tutu\u015f alan\u0131 yaratacakt\u0131r.<\/p>\n<p><span style=\"color: #000000;\"><strong>\u00d6rnek video:<\/strong><\/span><\/p>\n<div class=\"fluid-width-video-wrapper\"><iframe loading=\"lazy\" id=\"fitvid446309\" src=\"https:\/\/www.youtube.com\/embed\/qnOXvAE8_c8\" width=\"300\" height=\"150\" frameborder=\"0\" allowfullscreen=\"allowfullscreen\"><\/iframe><\/div>\n<p><span style=\"color: #000000;\"><strong>Kaynak:<\/strong><span style=\"color: #008000;\">\u00a0Sierra Club<\/span><\/span><\/p>","protected":false},"excerpt":{"rendered":"<p>Sorry, this entry is only available in Turkish. For the sake of viewer convenience, the content is shown below in the alternative language. You may click the link to switch the active language.K\u0131\u015f d\u00f6nemi, sera in\u015fa etmek i\u00e7in m\u00fckemmel bir zaman. Sera \u00fcr\u00fcnleri d\u0131\u015far\u0131da \u00e7ok pahal\u0131 olabiliyorken\u00a0kendi in\u015fa etti\u011fimiz seraevinde b\u00fcy\u00fctt\u00fc\u011f\u00fcm\u00fcz sebzeler, bizim i\u00e7in hem [&hellip;]<\/p>\n","protected":false},"author":1,"featured_media":45615,"comment_status":"open","ping_status":"open","sticky":false,"template":"","format":"standard","meta":[],"categories":[53],"tags":[26425,24884,26426,26427,26428,5295,26429,26118],"views":1577,"_links":{"self":[{"href":"https:\/\/www.enerjigazetesi.ist\/en\/wp-json\/wp\/v2\/posts\/45614"}],"collection":[{"href":"https:\/\/www.enerjigazetesi.ist\/en\/wp-json\/wp\/v2\/posts"}],"about":[{"href":"https:\/\/www.enerjigazetesi.ist\/en\/wp-json\/wp\/v2\/types\/post"}],"author":[{"embeddable":true,"href":"https:\/\/www.enerjigazetesi.ist\/en\/wp-json\/wp\/v2\/users\/1"}],"replies":[{"embeddable":true,"href":"https:\/\/www.enerjigazetesi.ist\/en\/wp-json\/wp\/v2\/comments?post=45614"}],"version-history":[{"count":4,"href":"https:\/\/www.enerjigazetesi.ist\/en\/wp-json\/wp\/v2\/posts\/45614\/revisions"}],"predecessor-version":[{"id":45629,"href":"https:\/\/www.enerjigazetesi.ist\/en\/wp-json\/wp\/v2\/posts\/45614\/revisions\/45629"}],"wp:featuredmedia":[{"embeddable":true,"href":"https:\/\/www.enerjigazetesi.ist\/en\/wp-json\/wp\/v2\/media\/45615"}],"wp:attachment":[{"href":"https:\/\/www.enerjigazetesi.ist\/en\/wp-json\/wp\/v2\/media?parent=45614"}],"wp:term":[{"taxonomy":"category","embeddable":true,"href":"https:\/\/www.enerjigazetesi.ist\/en\/wp-json\/wp\/v2\/categories?post=45614"},{"taxonomy":"post_tag","embeddable":true,"href":"https:\/\/www.enerjigazetesi.ist\/en\/wp-json\/wp\/v2\/tags?post=45614"}],"curies":[{"name":"wp","href":"https:\/\/api.w.org\/{rel}","templated":true}]}}