{"id":4558,"date":"2012-12-20T10:11:12","date_gmt":"2012-12-20T07:11:12","guid":{"rendered":"https:\/\/www.enerjigazetesi.ist\/?p=4558"},"modified":"2012-12-20T10:13:52","modified_gmt":"2012-12-20T07:13:52","slug":"beypazarinda-tarlalar-gunes-enerjisi-ile-sulaniyor","status":"publish","type":"post","link":"https:\/\/www.enerjigazetesi.ist\/en\/beypazarinda-tarlalar-gunes-enerjisi-ile-sulaniyor\/","title":{"rendered":"(Turkish) Beypazar\u0131&#8217;nda Tarlalar G\u00fcne\u015f Enerjisi ile Sulan\u0131yor"},"content":{"rendered":"<p class=\"qtranxs-available-languages-message qtranxs-available-languages-message-en\">Sorry, this entry is only available in <a href=\"https:\/\/www.enerjigazetesi.ist\/tr\/wp-json\/wp\/v2\/posts\/4558\" class=\"qtranxs-available-language-link qtranxs-available-language-link-tr\" title=\"Turkish\">Turkish<\/a>. For the sake of viewer convenience, the content is shown below in the alternative language. You may click the link to switch the active language.<\/p><p><strong>Yenilenebilir enerji kaynaklar\u0131, \u00e7ift\u00e7inin umudu oluyor. Kurulan g\u00fcne\u015f enerjisi tesisleri ile hem tarlalar sulanabiliyor hem de \u00e7ift\u00e7inin \u00fczerinden elektrik y\u00fck\u00fcn\u00fc al\u0131yor. Bu ama\u00e7la bir \u00e7ift\u00e7i taraf\u0131ndan T\u00fcrkiye&#8217;nin ilk \u015febeke ba\u011flant\u0131l\u0131 g\u00fcne\u015f enerji santrali Ankara&#8217;n\u0131n Beypazar\u0131 il\u00e7esinde Kayab\u00fck\u00fc k\u00f6y\u00fcnde kuruldu.<\/strong><br \/>\nAnkara&#8217;n\u0131n Beypazar\u0131 il\u00e7esinde kurulan g\u00fcne\u015f enerji sistemi Tar\u0131m G\u0131da ve Hayvanc\u0131l\u0131k Bakanl\u0131\u011f\u0131&#8217;n\u0131n deste\u011fiyle hayata ge\u00e7irildi. Sistem ile<img loading=\"lazy\" class=\"alignright size-full wp-image-4560\" title=\"beypazari-nda-tarlalar-gunes-enerjisi-ile-4178994_300\" src=\"https:\/\/www.enerjigazetesi.ist\/wp-content\/uploads\/2012\/12\/beypazari-nda-tarlalar-gunes-enerjisi-ile-4178994_3001.jpg\" alt=\"\" width=\"300\" height=\"225\" srcset=\"https:\/\/www.enerjigazetesi.ist\/wp-content\/uploads\/2012\/12\/beypazari-nda-tarlalar-gunes-enerjisi-ile-4178994_3001.jpg 300w, https:\/\/www.enerjigazetesi.ist\/wp-content\/uploads\/2012\/12\/beypazari-nda-tarlalar-gunes-enerjisi-ile-4178994_3001-66x50.jpg 66w\" sizes=\"(max-width: 300px) 100vw, 300px\" \/> tarlan\u0131n sulanmad\u0131\u011f\u0131 zamanlarda \u015febekeye elektrik verilip, g\u00fcne\u015f enerjisi ile elektrik \u00fcretilmedi\u011fi zamanlarda \u015febekeden elektrik kullan\u0131labiliyor. Bu \u015fekildeki \u00fcretim ile elektrik da\u011f\u0131t\u0131m \u015firketiyle mahsupla\u015fma usul\u00fc \u00fccretlendirme yap\u0131l\u0131yor.<br \/>\nG\u0131da Tar\u0131m ve Hayvanc\u0131l\u0131k Bakanl\u0131\u011f\u0131 \u0130l\u00e7e M\u00fcd\u00fcr\u00fc Beytullah Ertan, yap\u0131lan projenin \u015febeke ba\u011flant\u0131s\u0131 ile bir ilk oldu\u011funun alt\u0131n\u0131 \u00e7izip, &#8220;Proje G\u0131da Tar\u0131m ve Hayvanc\u0131l\u0131k Bakanl\u0131\u011f\u0131 destekleriyle yap\u0131ld\u0131. Bu gibi \u00f6rnekler \u00e7ift\u00e7ilerimiz i\u00e7in \u00f6nemli. Bakanl\u0131\u011f\u0131m\u0131z\u0131n verdi\u011fi bu desteklerden vatanda\u015flar\u0131m\u0131z\u0131n, \u00e7ift\u00e7ilerimizin daha fazla yararlanmas\u0131n\u0131 bekliyoruz.&#8221; \u015feklinde konu\u015ftu.<br \/>\nProjeyi uygulayan \u00e7ift\u00e7i Mesut Demirarslan ise tar\u0131msal sulamada t\u00fckettikleri elektri\u011fi azaltabilmek i\u00e7in g\u00fcne\u015f enerjili elektrik \u00fcretim sistemine m\u00fcracaat ettiklerini belirtti. Demirarslan verilen tar\u0131msal destekleme ile bu sistemi kurdu\u011funu vurgulayarak, &#8220;T\u00fcrkiye&#8217;de ilk olan \u015febeke ba\u011flant\u0131l\u0131 bu sistemle mahsupla\u015fma ile \u015fu anda devletten elektrik vererek alacakl\u0131 duruma ge\u00e7iyoruz. Kulland\u0131\u011f\u0131m\u0131z g\u00fcnlerde tabi bunu mahsupla\u015farak dengeleyece\u011fiz. \u0130n\u015fallah ba\u015far\u0131l\u0131 oluruz.&#8221; dedi.<br \/>\n\u00c7ift\u00e7i Mesut Demirarslan tarla sulamas\u0131nda kulland\u0131\u011f\u0131 elektrik t\u00fcketimi fazla olmas\u0131 sebebiyle g\u00fcne\u015f enerjisiyle elektrik \u00fcretimi sistemini kurdu\u011funu kaydetti.<br \/>\nElektrik m\u00fchendisi Sara\u00e7, &#8220;\u00dclkemiz g\u00fcne\u015f enerjisi y\u00f6n\u00fcyle at\u0131l bir durumda. G\u00fcne\u015flenme saati olarak yar\u0131m\u0131z olan <strong>Almanya&#8217;da bile 30.000 mw<\/strong> elektrik \u00fcretiliyor .\u00d6n\u00fcm\u00fczdeki y\u0131llarda \u00fclke olarak elektrik enerji ihtiyac\u0131m\u0131z ciddi miktarda artacak. Bu nedenle yenilenebilir enerjilerin \u00f6nemi daha da art\u0131yor.&#8221; diye konu\u015ftu.<\/p>\n<p>Kaynak: <a href=\"http:\/\/www.sondakika.com\/haber\/haber-beypazari-nda-tarlalar-gunes-enerjisi-ile-4178994\/\" target=\"_blank\">Son Dakika<\/a><\/p>","protected":false},"excerpt":{"rendered":"<p>Sorry, this entry is only available in Turkish. For the sake of viewer convenience, the content is shown below in the alternative language. You may click the link to switch the active language.Yenilenebilir enerji kaynaklar\u0131, \u00e7ift\u00e7inin umudu oluyor. Kurulan g\u00fcne\u015f enerjisi tesisleri ile hem tarlalar sulanabiliyor hem de \u00e7ift\u00e7inin \u00fczerinden elektrik y\u00fck\u00fcn\u00fc al\u0131yor. Bu ama\u00e7la [&hellip;]<\/p>\n","protected":false},"author":1,"featured_media":4560,"comment_status":"open","ping_status":"open","sticky":false,"template":"","format":"standard","meta":[],"categories":[53,49],"tags":[1478,1475,1476,502,13,1477],"views":992,"_links":{"self":[{"href":"https:\/\/www.enerjigazetesi.ist\/en\/wp-json\/wp\/v2\/posts\/4558"}],"collection":[{"href":"https:\/\/www.enerjigazetesi.ist\/en\/wp-json\/wp\/v2\/posts"}],"about":[{"href":"https:\/\/www.enerjigazetesi.ist\/en\/wp-json\/wp\/v2\/types\/post"}],"author":[{"embeddable":true,"href":"https:\/\/www.enerjigazetesi.ist\/en\/wp-json\/wp\/v2\/users\/1"}],"replies":[{"embeddable":true,"href":"https:\/\/www.enerjigazetesi.ist\/en\/wp-json\/wp\/v2\/comments?post=4558"}],"version-history":[{"count":3,"href":"https:\/\/www.enerjigazetesi.ist\/en\/wp-json\/wp\/v2\/posts\/4558\/revisions"}],"predecessor-version":[{"id":4562,"href":"https:\/\/www.enerjigazetesi.ist\/en\/wp-json\/wp\/v2\/posts\/4558\/revisions\/4562"}],"wp:featuredmedia":[{"embeddable":true,"href":"https:\/\/www.enerjigazetesi.ist\/en\/wp-json\/wp\/v2\/media\/4560"}],"wp:attachment":[{"href":"https:\/\/www.enerjigazetesi.ist\/en\/wp-json\/wp\/v2\/media?parent=4558"}],"wp:term":[{"taxonomy":"category","embeddable":true,"href":"https:\/\/www.enerjigazetesi.ist\/en\/wp-json\/wp\/v2\/categories?post=4558"},{"taxonomy":"post_tag","embeddable":true,"href":"https:\/\/www.enerjigazetesi.ist\/en\/wp-json\/wp\/v2\/tags?post=4558"}],"curies":[{"name":"wp","href":"https:\/\/api.w.org\/{rel}","templated":true}]}}