{"id":45544,"date":"2015-10-19T09:16:35","date_gmt":"2015-10-19T06:16:35","guid":{"rendered":"https:\/\/www.enerjigazetesi.ist\/?p=45544"},"modified":"2015-10-19T09:16:35","modified_gmt":"2015-10-19T06:16:35","slug":"yorum-elektrik-faturasindaki-psh-bedelinin-hukuka-aykiriligi","status":"publish","type":"post","link":"https:\/\/www.enerjigazetesi.ist\/en\/yorum-elektrik-faturasindaki-psh-bedelinin-hukuka-aykiriligi\/","title":{"rendered":"(Turkish) Yorum: Elektrik Faturas\u0131ndaki PSH Bedelinin Hukuka Ayk\u0131r\u0131l\u0131\u011f\u0131&#8230;"},"content":{"rendered":"<p class=\"qtranxs-available-languages-message qtranxs-available-languages-message-en\">Sorry, this entry is only available in <a href=\"https:\/\/www.enerjigazetesi.ist\/tr\/wp-json\/wp\/v2\/posts\/45544\" class=\"qtranxs-available-language-link qtranxs-available-language-link-tr\" title=\"Turkish\">Turkish<\/a>. For the sake of viewer convenience, the content is shown below in the alternative language. You may click the link to switch the active language.<\/p><p><\/p>\n<p style=\"color: #0a0a0a;\"><strong><a href=\"https:\/\/www.enerjigazetesi.ist\/wp-content\/uploads\/2015\/10\/elektrik-faturas\u0131-23983-696x385.jpg\"><img loading=\"lazy\" class=\"alignleft size-medium wp-image-45545\" src=\"https:\/\/www.enerjigazetesi.ist\/wp-content\/uploads\/2015\/10\/elektrik-faturas\u0131-23983-696x385-300x165.jpg\" alt=\"elektrik-faturas\u0131-23983-696x385\" width=\"300\" height=\"165\" srcset=\"https:\/\/www.enerjigazetesi.ist\/wp-content\/uploads\/2015\/10\/elektrik-faturas\u0131-23983-696x385-300x165.jpg 300w, https:\/\/www.enerjigazetesi.ist\/wp-content\/uploads\/2015\/10\/elektrik-faturas\u0131-23983-696x385-500x276.jpg 500w, https:\/\/www.enerjigazetesi.ist\/wp-content\/uploads\/2015\/10\/elektrik-faturas\u0131-23983-696x385-80x44.jpg 80w, https:\/\/www.enerjigazetesi.ist\/wp-content\/uploads\/2015\/10\/elektrik-faturas\u0131-23983-696x385.jpg 696w\" sizes=\"(max-width: 300px) 100vw, 300px\" \/><\/a>T\u00fcrkiye elektrik piyasalar\u0131nda son y\u0131llarda \u00f6nemli yap\u0131sal de\u011fi\u015fiklikler meydana gelmi\u015ftir.<\/strong><\/p>\n<p style=\"color: #0a0a0a;\">Bu makaleyle, biz elektrik kullan\u0131c\u0131lar\u0131n\u0131n hayat\u0131nda vazge\u00e7ilmez bir unsur olan elektri\u011fin, faturas\u0131 \u00fczerinden al\u0131nan (PSH Bedeli) Perakende Sat\u0131\u015f Hizmet Bedeli inceleyece\u011fiz.<span id=\"more-73846\"><\/span>\u00a0Bu \u00e7er\u00e7evede, \u00f6nce PSH Bedeli kavram\u0131n\u0131n elektrik piyasas\u0131nda ne anlama geldi\u011fini size anlatmak istiyorum.<\/p>\n<p style=\"color: #0a0a0a;\"><strong style=\"font-weight: bold;\">G\u00f6revli perakende sat\u0131\u015f \u015firketlerinden elektrik sat\u0131n alan t\u00fcketicilerin faturalar\u0131nda yer alan \u201cperakende sat\u0131\u015f hizmet bedeli\u201d ve dayana\u011f\u0131 nedir? Bu bedel nas\u0131l hesaplanmaktad\u0131r?<\/strong><\/p>\n<p style=\"color: #0a0a0a;\">\u201cElektrik Piyasas\u0131 Kanunu\u2019nda\u00a0<strong style=\"font-weight: bold;\">Perakende Sat\u0131\u015f Hizmeti<\/strong>; perakende sat\u0131\u015f lisans\u0131na sahip \u015firketlerce, elektrik enerjisi ve\/veya kapasite sat\u0131m\u0131 d\u0131\u015f\u0131nda t\u00fcketicilere sa\u011flanan di\u011fer hizmetler olarak tan\u0131mlanm\u0131\u015ft\u0131r.<\/p>\n<p style=\"color: #0a0a0a;\">Perakende sat\u0131\u015f hizmeti kapsam\u0131, Elektrik Piyasas\u0131 Lisans Y\u00f6netmeli\u011finde, elektrik enerjisi ve\/veya kapasite sat\u0131m\u0131 d\u0131\u015f\u0131nda, t\u00fcketicilere sa\u011flanan,\u00a0<span style=\"text-decoration: underline;\">faturalama ve tahsilat gibi di\u011fer hizmetler<\/span>\u00a0olarak tan\u0131mlanm\u0131\u015ft\u0131r.<\/p>\n<p style=\"color: #0a0a0a;\">Perakende sat\u0131\u015f hizmeti gelir gereksinimi; s\u00f6z konusu faaliyete ili\u015fkin d\u00fczenlemeye esas net yat\u0131r\u0131m harcamas\u0131n\u0131n itfa tutar\u0131, faturalama ve tahsilat giderleri, tan\u0131t\u0131m ve pazarlama giderleri, m\u00fc\u015fteri hizmetlerine ili\u015fkin giderler, perakende sat\u0131\u015f ve hizmete ili\u015fkin di\u011fer i\u015fletme giderleri, d\u00fczenleme giderleri pay\u0131, faaliyet giderleri pay\u0131, ola\u011fan ve ola\u011fan d\u0131\u015f\u0131 giderler pay\u0131ndan faaliyet ile ilgili di\u011fer gelirler pay\u0131 ve ola\u011fand\u0131\u015f\u0131 gelirler pay\u0131n\u0131n d\u00fc\u015f\u00fclmesi suretiyle bulunan d\u00fczenlemeye esas net i\u015fletme gideri, ve amortisman itfa s\u00fcresi fark\u0131 vergi tutar\u0131ndan olu\u015fmaktad\u0131r.<\/p>\n<p style=\"color: #0a0a0a;\">Elektrik Piyasas\u0131 Tarifeler Y\u00f6netmeli\u011fin 21 inci maddesinde \u201cPerakende sat\u0131\u015f hizmeti fiyatlar\u0131, abone gruplar\u0131 ve\/veya gerilim seviyeleri baz\u0131nda ayr\u0131 ayr\u0131 olmak \u00fczere sabit ve\/veya de\u011fi\u015fken bir bedel olarak belirlenir.\u201d h\u00fckm\u00fc yer almaktad\u0131r.\u201d<\/p>\n<ul style=\"color: #0a0a0a;\">\n<li>Yukar\u0131daki a\u00e7\u0131klama EPDK sitesinden al\u0131nm\u0131\u015ft\u0131r.<\/li>\n<\/ul>\n<p style=\"color: #0a0a0a;\">Bu bilgiler do\u011frultusunda faturalarda yer alan Perakende Sat\u0131\u015f Hizmet Bedeli, faturaland\u0131rma, m\u00fc\u015fteri hizmetleri, perakende sat\u0131\u015f hizmetine ili\u015fkin yat\u0131r\u0131m giderleri ve perakende sat\u0131\u015f hizmetine ili\u015fkin di\u011fer giderlerden olu\u015fmaktad\u0131r. Perakende sat\u0131\u015f hizmeti bedeli, Perakende Elektrik Sat\u0131\u015f \u015eirketinden (eski Teda\u015f) ve baz\u0131 serbest t\u00fcketicilerden tahsil edilmektedir.<\/p>\n<p style=\"color: #0a0a0a;\">PSH Bedeli\u2019 nin t\u00fcketilen elektrik miktar\u0131 \u00fczerinden (endeks esasl\u0131 olarak) abonelerden tahsil edilmesi do\u011fru bir uygulama de\u011fildir. 2011 y\u0131l\u0131nda Perakende Hizmet Bedeli ikiye ayr\u0131ld\u0131. Birisi Perakende Hizmet Saya\u00e7 Okuma Bedeli; di\u011feri Perakende Hizmet Faturaland\u0131rma Bedeli oldu. Bu bedellerin birim fiyatlar\u0131 t\u00fcketimler \u00fczerinden tahsil edilmeye devam edildi. Daha sonra Perakende Hizmet Saya\u00e7 Okuma Bedeli i\u00e7in a\u00e7\u0131lan davadan sonra bu bedel ( 2012 Ocak itibar\u0131 ile ) art\u0131k t\u00fcketim \u00fczerinden de\u011fil de sabit bir bedel \u00fczerinden tahsil edilmeye ba\u015fland\u0131. Ancak faturaland\u0131rmaya ili\u015fkin Perakende Hizmet (PSH) Bedeli halen t\u00fcketilen elektrik miktar\u0131 \u00fczerinden tahsil edilmeye devam edilmektedir.<\/p>\n<p style=\"color: #0a0a0a;\">Faturalama ve tahsilat giderleri, tan\u0131t\u0131m ve pazarlama giderleri, m\u00fc\u015fteri hizmetlerine ili\u015fkin giderlerin kar\u015f\u0131l\u0131\u011f\u0131 olarak al\u0131nan Perakende Hizmet Bedeli her bir abone i\u00e7in ayn\u0131 i\u015flemdir.<\/p>\n<p style=\"color: #0a0a0a;\"><strong style=\"font-weight: bold;\">A Firmas\u0131<\/strong>\u00a0303.265 TL (\u00a0<strong style=\"font-weight: bold;\">1.000.000 kWh<\/strong>\u00a0)\u00a0 fatura \u00f6deyen bir OG Sanayi Abonesi\u00a0<strong style=\"font-weight: bold;\">7.233 TL<\/strong>\u00a0PSH Bedeli \u00f6derken<\/p>\n<p style=\"color: #0a0a0a;\"><strong style=\"font-weight: bold;\">B Firmas\u0131<\/strong>\u00a03.032.596 TL (\u00a0<strong style=\"font-weight: bold;\">10.000.000 kWh\u00a0<\/strong>) fatura \u00f6deyen bir abone\u00a0<strong style=\"font-weight: bold;\">72.330 TL<\/strong>\u00a0PSH Bedeli \u00f6der.<\/p>\n<p style=\"color: #0a0a0a;\">*2015 Ekim Sanayi OG tarifesine g\u00f6re hesaplanm\u0131\u015ft\u0131r.<\/p>\n<p style=\"color: #0a0a0a;\">Bu hizmet, t\u00fcketim artt\u0131k\u00e7a maliyeti artan bir tarife kalemi de\u011fildir. Dolay\u0131s\u0131 ile endeks esasl\u0131 bir tahakkuk olmas\u0131 kadar haks\u0131z bir uygulama olamaz. T\u00fcketim ne kadar artarsa arts\u0131n, maliyet sabittir. Ancak yukar\u0131daki \u00f6rnekte de g\u00f6rebilece\u011finiz \u00fczere t\u00fcketim artt\u0131\u011f\u0131nda PSH\u2019a \u00f6dedi\u011finiz bedelde artmaktad\u0131r. A ve B firmas\u0131 ayn\u0131 hizmeti al\u0131rken elektrik \u015firketlerine \u00f6dedikleri bedel\u00a0<strong style=\"font-weight: bold;\">A Firmas\u0131\u2019<\/strong>n\u0131n neredeyse on kat\u0131d\u0131r. Tahsil edilen bu bedelin ne kadar adil oldu\u011funun takdirini size b\u0131rak\u0131yorum.<\/p>\n<p style=\"color: #0a0a0a;\">Bir di\u011fer ilgin\u00e7 durum ise EPDK taraf\u0131ndan a\u00e7\u0131klanan tarifelerdedir. Bu tarifelerin en sa\u011f taraf\u0131nda \u201cSerbest T\u00fcketiciler i\u00e7in Enerji Hari\u00e7 Bedellerin Toplam\u0131\u201d diye bir b\u00f6l\u00fcm vard\u0131r. Bu b\u00f6l\u00fcmde serbest t\u00fcketicilerin \u00f6demesi gereken ( ba\u015fl\u0131\u011f\u0131n\u0131 okuyunca ben b\u00f6yle yorumlad\u0131m) \u0130letim, kk bedeli, da\u011f\u0131t\u0131m bedellerinin toplam\u0131 yazmaktad\u0131r. Bu bedellerin i\u00e7inde ise PSH Bedeli yoktur. O zaman hemen on puanl\u0131k uzmanl\u0131k sorusunu soruyorum.<\/p>\n<p style=\"color: #0a0a0a;\"><strong style=\"font-weight: bold;\">Serbest T\u00fcketiciler PSH Bedeli \u00d6der mi?<\/strong><\/p>\n<p style=\"color: #0a0a0a;\">Bal gibi de \u00f6d\u00fcyorlar i\u015fte! \u00c7\u00fcnk\u00fc neden bilinmez serbest t\u00fcketicilerin imzalad\u0131\u011f\u0131 elektrik s\u00f6zle\u015fmeleri enerji mevzuat\u0131na tabi de\u011fil\u2026 Bunu ben demiyorum, EPDK diyor. Bu tarz durumlarda EPDK\u2019ya \u015fik\u00e2yete gitti\u011finizde size \u201cikili anla\u015fmalar bizim yetki alan\u0131m\u0131za girmez\u201d diyerek topu taca at\u0131yorlar. Bir elektrik \u015firketi s\u00f6zle\u015fmesine yazmak kayd\u0131 ile sizden her t\u00fcrl\u00fc bedeli alabilir diyorlar. \u0130\u015fte tam da bu sebepten imza at\u0131lan s\u00f6zle\u015fmelerin \u00e7ok iyi okunmas\u0131 gerekiyor. Ancak ne yaz\u0131k ki sayfalarca olan bu s\u00f6zle\u015fmeler genelde okunmadan imzalan\u0131yor. Bazen okunmas\u0131na ra\u011fmen sekt\u00f6r terminolojisinden kaynakl\u0131 anla\u015f\u0131lamad\u0131\u011f\u0131ndan yine imzalan\u0131yor. Bu konuda t\u00fcketicinin piyasa uzman\u0131 kadar bilgi sahibi olmas\u0131 beklenemez. Dolay\u0131s\u0131 ile EPDK\u2019n\u0131n burada t\u00fcketiciyi korumas\u0131 gerekmektedir. Ancak \u00f6zel bir elektrik \u015firketinden elektrik al\u0131p serbest t\u00fcketici oldu\u011funuzda EPDK\u2019n\u0131n yetki alan\u0131ndan \u00e7\u0131k\u0131p tamamen T\u00fcrk yarg\u0131 sisteminin \u015fefkatli kollar\u0131na kal\u0131rs\u0131n\u0131z. Bana g\u00f6re serbest t\u00fcketicilerden PSH Bedeli al\u0131nmas\u0131 hatal\u0131 bir i\u015flemdir.<\/p>\n<p style=\"color: #0a0a0a;\"><strong style=\"font-weight: bold;\">Sonu\u00e7<\/strong><\/p>\n<p style=\"color: #0a0a0a;\">Serbest t\u00fcketici olsun ya da olmas\u0131n abonelerden endeks esasl\u0131 olarak PSH Bedeli al\u0131nmas\u0131 \u00e7ok b\u00fcy\u00fck bir hatad\u0131r. T\u00fcketim artt\u0131k\u00e7a size verilen hizmet artmamas\u0131na ra\u011fmen bunun i\u00e7in \u00f6dedi\u011finiz para artmaktad\u0131r. Abonelerin bu bedel ile alakal\u0131 mahkemelere giderek haklar\u0131n\u0131 talep etmesi gerekir. Vatanda\u015flar\u0131m\u0131zdan toplanan bu bedelin tarifeden kald\u0131r\u0131lmas\u0131 ve \u00f6n\u00fcm\u00fczdeki d\u00f6nemlerde tarife yap\u0131s\u0131 Elektrik Piyasas\u0131 Kanunu\u2019n da belirtildi\u011fi gibi taraflar aras\u0131nda ayr\u0131m g\u00f6zetmeksizin e\u015fit \u015fekilde olu\u015fturulmal\u0131d\u0131r. Benim d\u00fc\u015f\u00fcnceme g\u00f6re PSH Bedeli hakk\u0131nda a\u00e7\u0131lacak davalar mahkemeye durum iyice izah edilebildi\u011fi takdirde kesin kazan\u0131labilir. Ancak burada avukatlar\u0131n \u00e7ok dikkatli olmas\u0131 gerekiyor. Enerji sekt\u00f6r\u00fc internetten ara\u015ft\u0131rma yaparak ya da iki \u00fc\u00e7 ki\u015fiden ald\u0131\u011f\u0131n\u0131z bilgilerle size dava kazand\u0131rmaz. Bu konuda uzman ki\u015filerden destek almal\u0131s\u0131n\u0131z.<\/p>\n<p style=\"color: #0a0a0a;\"><em>B\u00fclent \u00c7ebin<\/em><br \/>\n<em>Enerji T\u00fcketicileri Derne\u011fi\u00a0Genel Ba\u015fkan\u0131<\/em><\/p>\n<p style=\"color: #0a0a0a;\">Kaynak: EnerjiEnstit\u00fcs\u00fc<\/p>\n<p><\/p>","protected":false},"excerpt":{"rendered":"<p>Sorry, this entry is only available in Turkish. For the sake of viewer convenience, the content is shown below in the alternative language. You may click the link to switch the active language. T\u00fcrkiye elektrik piyasalar\u0131nda son y\u0131llarda \u00f6nemli yap\u0131sal de\u011fi\u015fiklikler meydana gelmi\u015ftir. Bu makaleyle, biz elektrik kullan\u0131c\u0131lar\u0131n\u0131n hayat\u0131nda vazge\u00e7ilmez bir unsur olan elektri\u011fin, faturas\u0131 [&hellip;]<\/p>\n","protected":false},"author":1,"featured_media":45545,"comment_status":"open","ping_status":"open","sticky":false,"template":"","format":"standard","meta":[],"categories":[51,53],"tags":[1229,10136,26393,750,26394,26395,26396],"views":1076,"_links":{"self":[{"href":"https:\/\/www.enerjigazetesi.ist\/en\/wp-json\/wp\/v2\/posts\/45544"}],"collection":[{"href":"https:\/\/www.enerjigazetesi.ist\/en\/wp-json\/wp\/v2\/posts"}],"about":[{"href":"https:\/\/www.enerjigazetesi.ist\/en\/wp-json\/wp\/v2\/types\/post"}],"author":[{"embeddable":true,"href":"https:\/\/www.enerjigazetesi.ist\/en\/wp-json\/wp\/v2\/users\/1"}],"replies":[{"embeddable":true,"href":"https:\/\/www.enerjigazetesi.ist\/en\/wp-json\/wp\/v2\/comments?post=45544"}],"version-history":[{"count":1,"href":"https:\/\/www.enerjigazetesi.ist\/en\/wp-json\/wp\/v2\/posts\/45544\/revisions"}],"predecessor-version":[{"id":45546,"href":"https:\/\/www.enerjigazetesi.ist\/en\/wp-json\/wp\/v2\/posts\/45544\/revisions\/45546"}],"wp:featuredmedia":[{"embeddable":true,"href":"https:\/\/www.enerjigazetesi.ist\/en\/wp-json\/wp\/v2\/media\/45545"}],"wp:attachment":[{"href":"https:\/\/www.enerjigazetesi.ist\/en\/wp-json\/wp\/v2\/media?parent=45544"}],"wp:term":[{"taxonomy":"category","embeddable":true,"href":"https:\/\/www.enerjigazetesi.ist\/en\/wp-json\/wp\/v2\/categories?post=45544"},{"taxonomy":"post_tag","embeddable":true,"href":"https:\/\/www.enerjigazetesi.ist\/en\/wp-json\/wp\/v2\/tags?post=45544"}],"curies":[{"name":"wp","href":"https:\/\/api.w.org\/{rel}","templated":true}]}}