{"id":45542,"date":"2015-10-18T22:04:00","date_gmt":"2015-10-18T19:04:00","guid":{"rendered":"https:\/\/www.enerjigazetesi.ist\/?p=45542"},"modified":"2015-10-18T22:04:08","modified_gmt":"2015-10-18T19:04:08","slug":"is-dunyasi-yesil-is-2015-surdurulebilir-is-zirvesindeydi","status":"publish","type":"post","link":"https:\/\/www.enerjigazetesi.ist\/en\/is-dunyasi-yesil-is-2015-surdurulebilir-is-zirvesindeydi\/","title":{"rendered":"(Turkish) \u0130\u015f D\u00fcnyas\u0131, Ye\u015fil \u0130\u015f 2015: S\u00fcrd\u00fcr\u00fclebilir \u0130\u015f Zirvesi\u2019ndeydi!"},"content":{"rendered":"<p class=\"qtranxs-available-languages-message qtranxs-available-languages-message-en\">Sorry, this entry is only available in <a href=\"https:\/\/www.enerjigazetesi.ist\/tr\/wp-json\/wp\/v2\/posts\/45542\" class=\"qtranxs-available-language-link qtranxs-available-language-link-tr\" title=\"Turkish\">Turkish<\/a>. For the sake of viewer convenience, the content is shown below in the alternative language. You may click the link to switch the active language.<\/p><p><strong>T\u00fcrkiye\u2019nin en g\u00fc\u00e7l\u00fc s\u00fcrd\u00fcr\u00fclebilir i\u015f platformu olan Ye\u015fil \u0130\u015f, yedinci y\u0131l\u0131nda, 160\u2019tan fazla konu\u015fmac\u0131, 60 oturum, 9 kulvar ve 75 \u00e7\u00f6z\u00fcm orta\u011f\u0131 ile \u2018D<em>e\u011fi\u015fimin yeni paradigmalar\u0131\u2019<\/em>n\u0131n tart\u0131\u015f\u0131ld\u0131\u011f\u0131 \u2018S\u00fcrd\u00fcr\u00fclebilir \u0130\u015f Zirvesi\u2019ne d\u00f6n\u00fc\u015ft\u00fc.<\/strong><\/p>\n<p><strong>S\u00fcrd\u00fcr\u00fclebilir i\u015f liderlerini bir kez daha \u0130stanbul\u2019da bulu\u015fturan Ye\u015fil \u0130\u015f\u2019e, bu y\u0131l, Birle\u015fmi\u015f Milletler S\u00fcrd\u00fcr\u00fclebilir Kalk\u0131nma Hedefleri\u2019nin ilham verdi\u011fi ve bu do\u011frultuda y\u00fcr\u00fct\u00fclen \u00e7al\u0131\u015fmalar damgas\u0131n\u0131 vurdu.<\/strong><\/p>\n<p><strong>Huffington Post\u2019un Etki ve \u0130novasyon B\u00f6l\u00fcm\u00fc Ba\u015f Edit\u00f6r\u00fc Jo Confino\u2019nun bu y\u0131l da moderat\u00f6rl\u00fc\u011f\u00fcn\u00fc \u00fcstlendi\u011fi Ye\u015fil \u0130\u015f 2015: S\u00fcrd\u00fcr\u00fclebilir \u0130\u015f Zirvesi\u2019nde, Kurumsal S\u00fcrd\u00fcr\u00fclebilirlik ve Performans Kriterleri, \u015eeffaf Payda\u015f Diyaloglar\u0131, End\u00fcstri 4.0,\u00a0D\u00f6ng\u00fcsel Ekonomi, Kad\u0131n\u0131n G\u00fc\u00e7lendirilmesi ve\u00a0Dijital D\u00f6n\u00fc\u015f\u00fcm gibi s\u00fcrd\u00fcr\u00fclebilir i\u015f d\u00fcnyas\u0131n\u0131n \u00f6nemli konular\u0131 masaya yat\u0131r\u0131l\u0131yor.<\/strong><\/p>\n<p>S\u00fcrd\u00fcr\u00fclebilirlik Akademisi taraf\u0131ndan bu y\u0131l 7.\u2019si ger\u00e7ekle\u015ftirilen Ye\u015fil \u0130\u015f 2015: S\u00fcrd\u00fcr\u00fclebilir \u0130\u015f Zir<a href=\"https:\/\/www.enerjigazetesi.ist\/wp-content\/uploads\/2014\/10\/ye\u015fil-i\u015f-2014-2823323.jpeg\"><img loading=\"lazy\" class=\"alignright size-medium wp-image-32831\" src=\"https:\/\/www.enerjigazetesi.ist\/wp-content\/uploads\/2014\/10\/ye\u015fil-i\u015f-2014-2823323-300x199.jpeg\" alt=\"ye\u015fil-i\u015f-2014-2823323\" width=\"300\" height=\"199\" srcset=\"https:\/\/www.enerjigazetesi.ist\/wp-content\/uploads\/2014\/10\/ye\u015fil-i\u015f-2014-2823323-300x199.jpeg 300w, https:\/\/www.enerjigazetesi.ist\/wp-content\/uploads\/2014\/10\/ye\u015fil-i\u015f-2014-2823323-500x332.jpeg 500w, https:\/\/www.enerjigazetesi.ist\/wp-content\/uploads\/2014\/10\/ye\u015fil-i\u015f-2014-2823323-75x50.jpeg 75w, https:\/\/www.enerjigazetesi.ist\/wp-content\/uploads\/2014\/10\/ye\u015fil-i\u015f-2014-2823323.jpeg 870w\" sizes=\"(max-width: 300px) 100vw, 300px\" \/><\/a>vesi, Park Bosphorus Hotel \u0130stanbul\u2019da ba\u015flad\u0131. T\u00fcrkiye\u2019nin en g\u00fc\u00e7l\u00fc s\u00fcrd\u00fcr\u00fclebilir i\u015f platformu olan Ye\u015fil \u0130\u015f, s\u00fcrd\u00fcr\u00fclebilirlik\u00a0lideri Jo Confino\u2019nun moderat\u00f6rl\u00fc\u011f\u00fcnde i\u015f d\u00fcnyas\u0131nda de\u011fi\u015fimin yeni paradigmalar\u0131n\u0131 tart\u0131\u015fmaya a\u00e7t\u0131.<\/p>\n<p><strong>Ye\u015fil \u0130\u015f, 7. Y\u0131l\u0131nda T\u00fcrkiye\u2019nin en \u00f6nemli s\u00fcrd\u00fcr\u00fclebilirlik platformu oldu<\/strong><\/p>\n<p>S\u00fcrd\u00fcr\u00fclebilirlik Akademisi Ba\u015fkan\u0131 Murat Sungur Bursa, zirvenin a\u00e7\u0131l\u0131\u015f\u0131nda yapt\u0131\u011f\u0131 konu\u015fmada, Ye\u015fil \u0130\u015f\u2019in 7. y\u0131l\u0131nda S\u00fcrd\u00fcr\u00fclebilir \u0130\u015f Zirvesi\u2019ne d\u00f6n\u00fc\u015ft\u00fc\u011f\u00fcn\u00fc belirterek, \u201cDaha \u00f6nceki y\u0131llarda ger\u00e7ekle\u015ftirdi\u011fimiz konferanslar\u0131, 7. Zirveye haz\u0131rl\u0131k olarak nitelendiriyoruz. Ye\u015fil \u0130\u015f, onlarca \u00c7al\u0131\u015fma Grubu \u00fcyesi ve 50\u2019ye yak\u0131n Dan\u0131\u015fma Kurulu \u00fcyesinin aylar s\u00fcren \u00e7al\u0131\u015fmalar\u0131 sonucunda \u015fekilleniyor. Bu y\u0131l 160&#8217;tan fazla konu\u015fmac\u0131, 60 oturum, 9 kulvar ve 75 \u00e7\u00f6z\u00fcm orta\u011f\u0131 ile s\u00fcrd\u00fcr\u00fclebilirlik konusunun tart\u0131\u015f\u0131ld\u0131\u011f\u0131 \u00e7ok b\u00fcy\u00fck bir platform olarak yoluna \u2018S\u00fcrd\u00fcr\u00fclebilir \u0130\u015f Zirvesi\u2019 olarak devam ediyor\u201d dedi. Bursa, Zirve&#8217;nin Birle\u015fmi\u015f Milletler S\u00fcrd\u00fcr\u00fclebilir Kalk\u0131nma Hedefleriyle paralel de\u011ferleri benimsedi\u011fini ve bu kapsamda uyumlu \u00e7al\u0131\u015fmalar y\u00fcr\u00fct\u00fcld\u00fc\u011f\u00fcn\u00fc de vurgulayarak, \u201c1992 y\u0131l\u0131n\u0131 milat kabul edersek, yakla\u015f\u0131k 25 y\u0131ld\u0131r s\u00fcrd\u00fcr\u00fclebilirli\u011fin hayat\u0131n her evresinde nas\u0131l ger\u00e7ekle\u015ftirilmesi gerekti\u011fini tart\u0131\u015f\u0131yoruz. Buna ra\u011fmen i\u015f hayat\u0131nda s\u00fcrd\u00fcr\u00fclemez bir gidi\u015fat var. Bu gidi\u015fat\u0131 de\u011fi\u015ftirmek i\u00e7in bir araya gelerek, ortak bir platform olu\u015fturmak gerekiyordu. \u0130\u015fte S\u00fcrd\u00fcr\u00fclebilirlik Akademisi, bunun i\u00e7in t\u00fcm payda\u015flar\u0131 bir araya getiriyor. Burada edindi\u011fimiz tecr\u00fcbeleri kendi i\u015f hayat\u0131m\u0131za aktarmam\u0131z gerekiyor\u201d diye konu\u015ftu.<\/p>\n<p><strong>Confino: \u201c\u015eu an bir u\u00e7urumun kenar\u0131nday\u0131z, d\u00fc\u015f\u00fcnme \u015feklimizi de\u011fi\u015ftirmek zorunday\u0131z\u201d<\/strong><\/p>\n<p>Zirvenin bu y\u0131l da moderat\u00f6rl\u00fc\u011f\u00fcn\u00fc \u00fcstlenen Huffington Post\u2019un Etki ve \u0130novasyon B\u00f6l\u00fcm\u00fc Ba\u015f Edit\u00f6r\u00fc Jo Confino, Birle\u015fmi\u015f Milletler\u2019in belirledi\u011fi S\u00fcrd\u00fcr\u00fclebilir Kalk\u0131nma hedeflerinin s\u00fcrd\u00fcr\u00fclebilirlik politikalar\u0131na y\u00f6n verdi\u011fini belirterek, \u00fclkelerin gereken de\u011fi\u015fimin fark\u0131na vard\u0131\u011f\u0131n\u0131 s\u00f6yledi. Confino, \u201c\u015eu an bir u\u00e7urumun kenar\u0131nday\u0131z ve acilen d\u00fc\u015f\u00fcnme \u015feklimizi de\u011fi\u015ftirerek harekete ge\u00e7mek zorunday\u0131z. Umar\u0131m bunu ba\u015faraca\u011f\u0131z. Olay sadece e\u015fitlik veya e\u015fitsizlik de\u011fil, 800 milyon \u00e7ocuk her gece yata\u011fa a\u00e7 giriyor, bunu engellemek i\u00e7in her \u015feyden \u00f6nce &#8216;biz&#8217; olmal\u0131y\u0131z. \u015eirketlerin bir s\u00fcrd\u00fcr\u00fclebilirlik departman\u0131 kurup, kenara b\u0131rakmalar\u0131 \u00e7\u00f6z\u00fcm de\u011fil. ABD\u2019de b\u00fcy\u00fck \u015firketler bunun i\u00e7in hedef odakl\u0131 departmanlar kuruyor. Ortak ama\u00e7 insana dokunmak olmal\u0131. \u015eimdi harekete ge\u00e7enler, gelece\u011fin kazanan\u0131 olacak. Ancak payda\u015flar\u0131, m\u00fc\u015fterileriyle ili\u015fkilerini g\u00f6zden ge\u00e7irmeyenler 15 y\u0131l sonra kaybeden \u015firketler olacak. \u0130nsanl\u0131\u011f\u0131 s\u00fcrd\u00fcr\u00fclebilirlik i\u00e7in de\u011fi\u015ftirecek \u015fey, kalplerinde yat\u0131yor\u201d \u015feklinde konu\u015ftu.<\/p>\n<p><strong>Do\u00e7. Dr. Y\u0131lmaz: \u201c\u015eirketler i\u00e7in, B\u0130ST S\u00fcrd\u00fcr\u00fclebilirlik Endeksi\u2019ni hayata ge\u00e7irdik\u201d<\/strong><\/p>\n<p>Zirvede \u0130\u015f D\u00fcnyas\u0131 ve Yat\u0131r\u0131mlarda S\u00fcrd\u00fcr\u00fclebilirlik Anlay\u0131\u015f\u0131 ba\u015fl\u0131\u011f\u0131 alt\u0131nda bir konu\u015fma yapan Borsa \u0130stanbul Genel M\u00fcd\u00fcr Yard\u0131mc\u0131s\u0131 Do\u00e7. Dr. Mustafa Kemal Y\u0131lmaz da Borsa \u0130stanbul olarak, s\u00fcrd\u00fcr\u00fclebilirli\u011fi geli\u015ftirmek hedefiyle B\u0130ST\u2019de i\u015flem g\u00f6ren \u015firketler i\u00e7in B\u0130ST S\u00fcrd\u00fcr\u00fclebilirlik Endeksi\u2019ni hayata ge\u00e7irdiklerini aktard\u0131. Y\u0131lmaz, \u201cB\u00f6ylece \u015firketleri halka a\u00e7\u0131k s\u00fcrd\u00fcr\u00fclebilirlik verilerini yay\u0131nlamaya te\u015fvik ettik. \u015eirketlerin halka a\u00e7\u0131k bilgilerini yay\u0131nlamad\u0131klar\u0131 s\u00fcrece bu endekse girebilme \u015fanslar\u0131 yok. Bunun ard\u0131ndan daha fazla \u015firketin s\u00fcrd\u00fcr\u00fclebilirlik verilerini a\u00e7\u0131klamaya ba\u015flad\u0131\u011f\u0131n\u0131 g\u00f6rd\u00fck\u201d dedi.<\/p>\n<p>S\u00fcrd\u00fcr\u00fclebilirlik konusunda d\u00fcnyada g\u00f6n\u00fcll\u00fcl\u00fck esas\u0131na dayal\u0131 bir yakla\u015f\u0131m oldu\u011funu ancak bunun miad\u0131n\u0131 doldurdu\u011funu belirterek, \u201cArt\u0131k, zorunlu yakla\u015f\u0131mlar\u0131n\u0131n getirilmesi gerekti\u011fini g\u00f6r\u00fcyoruz. Avrupa Birli\u011fi ge\u00e7ti\u011fimiz y\u0131l bir direktif yay\u0131nlad\u0131. \u00c7al\u0131\u015fan say\u0131s\u0131 500&#8217;\u00fc ge\u00e7en b\u00fcy\u00fck \u015firketlerin hem \u00e7evresel hem sosyal hem de insan haklar\u0131na ili\u015fkin t\u00fcm bilgileri yay\u0131nlamas\u0131n\u0131 zorunlu k\u0131ld\u0131. Bu T\u00fcrkiye&#8217;deki \u015firketler a\u00e7\u0131s\u0131ndan da \u00e7ok \u00f6nemli. Uluslararas\u0131 arenada rekabet eden \u015firketlerimiz, AB&#8217;nin getirdi\u011fi bu zorunluluk \u00e7er\u00e7evesinde gerekli \u00f6nlemleri almazlarsa i\u015f yapt\u0131klar\u0131 sekt\u00f6rlerde s\u0131k\u0131nt\u0131 \u00e7ekebilirler\u201d \u015feklinde konu\u015ftu.<\/p>\n<p><strong>Tuncer: \u201cS\u00fcrd\u00fcr\u00fclebilir d\u00fcnya i\u00e7in d\u00f6ng\u00fcsel ekonomiye ge\u00e7i\u015f \u015fart!\u201d<\/strong><\/p>\n<p>Ye\u015fil \u0130\u015f 2015: S\u00fcrd\u00fcr\u00fclebilir \u0130\u015f Zirvesi\u2019ne Stratejik \u00c7\u00f6z\u00fcm Orta\u011f\u0131 olarak destek veren Schneider Electric\u2019in T\u00fcrkiye \u00dclke Ba\u015fkan\u0131 Bora Tuncer, yapt\u0131\u011f\u0131 a\u00e7\u0131l\u0131\u015f konu\u015fmas\u0131nda, s\u00fcrd\u00fcr\u00fclebilirli\u011fin tutarl\u0131 bir strateji haline gelebilmesi i\u00e7in d\u00f6ng\u00fcsel ekonomiye ge\u00e7i\u015fin zorunlu oldu\u011funu s\u00f6yledi. Tuncer, \u201cD\u00f6ng\u00fcsel ekonomi daha tasar\u0131m a\u015famas\u0131ndan ba\u015flayarak, kaynak t\u00fcketimini de\u011fil kaynak yenilenmesini, at\u0131klar\u0131n yeniden kaynak haline getirilmesini ama\u00e7l\u0131yor. \u0130\u015fte bu noktada \u015firketlere \u00e7ok \u00f6nemli roller d\u00fc\u015f\u00fcyor. \u00d6ncelikle enerjiyi verimli y\u00f6neten teknolojileri kullanmal\u0131 ve yenilenebilir enerji kaynaklar\u0131na y\u00f6nelmeliyiz. At\u0131ks\u0131z ekonomi, s\u0131f\u0131r karbon ekonomisi gibi hedefler art\u0131k i\u015f s\u00fcre\u00e7lerimizin aktif birer \u00f6\u011fesi olmal\u0131\u201d \u015feklinde konu\u015ftu.<\/p>\n<p>S\u00fcrd\u00fcr\u00fclebilirlik ekseninde kad\u0131nlara \u00f6zg\u00fc \u00fcst\u00fcnl\u00fcklerden yeterince yararlanmak i\u00e7in \u00e7al\u0131\u015fma ya\u015fam\u0131nda kad\u0131n\u0131n rol\u00fcn\u00fcn artmas\u0131 gerekti\u011fini vurgulayan Tuncer, \u015firketler aras\u0131nda i\u015fbirli\u011fi platformlar\u0131n\u0131n g\u00fc\u00e7lendirilmesi ve \u00e7e\u015fitlendirilmesi gerekti\u011fini dile getirdi.<\/p>\n<p><strong>Kavuncu: \u201cBASF, zorluklara yan\u0131t bulmak i\u00e7in inovasyon yap\u0131yor, payda\u015flar\u0131yla i\u015fbirli\u011fi olu\u015fturuyor\u201d<\/strong><\/p>\n<p>BASF T\u00fcrk Genel M\u00fcd\u00fcr\u00fc Bu\u011fra Kavuncu da gezegenin kar\u015f\u0131la\u015ft\u0131\u011f\u0131 sorunlar\u0131n Sanayi Devrimi\u2019nden bug\u00fcne uzanan 300 y\u0131ll\u0131k bir s\u00fcrecin sonucu oldu\u011funu hat\u0131rlatarak, \u201cBen gezegenin kaderini belirleyecek ad\u0131mlar\u0131 atmak i\u00e7in hen\u00fcz ge\u00e7 olmad\u0131\u011f\u0131na inan\u0131yorum. Sorunun \u00f6nemli kaynaklar\u0131ndan biri olan \u00f6zel sekt\u00f6r\u00fcn ayn\u0131 zamanda \u00e7\u00f6z\u00fcm\u00fcn de \u00f6nemli, belki de en \u00f6nemli par\u00e7alar\u0131ndan bir olaca\u011f\u0131n\u0131 d\u00fc\u015f\u00fcn\u00fcyorum. BASF olarak bu tarihsel ve g\u00fcncel sorumlulu\u011fu, son derece g\u00fc\u00e7l\u00fc bir bi\u00e7imde s\u0131rt\u0131m\u0131zda hissediyoruz. Tam da bu nedenle b\u00fct\u00fcn i\u015f yap\u0131\u015f bi\u00e7imimizi s\u00fcrd\u00fcr\u00fclebilirlik ilkelerine g\u00f6re yeniden d\u00fczenledik. Bug\u00fcn\u00fcn ve yar\u0131n\u0131n zorluklar\u0131na birlikte yan\u0131t bulmak i\u00e7in inovasyon yapmak, yeni fikirler ve \u00e7\u00f6z\u00fcmler \u00fcretmek \u00fczere b\u00fct\u00fcn payda\u015flar\u0131m\u0131zla i\u015fbirli\u011fi ve birlikte olu\u015fturma \u00e7abas\u0131 i\u00e7indeyiz\u201d diye konu\u015ftu.<\/p>\n<p><strong>Se\u00e7kin: \u201cS\u00fcrd\u00fcr\u00fclebilir Kalk\u0131nma Hedefleri, s\u00fcrd\u00fcr\u00fclebilirlik stratejimize \u0131\u015f\u0131k tutuyor\u201d <\/strong><\/p>\n<p>Unilever T\u00fcrkiye G\u0131da Pazarlamadan Sorumlu Ba\u015fkan Yard\u0131mc\u0131s\u0131 Mustafa Se\u00e7kin de \u201c2023&#8217;e Do\u011fru S\u00fcrd\u00fcr\u00fclebilirlik ve G\u0131da\u201d ba\u015fl\u0131kl\u0131 oturuma kat\u0131ld\u0131. D\u00fcnyan\u0131n tarihte bir d\u00f6n\u00fcm noktas\u0131nda oldu\u011funu belirten Se\u00e7kin, \u201cBM\u2019nin belirledi\u011fi hedefler ve etkin i\u015fbirlikleriyle 1990 y\u0131l\u0131ndan bu yana d\u00fcnyadaki a\u015f\u0131r\u0131 yoksulluk oran\u0131 %50&#8217;den fazla azalt\u0131ld\u0131. Halk sa\u011fl\u0131\u011f\u0131, e\u011fitim, e\u011fitimde cinsiyet e\u015fitli\u011fi ve daha bir\u00e7ok alanda kayda de\u011fer ilerlemeler kaydedildi. Bunlar ve ge\u00e7ti\u011fimiz ay a\u00e7\u0131klanan yeni S\u00fcrd\u00fcr\u00fclebilir Kalk\u0131nma Hedefleri, s\u00fcrd\u00fcr\u00fclebilirlik politikalar\u0131m\u0131z\u0131 belirlerken bize ilham vermeye devam ediyor\u201d \u015feklinde konu\u015ftu.<\/p>\n<p>Unilever&#8217;in t\u00fcm markalar\u0131yla neler yapabilece\u011fine odakland\u0131\u011f\u0131n\u0131 belirten Se\u00e7kin, Lipton markas\u0131yla 5 y\u0131l \u00f6nce ba\u015flad\u0131klar\u0131 sosyal, \u00e7evresel ve ekonomik temellere dayanan \u00e7al\u0131\u015fmalarla S\u00fcrd\u00fcr\u00fclebilir \u00c7ay Tar\u0131m\u0131n\u0131 desteklediklerini s\u00f6yledi. Lipton&#8217;un katk\u0131lar\u0131yla &#8216;Eksik Olma&#8217; isimli platformunu hayata ge\u00e7irdiklerini belirten Se\u00e7kin, &#8220;\u00dclkemizde ilk kez Cumhuriyet y\u0131llar\u0131nda ekilen \u00e7ay tohumlar\u0131n\u0131n ekonomik \u00f6mr\u00fc bitmek \u00fczere\u2026 T\u00fcrk \u00e7ay\u0131n\u0131n gelecek nesillere en verimli \u015fekilde aktar\u0131lmas\u0131 i\u00e7in s\u00fcrd\u00fcr\u00fclebilir tar\u0131m ile \u00fcretilmesi gerekiyor. Eksik Olma platformu ile T\u00fcrk \u00e7ay\u0131na hak etti\u011fi de\u011feri vermek ve ortak bir bilin\u00e7 yaratmay\u0131 hedefledik\u201d dedi.<\/p>\n<p><strong>S\u00fcrd\u00fcr\u00fclebilir b\u00fcy\u00fcmeye dair her \u015fey Ye\u015fil \u0130\u015f 2015: S\u00fcrd\u00fcr\u00fclebilir \u0130\u015f Zirvesi\u2019nde<\/strong><\/p>\n<p>\u0130stanbul\u2019da yar\u0131n da devam edecek Zirve\u2019de, Kurumsal S\u00fcrd\u00fcr\u00fclebilirlik Performans Kriterleri, D\u00f6ng\u00fcsel Ekonomi, \u0130novasyon, Teknoloji, Dijital D\u00f6n\u00fc\u015f\u00fcm, Enerji ve Enerji Y\u00f6netim Sistemleri, KOB\u0130\u2019lerde D\u00f6n\u00fc\u015f\u00fcm, S\u00fcrd\u00fcr\u00fclebilir \u00dcr\u00fcnler ve Gelece\u011fin Malzemeleri, S\u00fcrd\u00fcr\u00fclebilir Belediyeler, Ye\u015fil Tesisler, Hastaneler, Oteller ve Konutlar, Sosyal Etki, Karbon ve Su Y\u00f6netimi ana ba\u015fl\u0131klar\u0131ndaki konularla gerek ana kulvar oturumlar\u0131nda gerekse paralel kulvarlardaki interaktif oturumlarla ele al\u0131n\u0131yor. Zirve, 50\u2019ye yak\u0131n oturum, Bakanl\u0131klar uzmanlar\u0131, uluslararas\u0131 \u00fcst d\u00fczey kat\u0131l\u0131mc\u0131lar ve konunun liderlerinden olu\u015fan 100\u2019den fazla konu\u015fmac\u0131yla ger\u00e7ekle\u015fiyor.<\/p>\n<p><strong>S\u00fcrd\u00fcr\u00fclebilir G\u0131da Konferans\u0131 Zirve\u2019nin \u00e7at\u0131s\u0131 alt\u0131nda!<\/strong><\/p>\n<p>Bu y\u0131l ilk kez Ye\u015fil \u0130\u015f \u00e7at\u0131s\u0131 alt\u0131nda ger\u00e7ekle\u015fen <strong>S\u00fcrd\u00fcr\u00fclebilir G\u0131da Konferans\u0131 2015\u2019te; <\/strong>s\u00fcrd\u00fcr\u00fclebilir g\u0131da tedariki ve t\u00fcketimi i\u00e7in t\u00fcketici davran\u0131\u015flar\u0131ndan \u015feffaf tedarik zincirine, ambalajlamadan g\u0131da at\u0131\u011f\u0131na, \u00e7evresel etkilerden s\u00fcrd\u00fcr\u00fclebilir tar\u0131ma, s\u00fcrd\u00fcr\u00fclebilir perakende zincirlerinden ekosistemin korunmas\u0131na kadar pek \u00e7ok konu tart\u0131\u015f\u0131ld\u0131.<\/p>\n<p><strong>D\u00fcnyan\u0131n ve T\u00fcrkiye\u2019nin \u00f6nde gelen kurumlar\u0131 Ye\u015fil \u0130\u015f\u2019in yan\u0131nda\u2026<\/strong><\/p>\n<p><strong>T.C. Bilim, Sanayi ve Teknoloji Bakanl\u0131\u011f\u0131, T.C. \u00c7evre ve \u015eehircilik Bakanl\u0131\u011f\u0131, T.C. Enerji ve Tabii Kaynaklar Bakanl\u0131\u011f\u0131, T.C. Kalk\u0131nma Bakanl\u0131\u011f\u0131 <\/strong>i\u015f birli\u011finde ve<strong> Schneider Electric<\/strong>&#8216;in\u00a0stratejik \u00e7\u00f6z\u00fcm ortakl\u0131\u011f\u0131nda ger\u00e7ekle\u015fen <strong>Ye\u015fil \u0130\u015f 2015: S\u00fcrd\u00fcr\u00fclebilir \u0130\u015f Zirvesi<\/strong>&#8216;nin ana \u00e7\u00f6z\u00fcm ortakl\u0131\u011f\u0131n\u0131 <strong>BASF<\/strong>, ileti\u015fim \u00e7\u00f6z\u00fcm ortakl\u0131\u011f\u0131n\u0131 ise <strong>Vodafone T\u00fcrkiye <\/strong>\u00fcstleniyor. <strong>Siemens<\/strong> ve <strong>TAV<\/strong> ise Zirve\u2019nin di\u011fer \u00e7\u00f6z\u00fcm ortaklar\u0131 aras\u0131nda yer al\u0131yor. S\u00fcrd\u00fcr\u00fclebilir \u0130\u015f Zirvesi \u00e7at\u0131s\u0131 alt\u0131nda ilki ger\u00e7ekle\u015fecek <strong>S\u00fcrd\u00fcr\u00fclebilir G\u0131da Konferans\u0131<\/strong>\u2019n\u0131n stratejik \u00e7\u00f6z\u00fcm otakl\u0131\u011f\u0131 <strong>BASF <\/strong>taraf\u0131ndan \u00fcstlenirken,di\u011fer \u00e7\u00f6z\u00fcm ortaklar\u0131 aras\u0131nda <strong>Sunar Grup, S\u00fcta\u015f, Unilever <\/strong>ve<strong> \u00dclker <\/strong>yer al\u0131yor. Zirve, <strong>Borsa \u0130stanbul<\/strong>, <strong>\u0130SO, TKYD, \u0130MSAD, TUREB, AYD, SKD, TAYSAD <\/strong>\u00a0gibi T\u00fcrkiye&#8217;nin\u00a0\u00f6nemli kurum, dernek ve vak\u0131flar\u0131n\u0131n yan\u0131 s\u0131ra<strong>\u00a0IETA, CDP, UNDP<\/strong> gibi uluslararas\u0131 kurulu\u015flar\u0131n deste\u011fiyle ger\u00e7ekle\u015fiyor.<\/p>\n<p><strong>Ye\u015fil \u0130\u015f 2015: S\u00fcrd\u00fcr\u00fclebilir \u0130\u015f Zirvesi<\/strong> hakk\u0131nda kapsaml\u0131 bilgiye <a href=\"http:\/\/yesiliskonferansi.com\/2014\/tr\/\">http:\/\/yesiliskonferansi.com<\/a> internet sitesi \u00fczerinden eri\u015febilir, program detaylar\u0131n\u0131 takip edebilirsiniz.<\/p>\n<p>Yay\u0131nc\u0131: <a href=\"https:\/\/www.enerjigazetesi.ist\" target=\"_blank\">Enerji Gazetesi<\/a><\/p>","protected":false},"excerpt":{"rendered":"<p>Sorry, this entry is only available in Turkish. For the sake of viewer convenience, the content is shown below in the alternative language. You may click the link to switch the active language.T\u00fcrkiye\u2019nin en g\u00fc\u00e7l\u00fc s\u00fcrd\u00fcr\u00fclebilir i\u015f platformu olan Ye\u015fil \u0130\u015f, yedinci y\u0131l\u0131nda, 160\u2019tan fazla konu\u015fmac\u0131, 60 oturum, 9 kulvar ve 75 \u00e7\u00f6z\u00fcm orta\u011f\u0131 ile [&hellip;]<\/p>\n","protected":false},"author":1,"featured_media":32831,"comment_status":"open","ping_status":"open","sticky":false,"template":"","format":"standard","meta":[],"categories":[53],"tags":[63,67,1009,2698,165,26392,26308,25711,2766],"views":709,"_links":{"self":[{"href":"https:\/\/www.enerjigazetesi.ist\/en\/wp-json\/wp\/v2\/posts\/45542"}],"collection":[{"href":"https:\/\/www.enerjigazetesi.ist\/en\/wp-json\/wp\/v2\/posts"}],"about":[{"href":"https:\/\/www.enerjigazetesi.ist\/en\/wp-json\/wp\/v2\/types\/post"}],"author":[{"embeddable":true,"href":"https:\/\/www.enerjigazetesi.ist\/en\/wp-json\/wp\/v2\/users\/1"}],"replies":[{"embeddable":true,"href":"https:\/\/www.enerjigazetesi.ist\/en\/wp-json\/wp\/v2\/comments?post=45542"}],"version-history":[{"count":1,"href":"https:\/\/www.enerjigazetesi.ist\/en\/wp-json\/wp\/v2\/posts\/45542\/revisions"}],"predecessor-version":[{"id":45543,"href":"https:\/\/www.enerjigazetesi.ist\/en\/wp-json\/wp\/v2\/posts\/45542\/revisions\/45543"}],"wp:featuredmedia":[{"embeddable":true,"href":"https:\/\/www.enerjigazetesi.ist\/en\/wp-json\/wp\/v2\/media\/32831"}],"wp:attachment":[{"href":"https:\/\/www.enerjigazetesi.ist\/en\/wp-json\/wp\/v2\/media?parent=45542"}],"wp:term":[{"taxonomy":"category","embeddable":true,"href":"https:\/\/www.enerjigazetesi.ist\/en\/wp-json\/wp\/v2\/categories?post=45542"},{"taxonomy":"post_tag","embeddable":true,"href":"https:\/\/www.enerjigazetesi.ist\/en\/wp-json\/wp\/v2\/tags?post=45542"}],"curies":[{"name":"wp","href":"https:\/\/api.w.org\/{rel}","templated":true}]}}