{"id":45524,"date":"2015-10-18T18:49:55","date_gmt":"2015-10-18T15:49:55","guid":{"rendered":"https:\/\/www.enerjigazetesi.ist\/?p=45524"},"modified":"2015-10-18T18:49:55","modified_gmt":"2015-10-18T15:49:55","slug":"turkiyenin-iklim-plani-yesil-ve-karbonsuz-buyumesi-goz-ardi-ediyor","status":"publish","type":"post","link":"https:\/\/www.enerjigazetesi.ist\/en\/turkiyenin-iklim-plani-yesil-ve-karbonsuz-buyumesi-goz-ardi-ediyor\/","title":{"rendered":"(Turkish) \u2018\u2019T\u00fcrkiye\u2019nin \u0130klim Plan\u0131 Ye\u015fil ve Karbonsuz B\u00fcy\u00fcmesi G\u00f6z Ard\u0131 Ediyor!&#8221;"},"content":{"rendered":"<p class=\"qtranxs-available-languages-message qtranxs-available-languages-message-en\">Sorry, this entry is only available in <a href=\"https:\/\/www.enerjigazetesi.ist\/tr\/wp-json\/wp\/v2\/posts\/45524\" class=\"qtranxs-available-language-link qtranxs-available-language-link-tr\" title=\"Turkish\">Turkish<\/a>. For the sake of viewer convenience, the content is shown below in the alternative language. You may click the link to switch the active language.<\/p><p><\/p>\n<p style=\"color: #444444;\"><strong>T\u00fcrkiye Erozyonla M\u00fccadele, A\u011fa\u00e7land\u0131rma ve Do\u011fal Varl\u0131klar\u0131 Koruma Vakf\u0131 (TEMA) T\u00fcrkiye\u2019nin iklim de\u011fi\u015fikli\u011fi ile m\u00fccadele plan\u0131na ele\u015ftiri getirdi.<\/strong><\/p>\n<p style=\"color: #444444;\">TEMA taraf\u0131ndan yap\u0131lan yaz\u0131l\u0131 a\u00e7\u0131klamada de\u011ferlendirmesi yer alan vakf\u0131n Y\u00f6netim Kurulu Ba\u015fkan\u0131 Deniz Ata\u00e7 plan\u0131n kat\u0131l\u0131mc\u0131 bir \u015fekilde\u00a0 haz\u0131rlanmad\u0131\u011f\u0131, ye\u015fil ve karbonsuz b\u00fcy\u00fcmenin m\u00fcmk\u00fcn oldu\u011funun g\u00f6z ard\u0131 edildi\u011fi y\u00f6nleri ile ele\u015ftirdi.<br \/>\n<a href=\"https:\/\/www.enerjigazetesi.ist\/wp-content\/uploads\/2015\/10\/turkiyenin-iklim-plani-yesil-ve-karbonsuz-buyumesi-goz-ardi-ediyor.jpg\"><img loading=\"lazy\" class=\"alignleft size-medium wp-image-45525\" src=\"https:\/\/www.enerjigazetesi.ist\/wp-content\/uploads\/2015\/10\/turkiyenin-iklim-plani-yesil-ve-karbonsuz-buyumesi-goz-ardi-ediyor-300x163.jpg\" alt=\"turkiyenin-iklim-plani-yesil-ve-karbonsuz-buyumesi-goz-ardi-ediyor\" width=\"300\" height=\"163\" srcset=\"https:\/\/www.enerjigazetesi.ist\/wp-content\/uploads\/2015\/10\/turkiyenin-iklim-plani-yesil-ve-karbonsuz-buyumesi-goz-ardi-ediyor-300x163.jpg 300w, https:\/\/www.enerjigazetesi.ist\/wp-content\/uploads\/2015\/10\/turkiyenin-iklim-plani-yesil-ve-karbonsuz-buyumesi-goz-ardi-ediyor-80x43.jpg 80w, https:\/\/www.enerjigazetesi.ist\/wp-content\/uploads\/2015\/10\/turkiyenin-iklim-plani-yesil-ve-karbonsuz-buyumesi-goz-ardi-ediyor.jpg 460w\" sizes=\"(max-width: 300px) 100vw, 300px\" \/><\/a><br \/>\n\u00c7evre ve \u015eehircilik Bakanl\u0131\u011f\u0131 b\u00fcnyesinde kurulan &#8221;\u0130klim de\u011fi\u015fikli\u011fi ve Hava y\u00f6netimi Koordinasyon Kurulu\u2019\u2019 taraf\u0131ndan haz\u0131rlanan &#8221;Ulusal Katk\u0131 Niyeti Bildirimi\u2019&#8217; 30 Eyl\u00fcl 2015 g\u00fcn\u00fc Birle\u015fmi\u015f Milletler \u0130klim De\u011fi\u015fikli\u011fi \u00c7er\u00e7eve S\u00f6zle\u015fmesi Sekreteryas\u0131na iletilmi\u015fti.<\/p>\n<p style=\"color: #444444;\">Bildirimde ola\u011fan senaryoya g\u00f6re 2030 y\u0131l\u0131nda 1 milyar 175 milyon ton karbondioksit e\u015fde\u011ferine ula\u015fmas\u0131 \u00f6ng\u00f6r\u00fclen T\u00fcrkiye\u2019nin sera gaz\u0131 emisyonlar\u0131n\u0131n at\u0131lacak ad\u0131mlar sayesinde bu rakamdan y\u00fczde 21 oranda daha d\u00fc\u015f\u00fck olan 929 milyon ton seviyesinde kalmas\u0131 planlan\u0131yor.<\/p>\n<p style=\"color: #444444;\">Deniz Ata\u00e7 a\u00e7\u0131klamas\u0131nda plan\u0131n kat\u0131l\u0131mc\u0131 bir \u015fekilde haz\u0131rland\u0131\u011f\u0131 ifade edilmesine ra\u011fmen kendilerine herhangi bir bilgi verilmedi\u011fini ve plana kat\u0131l\u0131mlar\u0131n\u0131n olmad\u0131\u011f\u0131n\u0131 belirtti.<\/p>\n<p style=\"color: #444444;\">Ata\u00e7 s\u00f6zlerinin devam\u0131nda plan\u0131 T\u00fcrkiye\u2019nin enerji yo\u011fun, k\u00f6m\u00fcre ve di\u011fer fosil yak\u0131tlara dayal\u0131 ekonomik b\u00fcy\u00fcmesinin devam edece\u011finin \u00f6ng\u00f6r\u00fcld\u00fc\u011f\u00fc ayr\u0131ca ye\u015fil ve karbonsuz bir b\u00fcy\u00fcmenin de m\u00fcmk\u00fcn oldu\u011funu g\u00f6z ard\u0131 edildi\u011fi y\u00f6n\u00fcnde ele\u015ftirdi.<\/p>\n<p style=\"color: #444444;\">TEMA vakf\u0131 Ba\u015fkan\u0131 planda T\u00fcrkiye\u2019nin 2012-2030 y\u0131llar\u0131 aras\u0131nda emisyonlar\u0131 i\u00e7in bir zirve y\u0131l\u0131 \u00f6ng\u00f6r\u00fclmedi\u011fine dikkat \u00e7ekerken bunun T\u00fcrkiye\u2019nin 2030\u2019dan sonra bile emisyonlar\u0131n\u0131 art\u0131rmaya devam edece\u011finin d\u00fc\u015f\u00fcn\u00fcld\u00fc\u011f\u00fc anlam\u0131na geldi\u011fini ifade etti.<\/p>\n<p style=\"color: #444444;\">Ata\u00e7\u2019a g\u00f6re T\u00fcrkiye\u2019nin emisyonlar\u0131 plandaki gibi art\u0131rmaya devam etmesi halinde sera etkisi yaratan gaz emisyonlar\u0131n\u0131n ki\u015fi ba\u015f\u0131 de\u011ferleri \u00fcyesi olmaya, dolay\u0131s\u0131 ile iklim de\u011fi\u015fikli\u011fi ile m\u00fccadelede benzere stratejiler geli\u015ftirme y\u00fck\u00fcml\u00fcl\u00fc\u011f\u00fcnde olaca\u011f\u0131 Avrupa Birli\u011fi\u2019nin iki kat\u0131na ula\u015fabilecek.<\/p>\n<p style=\"color: #444444;\">TEMA vakf\u0131 Ba\u015fkan\u0131 Deniz Ata\u00e7\u2019\u0131n de\u011ferlendirmesinin devam\u0131 \u015fu \u015fekilde;<\/p>\n<p style=\"color: #444444;\">\u201cBu bildirim ile T\u00fcrkiye, iklim de\u011fi\u015fikli\u011fiyle m\u00fccadele ve iklim de\u011fi\u015fikli\u011fine uyum konusunda herhangi bir sorumluluk almad\u0131\u011f\u0131n\u0131 a\u00e7\u0131k\u00e7a belirtmi\u015f oluyor. B\u00fct\u00fcn bunlar g\u00f6z \u00f6n\u00fcnde bulunduruldu\u011funda, T\u00fcrkiye\u2019nin a\u00e7\u0131klad\u0131\u011f\u0131 \u0130klim De\u011fi\u015fikli\u011fiyle M\u00fccadele \u0130\u00e7in Ulusal Katk\u0131 Niyeti Bildirimi\u2019nin iklim de\u011fi\u015fikli\u011fiyle m\u00fccadeleye katk\u0131 sa\u011flayamayaca\u011f\u0131n\u0131, tam tersine iklim krizinin daha da derinle\u015fmesine yol a\u00e7aca\u011f\u0131n\u0131 d\u00fc\u015f\u00fcn\u00fcyoruz. Bu bildirim bizler i\u00e7in b\u00fcy\u00fck bir hayal k\u0131r\u0131kl\u0131\u011f\u0131 oldu\u201d<\/p>\n<p style=\"color: #444444;\">TEMA a\u00e7\u0131klamas\u0131nda bildirim, k\u00fcresel iklim de\u011fi\u015fikli\u011finin etkilerine en a\u00e7\u0131k \u00fclkelerinden biri olarak T\u00fcrkiye\u2019nin \u00f6zellikle tar\u0131m, g\u0131da g\u00fcvenli\u011fi ve \u015fehirler \u00fczerindeki etkilerine uyumunun nas\u0131l sa\u011flanaca\u011f\u0131 konusunda da somut stratejiler i\u00e7ermemesi nedeni ile de ele\u015ftirildi.<\/p>\n<p style=\"color: #444444;\">Kaynak: B\u00fcltenler<\/p>\n<p><\/p>","protected":false},"excerpt":{"rendered":"<p>Sorry, this entry is only available in Turkish. For the sake of viewer convenience, the content is shown below in the alternative language. You may click the link to switch the active language. T\u00fcrkiye Erozyonla M\u00fccadele, A\u011fa\u00e7land\u0131rma ve Do\u011fal Varl\u0131klar\u0131 Koruma Vakf\u0131 (TEMA) T\u00fcrkiye\u2019nin iklim de\u011fi\u015fikli\u011fi ile m\u00fccadele plan\u0131na ele\u015ftiri getirdi. TEMA taraf\u0131ndan yap\u0131lan yaz\u0131l\u0131 [&hellip;]<\/p>\n","protected":false},"author":1,"featured_media":45525,"comment_status":"open","ping_status":"open","sticky":false,"template":"","format":"standard","meta":[],"categories":[53],"tags":[63,67,1009,2698,165,26379,26380,209,846,26381,9003],"views":1019,"_links":{"self":[{"href":"https:\/\/www.enerjigazetesi.ist\/en\/wp-json\/wp\/v2\/posts\/45524"}],"collection":[{"href":"https:\/\/www.enerjigazetesi.ist\/en\/wp-json\/wp\/v2\/posts"}],"about":[{"href":"https:\/\/www.enerjigazetesi.ist\/en\/wp-json\/wp\/v2\/types\/post"}],"author":[{"embeddable":true,"href":"https:\/\/www.enerjigazetesi.ist\/en\/wp-json\/wp\/v2\/users\/1"}],"replies":[{"embeddable":true,"href":"https:\/\/www.enerjigazetesi.ist\/en\/wp-json\/wp\/v2\/comments?post=45524"}],"version-history":[{"count":1,"href":"https:\/\/www.enerjigazetesi.ist\/en\/wp-json\/wp\/v2\/posts\/45524\/revisions"}],"predecessor-version":[{"id":45526,"href":"https:\/\/www.enerjigazetesi.ist\/en\/wp-json\/wp\/v2\/posts\/45524\/revisions\/45526"}],"wp:featuredmedia":[{"embeddable":true,"href":"https:\/\/www.enerjigazetesi.ist\/en\/wp-json\/wp\/v2\/media\/45525"}],"wp:attachment":[{"href":"https:\/\/www.enerjigazetesi.ist\/en\/wp-json\/wp\/v2\/media?parent=45524"}],"wp:term":[{"taxonomy":"category","embeddable":true,"href":"https:\/\/www.enerjigazetesi.ist\/en\/wp-json\/wp\/v2\/categories?post=45524"},{"taxonomy":"post_tag","embeddable":true,"href":"https:\/\/www.enerjigazetesi.ist\/en\/wp-json\/wp\/v2\/tags?post=45524"}],"curies":[{"name":"wp","href":"https:\/\/api.w.org\/{rel}","templated":true}]}}