{"id":45506,"date":"2015-10-18T01:18:24","date_gmt":"2015-10-17T22:18:24","guid":{"rendered":"https:\/\/www.enerjigazetesi.ist\/?p=45506"},"modified":"2015-10-18T01:18:24","modified_gmt":"2015-10-17T22:18:24","slug":"emo-elektrik-nukleer-icin-bahane","status":"publish","type":"post","link":"https:\/\/www.enerjigazetesi.ist\/en\/emo-elektrik-nukleer-icin-bahane\/","title":{"rendered":"(Turkish) EMO: Elektrik, N\u00fckleer \u0130\u00e7in Bahane!"},"content":{"rendered":"<p class=\"qtranxs-available-languages-message qtranxs-available-languages-message-en\">Sorry, this entry is only available in <a href=\"https:\/\/www.enerjigazetesi.ist\/tr\/wp-json\/wp\/v2\/posts\/45506\" class=\"qtranxs-available-language-link qtranxs-available-language-link-tr\" title=\"Turkish\">Turkish<\/a>. For the sake of viewer convenience, the content is shown below in the alternative language. You may click the link to switch the active language.<\/p><p><strong>Elektrik M\u00fchendisleri Odas\u0131 (EMO), elektrik ihtiyac\u0131yla n\u00fckleer santral kurulmas\u0131 aras\u0131nda bir ba\u011flant\u0131 olmad\u0131\u011f\u0131n\u0131 savundu. N\u00fckleer elektri\u011finin \u00e7ok pahal\u0131 oldu\u011funa dikkat \u00e7eken EMO, \u00fc\u00e7\u00fcnc\u00fc n\u00fckleer i\u00e7in ABD ve \u00c7inli \u015firketlerle var\u0131lan mutabakat\u0131n ayr\u0131nt\u0131lar\u0131n\u0131n a\u00e7\u0131klanmas\u0131n\u0131 istedi.<\/strong><\/p>\n<p>Elektrik M\u00fchendisleri Odas\u0131 (EMO), Enerji ve Tabii Kaynaklar Bakan\u0131 Ali R\u0131za Alaboyun`un \u00fc\u00e7\u00fcnc\u00fc n\u00fckleer<a href=\"https:\/\/www.enerjigazetesi.ist\/wp-content\/uploads\/2015\/10\/emo-elektrik-nukleer-icin-bahane.jpg\"><img loading=\"lazy\" class=\"alignright size-medium wp-image-45507\" src=\"https:\/\/www.enerjigazetesi.ist\/wp-content\/uploads\/2015\/10\/emo-elektrik-nukleer-icin-bahane-300x189.jpg\" alt=\"emo-elektrik-nukleer-icin-bahane\" width=\"300\" height=\"189\" srcset=\"https:\/\/www.enerjigazetesi.ist\/wp-content\/uploads\/2015\/10\/emo-elektrik-nukleer-icin-bahane-300x189.jpg 300w, https:\/\/www.enerjigazetesi.ist\/wp-content\/uploads\/2015\/10\/emo-elektrik-nukleer-icin-bahane-500x316.jpg 500w, https:\/\/www.enerjigazetesi.ist\/wp-content\/uploads\/2015\/10\/emo-elektrik-nukleer-icin-bahane-80x50.jpg 80w, https:\/\/www.enerjigazetesi.ist\/wp-content\/uploads\/2015\/10\/emo-elektrik-nukleer-icin-bahane.jpg 640w\" sizes=\"(max-width: 300px) 100vw, 300px\" \/><\/a> santral yeri olarak \u0130\u011fneada`n\u0131n d\u00fc\u015f\u00fcn\u00fcld\u00fc\u011f\u00fcn\u00fc, bu konuda \u00c7inliler ve ABD`li Westinghouse ile mutabakat zapt\u0131 imzaland\u0131\u011f\u0131n\u0131 a\u00e7\u0131klamas\u0131n\u0131 &#8220;abesle i\u015ftigal&#8221; olarak nitelendirdi. \u0130\u011fneada`n\u0131n 1966 y\u0131l\u0131nda Akkuyu ve Sinop ile beraber n\u00fckleer santral yap\u0131lmas\u0131 i\u00e7in \u00f6nerilen \u00fc\u00e7 yerden biri oldu\u011funu hat\u0131rlatan EMO`nun a\u00e7\u0131klamas\u0131nda \u015f\u00f6yle denildi:<br \/>\n&#8220;Aradan ge\u00e7en 50 y\u0131la yak\u0131n bir s\u00fcreden sonra tam da Cumhuriyet tarihinin en b\u00fcy\u00fck katliam\u0131n\u0131n (10 Ekim 2015`te Ankara Gar\u0131 \u00f6n\u00fcnde 100`e yak\u0131n ki\u015finin \u00f6ld\u00fc\u011f\u00fc, 500`e yak\u0131n ki\u015finin yaraland\u0131\u011f\u0131 patlama. EG) ya\u015fand\u0131\u011f\u0131 g\u00fcnlerde bu katliam\u0131n zeminini haz\u0131rlayan h\u00fck\u00fcmet taraf\u0131ndan \u0130\u011fneada`n\u0131n g\u00fcndeme getirilmesi; ama\u00e7 g\u00fcndem de\u011fi\u015ftirmek de\u011filse, n\u00fckleer santral yap\u0131mc\u0131lar\u0131 ile yap\u0131lan bir anla\u015fman\u0131n bu karga\u015fada ge\u00e7irilmesi d\u0131\u015f\u0131nda bir anlam ifade etmemektedir.&#8221;<\/p>\n<p><strong>MUTABAKATLARIN \u0130\u00c7ER\u0130\u011e\u0130 A\u00c7IKLANMALI<\/strong><\/p>\n<p>Rusya`n\u0131n \u00fcstlendi\u011fi Mersin`deki Akkuyu N\u00fckleer Santral\u0131 projesinin yap\u0131lmayabilece\u011finin Cumhurba\u015fkan\u0131 nezdinde ima edildi\u011fine de\u011finilen EMO a\u00e7\u0131klamas\u0131nda &#8220;Bir a\u00e7\u0131dan n\u00fckleer konusunda Rusya ile ilgili tart\u0131\u015fmalar\u0131n \u00fcst\u00fc \u00f6rt\u00fclerek g\u00fcndem kayd\u0131r\u0131lmakta, di\u011fer taraftan b\u00f6yle ciddi bir konuda kamuoyundan gizli mutabakatlar imzaland\u0131\u011f\u0131 ortaya \u00e7\u0131kmaktad\u0131r. Bu mutabakatlar\u0131n i\u00e7eri\u011fi a\u00e7\u0131klanmal\u0131d\u0131r. Daha \u00f6nce Akkuyu ve Sinop`ta oldu\u011fu gibi yine kapal\u0131 kap\u0131lar arkas\u0131nda pazarl\u0131klar s\u00fcrd\u00fcr\u00fclmekte ve kamuoyundan gizlenmektedir&#8221; denildi.<\/p>\n<p><strong>YATIRIM MAL\u0130YETLER\u0130NE D\u0130KKAT<\/strong><\/p>\n<p>EMO`nun a\u00e7\u0131klamas\u0131nda bir n\u00fckleer santral\u0131n yap\u0131m\u0131n\u0131n normal \u015fartlarda 10 y\u0131l s\u00fcrece\u011fine i\u015faret edilirken &#8220;Demek ki Enerji ve Tabii Kaynaklar Bakan\u0131`n\u0131n kendine ba\u011fl\u0131 kurulu\u015f olan TE\u0130A\u015e`\u0131n 2023 y\u0131l\u0131 t\u00fcketim tahmininin 415 milyar kilovat saat (kWh) oldu\u011fundan ve ayn\u0131 y\u0131la kadar enerji \u00fcretiminin 515 milyar kWh olaca\u011f\u0131ndan ve 100 milyar kWh arz fazlas\u0131 olu\u015faca\u011f\u0131ndan haberi yoktur&#8221; ifadesi kullan\u0131ld\u0131. Yenilenebilir enerji kaynaklar\u0131 maliyetlerinin de h\u0131zla d\u00fc\u015ft\u00fc\u011f\u00fcne dikkat \u00e7eken EMO a\u00e7\u0131klamas\u0131 \u015f\u00f6yle devam etti: &#8220;Bug\u00fcn i\u00e7in g\u00fcne\u015f enerjisi tesislerinde megavat (MW) ba\u015f\u0131na kurulu\u015f bedeli 1.2 milyon dolar seviyesine d\u00fc\u015fm\u00fc\u015ft\u00fcr. R\u00fczgar santrallar\u0131nda ve b\u00fcy\u00fck g\u00fc\u00e7l\u00fc su santrallar\u0131nda bu rakam daha d\u00fc\u015f\u00fckt\u00fcr. Anla\u015f\u0131lan Bakan\u0131n bu rakamlardan da haberi yok ki yat\u0131r\u0131m maliyeti MW ba\u015f\u0131na 6 bin dolardan fazla olan n\u00fckleer santral\u0131n \u00fc\u00e7\u00fcnc\u00fcs\u00fc i\u00e7in yat\u0131r\u0131m karar\u0131 a\u00e7\u0131klamaktad\u0131r.&#8221;<\/p>\n<p><strong>ABD`DE 2.5 SENT, T\u00dcRK\u0130YE`DE 12.35 SENT<\/strong><\/p>\n<p>EMO a\u00e7\u0131klamas\u0131nda ABD`de n\u00fckleer santrallarin 2.4 sent\/kwh fiyatla elektrik \u00fcretti\u011fine, Fransa`da ise n\u00fckleer santrallarin elektri\u011fi 4.5 sente (Euro) satt\u0131\u011f\u0131na dikkat \u00e7ekilirken &#8220;T\u00fcrkiye`de ise Devlet Akkuyu`dan 12.35 sente (Dolar), Sinop`ta yak\u0131t hari\u00e7 10.83 sente (Dolar) alacak. Nitekim dolar kurundaki y\u00fckselme nedeniyle de hem \u00fclkemizde elektri\u011fin pahal\u0131la\u015fmas\u0131na yol a\u00e7acak d\u00fczeyde fiyatlar\u0131 artmaktad\u0131r&#8221; denildi.<\/p>\n<p><strong>AKKUYU`NUN YAPIMI ZORA G\u0130RD\u0130<\/strong><\/p>\n<p>Rusya ile ilgili tart\u0131\u015fmalar\u0131, n\u00fckleer santrallar\u0131n yap\u0131lmas\u0131n\u0131n zora girdi\u011finin i\u015fareti olarak de\u011ferlendiren EMO, bu santrallerin maliyetlerinin de y\u00fckseldi\u011fine dikkat \u00e7ekti. A\u00e7\u0131klamada \u015f\u00f6yle denildi:<br \/>\n&#8220;Ayr\u0131ca g\u00fcvenlik sorunlar\u0131 nedeniyle n\u00fckleer santrallar giderek pahal\u0131la\u015fmaktad\u0131r. N\u00fckleer santrallar\u0131n maliyetlerini, yaln\u0131zca yak\u0131t ve i\u015fletme olarak a\u00e7\u0131klamak kamuoyunu kand\u0131rmakt\u0131r. N\u00fckleer santrallar\u0131n yap\u0131m a\u015famas\u0131ndan itibaren b\u00fcy\u00fck g\u00fcvenlik maliyeti vard\u0131r. \u0130\u011fneada Santral\u0131`nda da Akkuyu ve Sinop gibi y\u00fcksek fiyatl\u0131 bir sistemi g\u00fcndeme getirmek i\u00e7in mi b\u00f6yle acele bir karar al\u0131nmaktad\u0131r? Acaba bundan kimler nas\u0131l yarar sa\u011flayacakt\u0131r?&#8221;<\/p>\n<p>Halk\u0131n \u00e7\u0131kar\u0131na olmayan her t\u00fcrl\u00fc giri\u015fimi \u00f6nlemeyi g\u00f6rev kabul etti\u011fini deklare eden EMO`nun a\u00e7\u0131klamas\u0131 &#8220;Akkuyu ve Sinop ile \u0130\u011fneada`ya yap\u0131lmas\u0131 d\u00fc\u015f\u00fcn\u00fclen n\u00fckleer santrallar\u0131n, elektrik enerjisi gereksinimi a\u00e7\u0131s\u0131ndan ge\u00e7erli hi\u00e7bir nedeni yoktur. Baz\u0131 kesim ve ki\u015filere \u00e7\u0131kar sa\u011flamak i\u00e7in yap\u0131ld\u0131\u011f\u0131n\u0131 d\u00fc\u015f\u00fcnd\u00fc\u011f\u00fcm\u00fcz bu giri\u015fim hemen durdurulmal\u0131d\u0131r&#8221; ifadeleriyle son buldu.<\/p>\n<p>Kaynak: B\u00fcltenler<\/p>","protected":false},"excerpt":{"rendered":"<p>Sorry, this entry is only available in Turkish. For the sake of viewer convenience, the content is shown below in the alternative language. You may click the link to switch the active language.Elektrik M\u00fchendisleri Odas\u0131 (EMO), elektrik ihtiyac\u0131yla n\u00fckleer santral kurulmas\u0131 aras\u0131nda bir ba\u011flant\u0131 olmad\u0131\u011f\u0131n\u0131 savundu. N\u00fckleer elektri\u011finin \u00e7ok pahal\u0131 oldu\u011funa dikkat \u00e7eken EMO, \u00fc\u00e7\u00fcnc\u00fc [&hellip;]<\/p>\n","protected":false},"author":1,"featured_media":45507,"comment_status":"open","ping_status":"open","sticky":false,"template":"","format":"standard","meta":[],"categories":[51,53,43],"tags":[68,19,1103,63,67,1009,2698,165,71,21,19773],"views":1144,"_links":{"self":[{"href":"https:\/\/www.enerjigazetesi.ist\/en\/wp-json\/wp\/v2\/posts\/45506"}],"collection":[{"href":"https:\/\/www.enerjigazetesi.ist\/en\/wp-json\/wp\/v2\/posts"}],"about":[{"href":"https:\/\/www.enerjigazetesi.ist\/en\/wp-json\/wp\/v2\/types\/post"}],"author":[{"embeddable":true,"href":"https:\/\/www.enerjigazetesi.ist\/en\/wp-json\/wp\/v2\/users\/1"}],"replies":[{"embeddable":true,"href":"https:\/\/www.enerjigazetesi.ist\/en\/wp-json\/wp\/v2\/comments?post=45506"}],"version-history":[{"count":1,"href":"https:\/\/www.enerjigazetesi.ist\/en\/wp-json\/wp\/v2\/posts\/45506\/revisions"}],"predecessor-version":[{"id":45508,"href":"https:\/\/www.enerjigazetesi.ist\/en\/wp-json\/wp\/v2\/posts\/45506\/revisions\/45508"}],"wp:featuredmedia":[{"embeddable":true,"href":"https:\/\/www.enerjigazetesi.ist\/en\/wp-json\/wp\/v2\/media\/45507"}],"wp:attachment":[{"href":"https:\/\/www.enerjigazetesi.ist\/en\/wp-json\/wp\/v2\/media?parent=45506"}],"wp:term":[{"taxonomy":"category","embeddable":true,"href":"https:\/\/www.enerjigazetesi.ist\/en\/wp-json\/wp\/v2\/categories?post=45506"},{"taxonomy":"post_tag","embeddable":true,"href":"https:\/\/www.enerjigazetesi.ist\/en\/wp-json\/wp\/v2\/tags?post=45506"}],"curies":[{"name":"wp","href":"https:\/\/api.w.org\/{rel}","templated":true}]}}