{"id":45487,"date":"2015-10-18T00:43:23","date_gmt":"2015-10-17T21:43:23","guid":{"rendered":"https:\/\/www.enerjigazetesi.ist\/?p=45487"},"modified":"2015-10-18T00:43:23","modified_gmt":"2015-10-17T21:43:23","slug":"financial-times-esad-ve-isid-suriye-dogalgazini-birlikte-isletiyor","status":"publish","type":"post","link":"https:\/\/www.enerjigazetesi.ist\/en\/financial-times-esad-ve-isid-suriye-dogalgazini-birlikte-isletiyor\/","title":{"rendered":"(Turkish) Financial Times: Esad ve I\u015e\u0130D Suriye Do\u011falgaz\u0131n\u0131 Birlikte \u0130\u015fletiyor!"},"content":{"rendered":"<p class=\"qtranxs-available-languages-message qtranxs-available-languages-message-en\">Sorry, this entry is only available in <a href=\"https:\/\/www.enerjigazetesi.ist\/tr\/wp-json\/wp\/v2\/posts\/45487\" class=\"qtranxs-available-language-link qtranxs-available-language-link-tr\" title=\"Turkish\">Turkish<\/a>. For the sake of viewer convenience, the content is shown below in the alternative language. You may click the link to switch the active language.<\/p><p><strong>Financial Times gazetesi, I\u015e\u0130D\u2019in finans kaynaklar\u0131n\u0131 inceledi\u011fi \u201cI\u015e\u0130D A.\u015e.\u2019nin i\u00e7inde\u201d ba\u015fl\u0131kl\u0131 yaz\u0131 dizisine devam ediyor. Suriye y\u00f6netimi ile I\u015e\u0130D\u2019in \u00fclkenin elektrik ihtiyac\u0131n\u0131n kar\u015f\u0131lanabilmesi i\u00e7in zorunlu bir anla\u015fmaya gitti\u011fini aktar\u0131yor.<a href=\"https:\/\/www.enerjigazetesi.ist\/wp-content\/uploads\/2015\/10\/financial-times-esad-ve-isid-suriye-dogalgazini-birlikte-isletiyor.jpg\"><img loading=\"lazy\" class=\"alignright size-medium wp-image-45488\" src=\"https:\/\/www.enerjigazetesi.ist\/wp-content\/uploads\/2015\/10\/financial-times-esad-ve-isid-suriye-dogalgazini-birlikte-isletiyor-300x165.jpg\" alt=\"financial-times-esad-ve-isid-suriye-dogalgazini-birlikte-isletiyor\" width=\"300\" height=\"165\" srcset=\"https:\/\/www.enerjigazetesi.ist\/wp-content\/uploads\/2015\/10\/financial-times-esad-ve-isid-suriye-dogalgazini-birlikte-isletiyor-300x165.jpg 300w, https:\/\/www.enerjigazetesi.ist\/wp-content\/uploads\/2015\/10\/financial-times-esad-ve-isid-suriye-dogalgazini-birlikte-isletiyor-500x276.jpg 500w, https:\/\/www.enerjigazetesi.ist\/wp-content\/uploads\/2015\/10\/financial-times-esad-ve-isid-suriye-dogalgazini-birlikte-isletiyor-80x44.jpg 80w, https:\/\/www.enerjigazetesi.ist\/wp-content\/uploads\/2015\/10\/financial-times-esad-ve-isid-suriye-dogalgazini-birlikte-isletiyor.jpg 696w\" sizes=\"(max-width: 300px) 100vw, 300px\" \/><\/a><\/strong><span id=\"more-73845\"><\/span><\/p>\n<div>\u201cSuriye rejimi do\u011falgaz ak\u0131\u015f\u0131n\u0131 ve elektrik \u00fcretiminin devam\u0131n\u0131 sa\u011flayabilmek i\u00e7in cihat\u00e7\u0131larla mafya\u00a0tarz\u0131 anla\u015fma yapmak zorunda kald\u0131\u201d diyen gazetenin haberi, devlete ait do\u011falgaz \u015firketinde \u00e7al\u0131\u015fan Ahmet takma isimli bir m\u00fchendisin ba\u015f\u0131ndan ge\u00e7enlerle ba\u015fl\u0131yor.<\/div>\n<div><\/div>\n<div>Ahmet\u2019in devletin do\u011falgaz \u015firketine girdikten sonra rahat edece\u011fini ve sava\u015ftan uzak kalaca\u011f\u0131n\u0131 d\u00fc\u015f\u00fcnd\u00fc\u011f\u00fc, ancak atand\u0131\u011f\u0131 enerji santraline gitti\u011finde kendisini I\u015e\u0130D\u2019e \u00e7al\u0131\u015f\u0131rken buldu\u011fu belirtiliyor.<\/div>\n<div><\/div>\n<div><strong>\u00d6L\u00dcMC\u00dcL OYUNUN P\u0130YONU\u2026<\/strong><\/div>\n<div><\/div>\n<div>Gazete \u201cI\u015e\u0130D\u2019in kontrol\u00fcndeki b\u00f6lgelerdeki devlet enerji \u015firketlerinin \u00e7al\u0131\u015fanlar\u0131, kendilerini \u00f6l\u00fcmc\u00fcl bir oyunun piyonu olarak buluyor\u201d diyor.<\/div>\n<div>Haberde Be\u015far Esad y\u00f6netimi ve I\u015e\u0130D aras\u0131ndaki anla\u015fmanon detaylar\u0131n\u0131 \u015f\u00f6yle aktar\u0131yor:<\/div>\n<div><\/div>\n<div>\u201cSuriye\u2019de elektri\u011fin y\u00fczde 90\u2019\u0131 do\u011falgaz santrallerinde \u00fcretiliyor. I\u015e\u0130D\u2019in de Esad rejiminin de elektri\u011fe ihtiyac\u0131 var. I\u015e\u0130D Suriye\u2019de en az sekiz enerji santralini elinde tutuyor. Bunlar\u0131n i\u00e7inde hidroelektrik santraller de var. Bu santrallerin nas\u0131l i\u015fletilece\u011finin bilgisi ise Esad rejiminin elinde.<\/div>\n<div>\u201cSantrallerde \u00fcretilen elektrik Esad rejimi ve I\u015e\u0130D aras\u0131nda b\u00f6l\u00fc\u015ft\u00fcr\u00fcl\u00fcyor. I\u015e\u0130D\u2019in elinde bulunan Tuveynan do\u011falgaz santralinde \u00fcretilen elektri\u011fin g\u00fcnl\u00fck 50 megawattl\u0131k (MW) b\u00f6l\u00fcm\u00fcn\u00fc \u015eam\u00a0y\u00f6netimi al\u0131yor. G\u00fcnl\u00fck 70 MW ise I\u015e\u0130D\u2019e gidiyor.<\/div>\n<div><\/div>\n<div>\n<div><strong>ORTAK \u015e\u0130RKET HAL\u0130NE GELD\u0130<\/strong><\/div>\n<div><\/div>\n<div>Haberde muhaliflerin daha \u00f6nce de rejimi, \u00fclkenin petrol \u00fcretiminin neredeyse tamam\u0131n\u0131n yap\u0131ld\u0131\u011f\u0131 do\u011fusunu elinde tutan I\u015e\u0130D\u2019le gizli anla\u015fmalar yapmakla su\u00e7lad\u0131klar\u0131 belirtiliyor. Ama gazeteye g\u00f6re as\u0131l g\u00fc\u00e7l\u00fc anla\u015fmalar, elektrik ihtiyac\u0131 nedeniyle do\u011falgaz \u00fczerinde yap\u0131l\u0131yor.<\/div>\n<div><\/div>\n<div>Financial Times\u2019\u0131n g\u00f6r\u00fc\u015ft\u00fc\u011f\u00fc 10\u2019dan fazla Suriyeli enerji sekt\u00f6r\u00fc \u00e7al\u0131\u015fan\u0131, anla\u015fmalar\u0131n paradan \u00e7ok hizmet \u00fczerine kurulu oldu\u011funu belirtiyor.<\/div>\n<div><\/div>\n<div>Suriye Petrol ve Do\u011falgaz Bakanl\u0131\u011f\u0131\u2019ndan yap\u0131lan yaz\u0131l\u0131 a\u00e7\u0131klamada \u2018ter\u00f6rist gruplarla bu konuda i\u015f birli\u011fi yap\u0131lmas\u0131 s\u00f6z konusu de\u011fil\u2019 deniyor. Ancak bakanl\u0131k baz\u0131 santrallerin g\u00fcvenli\u011fi i\u00e7in \u00e7al\u0131\u015fanlar\u0131n\u0131n I\u015e\u0130D kontrol\u00fc alt\u0131nda \u00e7al\u0131\u015fmak zorunda kald\u0131\u011f\u0131n\u0131 do\u011fruluyor.<\/div>\n<div><\/div>\n<div>Haberde devlet \u015firketi \u00e7al\u0131\u015fanlar\u0131n\u0131n ve \u00f6zel ta\u015feronlar\u0131n bu \u00f6l\u00fcmc\u00fcl oyunun piyonlar\u0131 halide geldikleri ifade ediliyor.<\/div>\n<div>I\u015e\u0130D\u2019in kontrol\u00fcndeki b\u00f6lgelere g\u00f6nderilen m\u00fchendislerin genellikle S\u00fcnnilerden se\u00e7ildi\u011fi bilgisi de veriliyor.<\/div>\n<div><\/div>\n<div>Ahmet gibi I\u015e\u0130D b\u00f6lgelerinde \u00e7al\u0131\u015fmaya zorland\u0131ktan sonra Suriye\u2019den ka\u00e7an 25 ya\u015f\u0131ndaki ba\u015fka bir m\u00fchendis, \u201cI\u015e\u0130D ile devlet aras\u0131ndaki anla\u015fmalara g\u00f6re santral \u00e7al\u0131\u015fanlar\u0131n\u0131n maa\u015flar\u0131n\u0131 devlet \u00f6d\u00fcyor. \u00dcretilen elektrik de de b\u00f6l\u00fc\u015f\u00fcl\u00fcyor\u201d diyor.<\/div>\n<div><\/div>\n<div><strong>75 KIRBA\u00c7 CEZASI<\/strong><\/div>\n<div><\/div>\n<div>Haberde, I\u015e\u0130D\u2019in do\u011falgaz santrallerinin i\u015fletilmesi i\u00e7in her santrale \u00fc\u00e7 emir atad\u0131\u011f\u0131 da aktar\u0131l\u0131yor:<\/div>\n<div>\u201cEmirlerden birisi santralden sorumlu oluyor. Bir dini emir, bir de asayi\u015ften sorumlu emir bulunuyor.<\/div>\n<div><\/div>\n<div>\u201cTuveynan santrali \u00e7al\u0131\u015fanlar\u0131 asayi\u015ften sorumlu emir \u015eeyh Hasib\u2019in santrali gezip herkesin \u015feriata uygun \u00e7al\u0131\u015f\u0131p \u00e7al\u0131\u015fmad\u0131\u011f\u0131n\u0131 kontrol etti\u011fini, \u015feriata uygun olmayanlar\u0131n 75 kez k\u0131rba\u015fland\u0131\u011f\u0131n\u0131 s\u00f6yl\u00fcyor.\u201d<\/div>\n<div><\/div>\n<div>Gazetenin haberinde \u00e7al\u0131\u015fanlar\u0131n Esad y\u00f6netimi ve I\u015e\u0130D aras\u0131ndaki ince \u00e7izgiyi \u00e7ok dikkatli bi\u00e7imde y\u00fcr\u00fcmek zorunda kald\u0131\u011f\u0131 vurgulan\u0131yor ve Tuveynan santrali y\u00f6neticisi Taha el Ali\u2019nin I\u015e\u0130D taraf\u0131ndan nas\u0131l \u00f6ld\u00fcr\u00fcld\u00fc\u011f\u00fcn\u00fc aktar\u0131yor:<\/div>\n<div><\/div>\n<div>\u201cI\u015e\u0130D emiri \u00e7\u0131kar\u0131lan gaz\u0131n bir k\u0131sm\u0131n\u0131n Arak\u2019ta bulunan ve Esad y\u00f6netiminin kontrol\u00fcndeki santrale y\u00f6nlendirdi\u011fini fark edince Taha el Ali\u2019yi h\u0131rs\u0131zl\u0131kla su\u00e7lad\u0131.<\/div>\n<div>\u201cI\u015e\u0130D militanlar\u0131n\u0131n santralden s\u00fcr\u00fckleyerek \u00e7\u0131kard\u0131\u011f\u0131 Ali, aylar sonra tan\u0131nmayacak halde geri getirildi. Ali\u2019nin d\u00f6nd\u00fc\u011f\u00fc g\u00fcn t\u00fcm \u00e7al\u0131\u015fanlar idam\u0131 izlemeye zorland\u0131.\u201d<\/div>\n<div><\/div>\n<div>Financial Times\u2019a konu\u015fan m\u00fchendisler, Tuveynan\u2019\u0131n elektrik \u00fcretimine uzun s\u00fcre devam etti\u011fini s\u00f6ylese de \u00e7al\u0131\u015fan say\u0131s\u0131n\u0131n 1500\u2019den 300\u2019e kadar geriledi\u011fini de belirtiyor.<\/div>\n<div><\/div>\n<div>Esad y\u00f6netimi ve destek\u00e7ileri bu t\u00fcr anla\u015fmalar\u0131n cihat\u00e7\u0131 \u00f6rg\u00fctlere kar\u015f\u0131 m\u00fccadeleyi s\u00fcrd\u00fcr\u00fcp altyap\u0131y\u0131 ayakta tutmak i\u00e7in \u015fart oldu\u011funu ifade ederken, gazeteye konu\u015fan bir petrol \u015firketi y\u00f6neticisi \u201cEnerji bakan\u0131 s\u00fcrekli olarak cihat\u00e7\u0131larla yap\u0131lan anla\u015fmalar\u0131 takip etmek zorunda. Eskiden Nusra Cephesi ve \u0130slami Cephe\u2019yle \u00e7al\u0131\u015f\u0131yorlard\u0131. \u015eimdiyse I\u015e\u0130D temsilcileriyle g\u00f6r\u00fc\u015f\u00fcyorlar\u201d diyor.<\/div>\n<div><\/div>\n<div>Kaynak: BBC<\/div>\n<\/div>\n<p><\/p>","protected":false},"excerpt":{"rendered":"<p>Sorry, this entry is only available in Turkish. For the sake of viewer convenience, the content is shown below in the alternative language. You may click the link to switch the active language.Financial Times gazetesi, I\u015e\u0130D\u2019in finans kaynaklar\u0131n\u0131 inceledi\u011fi \u201cI\u015e\u0130D A.\u015e.\u2019nin i\u00e7inde\u201d ba\u015fl\u0131kl\u0131 yaz\u0131 dizisine devam ediyor. Suriye y\u00f6netimi ile I\u015e\u0130D\u2019in \u00fclkenin elektrik ihtiyac\u0131n\u0131n kar\u015f\u0131lanabilmesi [&hellip;]<\/p>\n","protected":false},"author":1,"featured_media":45488,"comment_status":"open","ping_status":"open","sticky":false,"template":"","format":"standard","meta":[],"categories":[46,53],"tags":[92,226,19761,2092,2555,2677,1478,19,63,67,1009,2698,165,24501,26362,1703,26365,26366,1369,26363,26364],"views":673,"_links":{"self":[{"href":"https:\/\/www.enerjigazetesi.ist\/en\/wp-json\/wp\/v2\/posts\/45487"}],"collection":[{"href":"https:\/\/www.enerjigazetesi.ist\/en\/wp-json\/wp\/v2\/posts"}],"about":[{"href":"https:\/\/www.enerjigazetesi.ist\/en\/wp-json\/wp\/v2\/types\/post"}],"author":[{"embeddable":true,"href":"https:\/\/www.enerjigazetesi.ist\/en\/wp-json\/wp\/v2\/users\/1"}],"replies":[{"embeddable":true,"href":"https:\/\/www.enerjigazetesi.ist\/en\/wp-json\/wp\/v2\/comments?post=45487"}],"version-history":[{"count":1,"href":"https:\/\/www.enerjigazetesi.ist\/en\/wp-json\/wp\/v2\/posts\/45487\/revisions"}],"predecessor-version":[{"id":45489,"href":"https:\/\/www.enerjigazetesi.ist\/en\/wp-json\/wp\/v2\/posts\/45487\/revisions\/45489"}],"wp:featuredmedia":[{"embeddable":true,"href":"https:\/\/www.enerjigazetesi.ist\/en\/wp-json\/wp\/v2\/media\/45488"}],"wp:attachment":[{"href":"https:\/\/www.enerjigazetesi.ist\/en\/wp-json\/wp\/v2\/media?parent=45487"}],"wp:term":[{"taxonomy":"category","embeddable":true,"href":"https:\/\/www.enerjigazetesi.ist\/en\/wp-json\/wp\/v2\/categories?post=45487"},{"taxonomy":"post_tag","embeddable":true,"href":"https:\/\/www.enerjigazetesi.ist\/en\/wp-json\/wp\/v2\/tags?post=45487"}],"curies":[{"name":"wp","href":"https:\/\/api.w.org\/{rel}","templated":true}]}}