{"id":45481,"date":"2015-10-18T00:34:40","date_gmt":"2015-10-17T21:34:40","guid":{"rendered":"https:\/\/www.enerjigazetesi.ist\/?p=45481"},"modified":"2015-10-18T00:34:40","modified_gmt":"2015-10-17T21:34:40","slug":"irak-ordusu-ulkenin-en-buyuk-petrol-rafinerisi-beyciyi-isidden-geri-aldi","status":"publish","type":"post","link":"https:\/\/www.enerjigazetesi.ist\/en\/irak-ordusu-ulkenin-en-buyuk-petrol-rafinerisi-beyciyi-isidden-geri-aldi\/","title":{"rendered":"(Turkish) Irak Ordusu, \u00dclkenin En B\u00fcy\u00fck Petrol Rafinerisi Beyci\u2019yi I\u015e\u0130D\u2019den Geri Ald\u0131!"},"content":{"rendered":"<p class=\"qtranxs-available-languages-message qtranxs-available-languages-message-en\">Sorry, this entry is only available in <a href=\"https:\/\/www.enerjigazetesi.ist\/tr\/wp-json\/wp\/v2\/posts\/45481\" class=\"qtranxs-available-language-link qtranxs-available-language-link-tr\" title=\"Turkish\">Turkish<\/a>. For the sake of viewer convenience, the content is shown below in the alternative language. You may click the link to switch the active language.<\/p><p><strong>\u00dclkenin bir\u00e7ok noktas\u0131nda I\u015e\u0130D\u2019e kar\u015f\u0131 operasyonlar\u0131 s\u00fcrd\u00fcren Irak ordusu, \u00fclkenin en b\u00fcy\u00fck petrol rafinerisi olan Beyci kentindeki tesisi geri ald\u0131.<a href=\"https:\/\/www.enerjigazetesi.ist\/wp-content\/uploads\/2015\/10\/irak-ordusu-ulkenin-en-buyuk-petrol-rafinerisi-beyciyi-isidden-geri-aldi.jpg\"><img loading=\"lazy\" class=\"alignright size-medium wp-image-45482\" src=\"https:\/\/www.enerjigazetesi.ist\/wp-content\/uploads\/2015\/10\/irak-ordusu-ulkenin-en-buyuk-petrol-rafinerisi-beyciyi-isidden-geri-aldi-300x165.jpg\" alt=\"irak-ordusu-ulkenin-en-buyuk-petrol-rafinerisi-beyciyi-isidden-geri-aldi\" width=\"300\" height=\"165\" srcset=\"https:\/\/www.enerjigazetesi.ist\/wp-content\/uploads\/2015\/10\/irak-ordusu-ulkenin-en-buyuk-petrol-rafinerisi-beyciyi-isidden-geri-aldi-300x165.jpg 300w, https:\/\/www.enerjigazetesi.ist\/wp-content\/uploads\/2015\/10\/irak-ordusu-ulkenin-en-buyuk-petrol-rafinerisi-beyciyi-isidden-geri-aldi-500x276.jpg 500w, https:\/\/www.enerjigazetesi.ist\/wp-content\/uploads\/2015\/10\/irak-ordusu-ulkenin-en-buyuk-petrol-rafinerisi-beyciyi-isidden-geri-aldi-80x44.jpg 80w, https:\/\/www.enerjigazetesi.ist\/wp-content\/uploads\/2015\/10\/irak-ordusu-ulkenin-en-buyuk-petrol-rafinerisi-beyciyi-isidden-geri-aldi.jpg 696w\" sizes=\"(max-width: 300px) 100vw, 300px\" \/><\/a><\/strong><span id=\"more-73827\"><\/span><\/p>\n<p>2014 Mart\u2019\u0131ndan beri I\u015e\u0130D\u2019in elinde olan rafinerinin, b\u00f6lgede Irak ordusunun g\u00fcnler s\u00fcren operasyonu sonucu geri al\u0131nd\u0131\u011f\u0131 belirtildi. Irakl\u0131 bir g\u00fcvenlik kayna\u011f\u0131, \u201cordunun ve milis g\u00fc\u00e7lerinin Beyci rafinerisinin kontrol\u00fcn\u00fc t\u00fcm\u00fcyle ele ge\u00e7irdi\u011fini duyurdu.<\/p>\n<p>Irak Ba\u015fbakan\u0131 Haydar El \u0130badi, Sal\u0131 g\u00fcn\u00fc Beyci\u2019nin ba\u011fl\u0131 oldu\u011fu Selahaddin vilayetinde I\u015e\u0130D\u2019e kar\u015f\u0131 b\u00fcy\u00fck bir operasyon ba\u015flat\u0131ld\u0131\u011f\u0131n\u0131 a\u00e7\u0131klam\u0131\u015ft\u0131.<\/p>\n<p>Kaynak: Enerji Enstit\u00fcs\u00fc<\/p>","protected":false},"excerpt":{"rendered":"<p>Sorry, this entry is only available in Turkish. For the sake of viewer convenience, the content is shown below in the alternative language. You may click the link to switch the active language.\u00dclkenin bir\u00e7ok noktas\u0131nda I\u015e\u0130D\u2019e kar\u015f\u0131 operasyonlar\u0131 s\u00fcrd\u00fcren Irak ordusu, \u00fclkenin en b\u00fcy\u00fck petrol rafinerisi olan Beyci kentindeki tesisi geri ald\u0131. 2014 Mart\u2019\u0131ndan beri [&hellip;]<\/p>\n","protected":false},"author":1,"featured_media":45482,"comment_status":"open","ping_status":"open","sticky":false,"template":"","format":"standard","meta":[],"categories":[53,44],"tags":[15893,26359,63,67,1009,2698,165,19725,16778,59,79,2388,2522],"views":986,"_links":{"self":[{"href":"https:\/\/www.enerjigazetesi.ist\/en\/wp-json\/wp\/v2\/posts\/45481"}],"collection":[{"href":"https:\/\/www.enerjigazetesi.ist\/en\/wp-json\/wp\/v2\/posts"}],"about":[{"href":"https:\/\/www.enerjigazetesi.ist\/en\/wp-json\/wp\/v2\/types\/post"}],"author":[{"embeddable":true,"href":"https:\/\/www.enerjigazetesi.ist\/en\/wp-json\/wp\/v2\/users\/1"}],"replies":[{"embeddable":true,"href":"https:\/\/www.enerjigazetesi.ist\/en\/wp-json\/wp\/v2\/comments?post=45481"}],"version-history":[{"count":1,"href":"https:\/\/www.enerjigazetesi.ist\/en\/wp-json\/wp\/v2\/posts\/45481\/revisions"}],"predecessor-version":[{"id":45483,"href":"https:\/\/www.enerjigazetesi.ist\/en\/wp-json\/wp\/v2\/posts\/45481\/revisions\/45483"}],"wp:featuredmedia":[{"embeddable":true,"href":"https:\/\/www.enerjigazetesi.ist\/en\/wp-json\/wp\/v2\/media\/45482"}],"wp:attachment":[{"href":"https:\/\/www.enerjigazetesi.ist\/en\/wp-json\/wp\/v2\/media?parent=45481"}],"wp:term":[{"taxonomy":"category","embeddable":true,"href":"https:\/\/www.enerjigazetesi.ist\/en\/wp-json\/wp\/v2\/categories?post=45481"},{"taxonomy":"post_tag","embeddable":true,"href":"https:\/\/www.enerjigazetesi.ist\/en\/wp-json\/wp\/v2\/tags?post=45481"}],"curies":[{"name":"wp","href":"https:\/\/api.w.org\/{rel}","templated":true}]}}