{"id":4546,"date":"2012-12-20T09:48:40","date_gmt":"2012-12-20T06:48:40","guid":{"rendered":"https:\/\/www.enerjigazetesi.ist\/?p=4546"},"modified":"2012-12-20T09:49:10","modified_gmt":"2012-12-20T06:49:10","slug":"yenilenebilir-enerji-kaynaklari-gelistirmek-istiyoruz","status":"publish","type":"post","link":"https:\/\/www.enerjigazetesi.ist\/en\/yenilenebilir-enerji-kaynaklari-gelistirmek-istiyoruz\/","title":{"rendered":"(Turkish) Yenilenebilir Enerji Kaynaklar\u0131 Geli\u015ftirmek \u0130stiyoruz"},"content":{"rendered":"<p class=\"qtranxs-available-languages-message qtranxs-available-languages-message-en\">Sorry, this entry is only available in <a href=\"https:\/\/www.enerjigazetesi.ist\/tr\/wp-json\/wp\/v2\/posts\/4546\" class=\"qtranxs-available-language-link qtranxs-available-language-link-tr\" title=\"Turkish\">Turkish<\/a>. For the sake of viewer convenience, the content is shown below in the alternative language. You may click the link to switch the active language.<\/p><p><strong>Enerji ve Tabi Kaynaklar Bakan\u0131 Taner Y\u0131ld\u0131z, \u201cYenilenebilir enerji kaynaklar\u0131ndan olan kaynaklar\u0131m\u0131z\u0131 2023 y\u0131l\u0131na kadar y\u00fczde 30\u2019lar seviyesine getirmek istiyoruz\u201d dedi. Enerji ve Tabi Kaynaklar Bakan\u0131 Taner Y\u0131ld\u0131z, Ekonomik ve Sosyal Ara\u015ft\u0131rmalar Merkezi (ESAM) \u00c7ar\u015famba Konferans\u0131\u2019na kat\u0131ld\u0131.<\/strong><\/p>\n<p><img loading=\"lazy\" class=\"alignright size-medium wp-image-4548\" title=\"yenilenebilir-enerji-sistemleri-taner-yildiz\" src=\"https:\/\/www.enerjigazetesi.ist\/wp-content\/uploads\/2012\/12\/yenilenebilir-enerji-sistemleri-taner-yildiz-300x198.jpg\" alt=\"\" width=\"300\" height=\"198\" srcset=\"https:\/\/www.enerjigazetesi.ist\/wp-content\/uploads\/2012\/12\/yenilenebilir-enerji-sistemleri-taner-yildiz-300x198.jpg 300w, https:\/\/www.enerjigazetesi.ist\/wp-content\/uploads\/2012\/12\/yenilenebilir-enerji-sistemleri-taner-yildiz-500x331.jpg 500w, https:\/\/www.enerjigazetesi.ist\/wp-content\/uploads\/2012\/12\/yenilenebilir-enerji-sistemleri-taner-yildiz-75x50.jpg 75w, https:\/\/www.enerjigazetesi.ist\/wp-content\/uploads\/2012\/12\/yenilenebilir-enerji-sistemleri-taner-yildiz.jpg 573w\" sizes=\"(max-width: 300px) 100vw, 300px\" \/>ESAM Genel Merkezi\u2019nde d\u00fczenlenen etkinli\u011fe ESAM Ba\u015fkan\u0131 Recai Kutan ev sahipli\u011fine yapt\u0131. Y\u0131ld\u0131z, yapt\u0131\u011f\u0131 konu\u015fmada, d\u00fcnyada 1,4 milyar insan\u0131n elektrikle tan\u0131\u015fmad\u0131\u011f\u0131na dikkat \u00e7ekti. Y\u0131ld\u0131z, enerjikalemlerinin en b\u00fcy\u00fck adaletsizlik kalemleri olarak g\u00f6r\u00fcld\u00fc\u011f\u00fcn\u00fc s\u00f6yleyerek, enerji sekt\u00f6r\u00fcnde bir \u00fcr\u00fcn\u00fcn pahal\u0131 olmadan di\u011fer \u00fcr\u00fcn\u00fcn kullan\u0131\u015fl\u0131 hale gelmedi\u011fini kaydetti.<\/p>\n<p>2035 y\u0131l\u0131na kadar d\u00fcnyan\u0131n enerji ihtiyac\u0131n\u0131n kar\u015f\u0131lanmas\u0131 i\u00e7in 39 trilyon dolar yat\u0131r\u0131m yap\u0131lmas\u0131 gerekti\u011fini kaydeden Y\u0131ld\u0131z, \u201cT\u00fcrkiye, \u00f6zellikle son on y\u0131l i\u00e7erisinde b\u00fcy\u00fcme rakamlar\u0131n\u0131 dikkate ald\u0131\u011f\u0131m\u0131zda, bor\u00e7lanma limitleri dikkate ald\u0131\u011f\u0131m\u0131zda, bir \u00f6nceki y\u0131l\u0131n tasarruf miktar\u0131, T\u00fcrkiye\u2019de bir sonraki y\u0131l\u0131n b\u00fcy\u00fcmesinden daha k\u00fc\u00e7\u00fck oldu\u011fu i\u00e7in, uluslar aras\u0131 sermayeye ihtiya\u00e7 hissedildi. Bizim politik olarak, koydu\u011fumuz b\u00fcy\u00fcme rakamlar\u0131, bir \u00f6nceki y\u0131l\u0131n tasarruf miktarlar\u0131ndan daima b\u00fcy\u00fck oldu. E\u011fer b\u00fcy\u00fcmeye karar verdiyseniz, mutlaka uluslar aras\u0131 sermaye ile enjekte etmeniz demektir\u201d ifadelerini kulland\u0131.<\/p>\n<p>T\u00fcrkiye\u2019nin uluslar aras\u0131 sermaye ile b\u00fcy\u00fcmeye karar verdi\u011fini belirten Y\u0131ld\u0131z, \u201cT\u00fcrkiye, varl\u0131klar\u0131n\u0131 ister varl\u0131k sat\u0131\u015f\u0131yla ister yap-i\u015flet-devret modeli kredilendirme modelleriyle kamu ile \u00f6zel sekt\u00f6r\u00fcn payla\u015ft\u0131\u011f\u0131 bir de\u011fer, makuliyet i\u00e7ermesi gerekiyor. Makul rakam hassas \u015fekilde belirlenmeye \u00e7al\u0131\u015f\u0131ld\u0131 ve \u00f6zel sekt\u00f6r\u00fcn sa\u011fl\u0131\u011f\u0131, s\u0131hhatinden sorumlu oldu\u011fumuz bir T\u00fcrkiye enerji sekt\u00f6r\u00fc yap\u0131land\u0131r\u0131ld\u0131\u201d \u015feklinde konu\u015ftu.<\/p>\n<p>Enerji sorununu \u00e7\u00f6zen \u00fclkelerden biri olmak istediklerini s\u00f6yleyen Y\u0131ld\u0131z, \u201cYenilenebilir enerji kaynaklar\u0131ndan olan kaynaklar\u0131m\u0131z\u0131 2023 y\u0131l\u0131na kadar y\u00fczde 30\u2019lar seviyesine getirmek istiyoruz. T\u00fcrkiye\u2019nin b\u00fcy\u00fcme h\u0131z\u0131 kadar, belki ondan biraz daha fazla yenilenebilir enerji kaynaklar\u0131m\u0131z\u0131n daha h\u0131zl\u0131 b\u00fcy\u00fcme \u015fart\u0131 var demektir. Yerli k\u00f6m\u00fcrlerimizi yine teknoloji ile birlikte \u00fcretecek bir yap\u0131y\u0131 kurguluyoruz\u201d dedi.<\/p>\n<p>Yerli kaynaklar\u0131n \u00f6nemine de\u011finen Y\u0131ld\u0131z, \u201cT\u00fcrkiye yerli kaynaklar\u0131n\u0131 harekete ge\u00e7iremedi\u011fi kadar, ithal kaynaklarla ikame etmek zorundad\u0131r. D\u0131\u015fa ba\u011f\u0131ml\u0131l\u0131\u011f\u0131m\u0131z\u0131 azaltacak, her t\u00fcrl\u00fc ad\u0131m\u0131 atmam\u0131z laz\u0131m. T\u00fcrkiye ekonomisi \u00f6zellikle elektrik kullan\u0131m\u0131 itibariyle, ki\u015fi ba\u015f\u0131na d\u00fc\u015fen elektrik miktar\u0131 ile katlan\u0131yor\u201d diye konu\u015ftu. Y\u0131ld\u0131z, sekt\u00f6r b\u00fcy\u00fckl\u00fc\u011f\u00fcn\u00fcn hi\u00e7bir \u00fclkenin siyasi iktidar\u0131n b\u00fcy\u00fckl\u00fc\u011f\u00fcnden b\u00fcy\u00fck olmad\u0131\u011f\u0131n\u0131 da s\u00f6zlerine ekledi.<\/p>\n<p>Kutan, T\u00fcrkiye\u2019nin enerji talebinin art\u0131\u011f\u0131na de\u011finerek, T\u00fcrkiye\u2019de bir kalk\u0131nma hamlesinin ya\u015fand\u0131\u011f\u0131na ve n\u00fcfus art\u0131\u015f\u0131na dikkat \u00e7ekti. T\u00fcrkiye\u2019de 1970 y\u0131l\u0131nda ki\u015fi ba\u015f\u0131 enerji t\u00fcketiminin 205 kilovat\/saat oldu\u011funu ifade eden Kutan 2010 y\u0131l\u0131nda ise ki\u015fi ba\u015f\u0131 enerji t\u00fcketiminin 2 bin 850 kilovat\/saat oldu\u011funu kaydetti.<\/p>\n<p>Kaynak: <a href=\"http:\/\/www.iha.com.tr\/yenilenebilir-enerji-kaynaklari-gelistirmek-istiyoruz-255115-haber\" target=\"_blank\">iha<\/a><\/p>","protected":false},"excerpt":{"rendered":"<p>Sorry, this entry is only available in Turkish. For the sake of viewer convenience, the content is shown below in the alternative language. You may click the link to switch the active language.Enerji ve Tabi Kaynaklar Bakan\u0131 Taner Y\u0131ld\u0131z, \u201cYenilenebilir enerji kaynaklar\u0131ndan olan kaynaklar\u0131m\u0131z\u0131 2023 y\u0131l\u0131na kadar y\u00fczde 30\u2019lar seviyesine getirmek istiyoruz\u201d dedi. Enerji ve [&hellip;]<\/p>\n","protected":false},"author":1,"featured_media":4548,"comment_status":"open","ping_status":"open","sticky":false,"template":"","format":"standard","meta":[],"categories":[53],"tags":[105],"views":451,"_links":{"self":[{"href":"https:\/\/www.enerjigazetesi.ist\/en\/wp-json\/wp\/v2\/posts\/4546"}],"collection":[{"href":"https:\/\/www.enerjigazetesi.ist\/en\/wp-json\/wp\/v2\/posts"}],"about":[{"href":"https:\/\/www.enerjigazetesi.ist\/en\/wp-json\/wp\/v2\/types\/post"}],"author":[{"embeddable":true,"href":"https:\/\/www.enerjigazetesi.ist\/en\/wp-json\/wp\/v2\/users\/1"}],"replies":[{"embeddable":true,"href":"https:\/\/www.enerjigazetesi.ist\/en\/wp-json\/wp\/v2\/comments?post=4546"}],"version-history":[{"count":3,"href":"https:\/\/www.enerjigazetesi.ist\/en\/wp-json\/wp\/v2\/posts\/4546\/revisions"}],"predecessor-version":[{"id":4550,"href":"https:\/\/www.enerjigazetesi.ist\/en\/wp-json\/wp\/v2\/posts\/4546\/revisions\/4550"}],"wp:featuredmedia":[{"embeddable":true,"href":"https:\/\/www.enerjigazetesi.ist\/en\/wp-json\/wp\/v2\/media\/4548"}],"wp:attachment":[{"href":"https:\/\/www.enerjigazetesi.ist\/en\/wp-json\/wp\/v2\/media?parent=4546"}],"wp:term":[{"taxonomy":"category","embeddable":true,"href":"https:\/\/www.enerjigazetesi.ist\/en\/wp-json\/wp\/v2\/categories?post=4546"},{"taxonomy":"post_tag","embeddable":true,"href":"https:\/\/www.enerjigazetesi.ist\/en\/wp-json\/wp\/v2\/tags?post=4546"}],"curies":[{"name":"wp","href":"https:\/\/api.w.org\/{rel}","templated":true}]}}