{"id":45453,"date":"2015-10-16T09:53:45","date_gmt":"2015-10-16T06:53:45","guid":{"rendered":"https:\/\/www.enerjigazetesi.ist\/?p=45453"},"modified":"2015-10-16T09:53:45","modified_gmt":"2015-10-16T06:53:45","slug":"elektrik-perakende-satis-sektorunun-gelecegi-raporu-yayimlandi","status":"publish","type":"post","link":"https:\/\/www.enerjigazetesi.ist\/en\/elektrik-perakende-satis-sektorunun-gelecegi-raporu-yayimlandi\/","title":{"rendered":"(Turkish) \u201cElektrik Perakende Sat\u0131\u015f Sekt\u00f6r\u00fcn\u00fcn Gelece\u011fi\u201d Raporu Yay\u0131mland\u0131!"},"content":{"rendered":"<p class=\"qtranxs-available-languages-message qtranxs-available-languages-message-en\">Sorry, this entry is only available in <a href=\"https:\/\/www.enerjigazetesi.ist\/tr\/wp-json\/wp\/v2\/posts\/45453\" class=\"qtranxs-available-language-link qtranxs-available-language-link-tr\" title=\"Turkish\">Turkish<\/a>. For the sake of viewer convenience, the content is shown below in the alternative language. You may click the link to switch the active language.<\/p><p><\/p>\n<p style=\"color: #666666;\"><strong>T\u00fcrkiye\u2019de elektrik piyasas\u0131n\u0131n \u00f6zelle\u015ftirilmesiyle birlikte faaliyet g\u00f6stermeye ba\u015flayan<span style=\"color: #222222;\">\u00a0elektrik da\u011f\u0131t\u0131m \u015firketleriyle<\/span>\u00a0ilgili tart\u0131\u015fmalar<a href=\"https:\/\/www.enerjigazetesi.ist\/wp-content\/uploads\/2015\/10\/alternatif-enerji-tenva-raporu-500x500_c.jpg\"><img loading=\"lazy\" class=\"alignright  wp-image-45454\" src=\"https:\/\/www.enerjigazetesi.ist\/wp-content\/uploads\/2015\/10\/alternatif-enerji-tenva-raporu-500x500_c-300x300.jpg\" alt=\"alternatif-enerji-tenva-raporu-500x500_c\" width=\"300\" height=\"217\" \/><\/a><br \/>\ng\u00fcndemi belirlemeye<\/strong><\/p>\n<p>devam ediyor. Elektrik da\u011f\u0131t\u0131m \u015firketlerinin<span style=\"font-weight: bold; color: #222222;\">\u00a0elektrik t\u00fcketicisini\u00a0<\/span>koruyan, istek ve beklentilerini \u00f6ng\u00f6ren bir \u015fekilde yap\u0131lanm\u0131\u015f olmas\u0131, t\u00fcketicilerin en b\u00fcy\u00fck talebini olu\u015fturuyor. Buna kar\u015f\u0131n, kamuya da yans\u0131yan kay\u0131p-ka\u00e7ak farklar\u0131n\u0131n t\u00fcketiciye yans\u0131t\u0131lmas\u0131, t\u00fcketicilerin daha \u00e7ok bilgilendirilme ve t\u00fcketimde belirleyici olma y\u00f6n\u00fcndeki talepleri gibi unsurlar kamuoyunda elektrik da\u011f\u0131t\u0131m \u015firketlerini tart\u0131\u015fmal\u0131 bir pozisyona s\u00fcr\u00fckl\u00fcyor. Tam da bu \u00e7er\u00e7evede, T\u00fcrkiye Enerji Vakf\u0131 (TENVA) Direkt\u00f6r\u00fc Dr. Fatih Cemil \u00d6zbu\u011fday taraf\u0131ndan haz\u0131rlanan\u00a0<span style=\"font-weight: bold; color: #222222;\">\u201cElektrik Perakende Sat\u0131\u015f Sekt\u00f6r\u00fcn\u00fcn Gelece\u011fi\u201d\u00a0<\/span>ba\u015fl\u0131kl\u0131 rapor yay\u0131nland\u0131. Rapor, T\u00fcrkiye elektrik piyasas\u0131n\u0131n d\u00fcn\u00fc, bug\u00fcn\u00fc ve gelece\u011fine \u0131\u015f\u0131k tutacak niteli\u011finde.<\/p>\n<p style=\"color: #666666;\">Rapor i\u00e7in\u00a0<a style=\"color: #fc8d8d;\" href=\"http:\/\/www.tenva.org\/wp-content\/uploads\/2015\/10\/TENVA-RAPOR-Elektrik-Perakende-Satis-Sektorunun-Gelecegi.pdf\" target=\"_blank\">t\u0131klay\u0131n<\/a><\/p>\n<p style=\"color: #666666;\">Kaynak:AlternatifEnerji<\/p>\n<p><\/p>","protected":false},"excerpt":{"rendered":"<p>Sorry, this entry is only available in Turkish. For the sake of viewer convenience, the content is shown below in the alternative language. You may click the link to switch the active language. T\u00fcrkiye\u2019de elektrik piyasas\u0131n\u0131n \u00f6zelle\u015ftirilmesiyle birlikte faaliyet g\u00f6stermeye ba\u015flayan\u00a0elektrik da\u011f\u0131t\u0131m \u015firketleriyle\u00a0ilgili tart\u0131\u015fmalar g\u00fcndemi belirlemeye devam ediyor. Elektrik da\u011f\u0131t\u0131m \u015firketlerinin\u00a0elektrik t\u00fcketicisini\u00a0koruyan, istek ve beklentilerini [&hellip;]<\/p>\n","protected":false},"author":1,"featured_media":45454,"comment_status":"open","ping_status":"open","sticky":false,"template":"","format":"standard","meta":[],"categories":[51,53],"tags":[68,1266],"views":1203,"_links":{"self":[{"href":"https:\/\/www.enerjigazetesi.ist\/en\/wp-json\/wp\/v2\/posts\/45453"}],"collection":[{"href":"https:\/\/www.enerjigazetesi.ist\/en\/wp-json\/wp\/v2\/posts"}],"about":[{"href":"https:\/\/www.enerjigazetesi.ist\/en\/wp-json\/wp\/v2\/types\/post"}],"author":[{"embeddable":true,"href":"https:\/\/www.enerjigazetesi.ist\/en\/wp-json\/wp\/v2\/users\/1"}],"replies":[{"embeddable":true,"href":"https:\/\/www.enerjigazetesi.ist\/en\/wp-json\/wp\/v2\/comments?post=45453"}],"version-history":[{"count":1,"href":"https:\/\/www.enerjigazetesi.ist\/en\/wp-json\/wp\/v2\/posts\/45453\/revisions"}],"predecessor-version":[{"id":45459,"href":"https:\/\/www.enerjigazetesi.ist\/en\/wp-json\/wp\/v2\/posts\/45453\/revisions\/45459"}],"wp:featuredmedia":[{"embeddable":true,"href":"https:\/\/www.enerjigazetesi.ist\/en\/wp-json\/wp\/v2\/media\/45454"}],"wp:attachment":[{"href":"https:\/\/www.enerjigazetesi.ist\/en\/wp-json\/wp\/v2\/media?parent=45453"}],"wp:term":[{"taxonomy":"category","embeddable":true,"href":"https:\/\/www.enerjigazetesi.ist\/en\/wp-json\/wp\/v2\/categories?post=45453"},{"taxonomy":"post_tag","embeddable":true,"href":"https:\/\/www.enerjigazetesi.ist\/en\/wp-json\/wp\/v2\/tags?post=45453"}],"curies":[{"name":"wp","href":"https:\/\/api.w.org\/{rel}","templated":true}]}}