{"id":45446,"date":"2015-10-16T09:53:36","date_gmt":"2015-10-16T06:53:36","guid":{"rendered":"https:\/\/www.enerjigazetesi.ist\/?p=45446"},"modified":"2015-10-16T13:33:28","modified_gmt":"2015-10-16T10:33:28","slug":"ispanya-gunes-ten-vergi-alacak","status":"publish","type":"post","link":"https:\/\/www.enerjigazetesi.ist\/en\/ispanya-gunes-ten-vergi-alacak\/","title":{"rendered":"(Turkish) \u0130spanya G\u00fcne\u015ften Vergi Alacak&#8230;"},"content":{"rendered":"<p class=\"qtranxs-available-languages-message qtranxs-available-languages-message-en\">Sorry, this entry is only available in <a href=\"https:\/\/www.enerjigazetesi.ist\/tr\/wp-json\/wp\/v2\/posts\/45446\" class=\"qtranxs-available-language-link qtranxs-available-language-link-tr\" title=\"Turkish\">Turkish<\/a>. For the sake of viewer convenience, the content is shown below in the alternative language. You may click the link to switch the active language.<\/p><p><a href=\"https:\/\/www.enerjigazetesi.ist\/wp-content\/uploads\/2015\/10\/alternatif-enerji-gunder-kumelenme-1900x700_c.jpg\"><img loading=\"lazy\" class=\"alignleft  wp-image-45448\" src=\"https:\/\/www.enerjigazetesi.ist\/wp-content\/uploads\/2015\/10\/alternatif-enerji-gunder-kumelenme-1900x700_c-300x110.jpg\" alt=\"alternatif-enerji-gunder-kumelenme-1900x700_c\" width=\"300\" height=\"158\" \/><\/a><strong>\u0130spanyol h\u00fck\u00fcmeti, kendi enerjisini g\u00fcne\u015ften elde eden t\u00fcketicilere vergi getirdi.<\/strong><\/p>\n<p style=\"color: #666666;\">D\u00fcnyada\u00a0<span style=\"font-weight: bold; color: #222222;\">g\u00fcne\u015f enerjisi<\/span>\u00a0uygulamalar\u0131na kar\u015f\u0131 h\u00fck\u00fcmetler \u00e7e\u015fitli d\u00fczenlemeler geli\u015ftiriyor.<\/p>\n<p style=\"color: #666666;\">\u0130spanyol h\u00fck\u00fcmeti, kendi enerjisini g\u00fcne\u015ften elde eden t\u00fcketicilere vergi getirdi. \u0130ki senedir tart\u0131\u015f\u0131lan \u2018g\u00fcne\u015f vergisi\u2019 ge\u00e7ti\u011fimiz cuma g\u00fcn\u00fc Bakanlar Kurulu\u2019nda kabul edildi.<\/p>\n<p style=\"color: #666666;\">\u0130spanya Enerji Bakan\u0131 Jose Manuel Soria, bu kararname ile ki\u015fisel kullan\u0131m ama\u00e7l\u0131 elektrik \u00fcretiminin d\u00fczene sokuldu\u011funu ve \u2018yenilenebilir enerji i\u00e7in destek\u2019 anlam\u0131na geldi\u011fini s\u00f6yledi.<\/p>\n<p style=\"color: #666666;\">10 kilovattan fazla elektrik \u00fcreten g\u00fcne\u015f panellerini kullanan vatanda\u015flar, elektrik a\u011f\u0131n\u0131n bak\u0131m\u0131 ad\u0131 alt\u0131nda her bir kilovat i\u00e7in 10 dolar \u00f6deyecek. E\u011fer bu bir ticari kullan\u0131m ise kilovat ba\u015f\u0131na 41 dolar vergi \u00f6demesi gerekecek.<\/p>\n<p style=\"color: #666666;\">Haberin devam\u0131 i\u00e7in\u00a0<span style=\"color: #99cc00;\"><a style=\"color: #fc8d8d;\" href=\"http:\/\/www.bugun.com.tr\/son-dakika\/ispanya-gunesten-vergi-alacak-1878278.html\" target=\"_blank\"><span style=\"color: #99cc00;\">t\u0131klay\u0131n&gt;&gt;&gt;<\/span><\/a><\/span><\/p>\n<p style=\"color: #666666;\">Kaynak: Bug\u00fcn<\/p>\n<p>&nbsp;<\/p>","protected":false},"excerpt":{"rendered":"<p>Sorry, this entry is only available in Turkish. For the sake of viewer convenience, the content is shown below in the alternative language. You may click the link to switch the active language.\u0130spanyol h\u00fck\u00fcmeti, kendi enerjisini g\u00fcne\u015ften elde eden t\u00fcketicilere vergi getirdi. D\u00fcnyada\u00a0g\u00fcne\u015f enerjisi\u00a0uygulamalar\u0131na kar\u015f\u0131 h\u00fck\u00fcmetler \u00e7e\u015fitli d\u00fczenlemeler geli\u015ftiriyor. \u0130spanyol h\u00fck\u00fcmeti, kendi enerjisini g\u00fcne\u015ften elde [&hellip;]<\/p>\n","protected":false},"author":1,"featured_media":45448,"comment_status":"open","ping_status":"open","sticky":false,"template":"","format":"standard","meta":[],"categories":[53,49],"tags":[24478,13,2048],"views":1551,"_links":{"self":[{"href":"https:\/\/www.enerjigazetesi.ist\/en\/wp-json\/wp\/v2\/posts\/45446"}],"collection":[{"href":"https:\/\/www.enerjigazetesi.ist\/en\/wp-json\/wp\/v2\/posts"}],"about":[{"href":"https:\/\/www.enerjigazetesi.ist\/en\/wp-json\/wp\/v2\/types\/post"}],"author":[{"embeddable":true,"href":"https:\/\/www.enerjigazetesi.ist\/en\/wp-json\/wp\/v2\/users\/1"}],"replies":[{"embeddable":true,"href":"https:\/\/www.enerjigazetesi.ist\/en\/wp-json\/wp\/v2\/comments?post=45446"}],"version-history":[{"count":3,"href":"https:\/\/www.enerjigazetesi.ist\/en\/wp-json\/wp\/v2\/posts\/45446\/revisions"}],"predecessor-version":[{"id":45461,"href":"https:\/\/www.enerjigazetesi.ist\/en\/wp-json\/wp\/v2\/posts\/45446\/revisions\/45461"}],"wp:featuredmedia":[{"embeddable":true,"href":"https:\/\/www.enerjigazetesi.ist\/en\/wp-json\/wp\/v2\/media\/45448"}],"wp:attachment":[{"href":"https:\/\/www.enerjigazetesi.ist\/en\/wp-json\/wp\/v2\/media?parent=45446"}],"wp:term":[{"taxonomy":"category","embeddable":true,"href":"https:\/\/www.enerjigazetesi.ist\/en\/wp-json\/wp\/v2\/categories?post=45446"},{"taxonomy":"post_tag","embeddable":true,"href":"https:\/\/www.enerjigazetesi.ist\/en\/wp-json\/wp\/v2\/tags?post=45446"}],"curies":[{"name":"wp","href":"https:\/\/api.w.org\/{rel}","templated":true}]}}