{"id":45437,"date":"2015-10-15T17:36:18","date_gmt":"2015-10-15T14:36:18","guid":{"rendered":"https:\/\/www.enerjigazetesi.ist\/?p=45437"},"modified":"2015-10-15T20:39:57","modified_gmt":"2015-10-15T17:39:57","slug":"550-evin-elektrigini-bir-gunde-uretiyor","status":"publish","type":"post","link":"https:\/\/www.enerjigazetesi.ist\/en\/550-evin-elektrigini-bir-gunde-uretiyor\/","title":{"rendered":"(Turkish) 550 Evin Elektri\u011fini &#8216;Bir&#8217; G\u00fcnde \u00dcretiyor&#8230;"},"content":{"rendered":"<p class=\"qtranxs-available-languages-message qtranxs-available-languages-message-en\">Sorry, this entry is only available in <a href=\"https:\/\/www.enerjigazetesi.ist\/tr\/wp-json\/wp\/v2\/posts\/45437\" class=\"qtranxs-available-language-link qtranxs-available-language-link-tr\" title=\"Turkish\">Turkish<\/a>. For the sake of viewer convenience, the content is shown below in the alternative language. You may click the link to switch the active language.<\/p><p><\/p>\n<div id=\"news_content\" class=\"text_content\" style=\"color: #4d4e53;\">\n<p><strong><a href=\"https:\/\/www.enerjigazetesi.ist\/wp-content\/uploads\/2015\/10\/127642.jpg\"><img loading=\"lazy\" class=\"alignright size-medium wp-image-45438\" src=\"https:\/\/www.enerjigazetesi.ist\/wp-content\/uploads\/2015\/10\/127642-300x153.jpg\" alt=\"127642\" width=\"300\" height=\"153\" srcset=\"https:\/\/www.enerjigazetesi.ist\/wp-content\/uploads\/2015\/10\/127642-300x153.jpg 300w, https:\/\/www.enerjigazetesi.ist\/wp-content\/uploads\/2015\/10\/127642-500x255.jpg 500w, https:\/\/www.enerjigazetesi.ist\/wp-content\/uploads\/2015\/10\/127642-80x40.jpg 80w, https:\/\/www.enerjigazetesi.ist\/wp-content\/uploads\/2015\/10\/127642.jpg 685w\" sizes=\"(max-width: 300px) 100vw, 300px\" \/><\/a>Antalyaspor&#8217;un Be\u015fikta\u015f ma\u00e7\u0131yla kap\u0131lar\u0131n\u0131 a\u00e7aca\u011f\u0131 33 bin ki\u015filik yeni stad\u0131 Antalya Arena&#8217;n\u0131n \u00e7at\u0131s\u0131ndaki g\u00fcne\u015f enerjisi panelleri, bir g\u00fcnde 550 konutun elektrik ihtiyac\u0131n\u0131 kar\u015f\u0131layacak kadar enerji \u00fcretiyor.<\/strong><\/p>\n<p>Antalya&#8217;da ge\u00e7en y\u0131l haziran ay\u0131nda 96 d\u00f6n\u00fcml\u00fck arazide temeli at\u0131lan 33 bin ki\u015filik stadyumda in\u015faat \u00e7al\u0131\u015fmas\u0131 sona erdi. Tam daire \u015fekliyle arena g\u00f6r\u00fcn\u00fcm\u00fcn\u00fc and\u0131ran statta koltuk montaj\u0131 da tamamland\u0131. Soyunma odalar\u0131, yedek kul\u00fcbesi ve locas\u0131 tamamlanan statta, ses ve g\u00f6r\u00fcnt\u00fc sistemi de haz\u0131rland\u0131. T\u00fcrkiye&#8217;deki futbol sahalar\u0131ndan farkl\u0131 bir \u00f6zelli\u011fe sahip stad\u0131n 16 bin metrekarelik \u00e7at\u0131s\u0131, trib\u00fcnlerin \u00fczerini kapat\u0131yor. \u00c7at\u0131n\u0131n 12 bin metrekarelik b\u00f6l\u00fcm\u00fcndeki 1.4 megawatt enerji g\u00fcc\u00fcne sahip g\u00fcne\u015f panelleri, 16 Eyl\u00fcl&#8217;den itibaren \u015fehir \u015febekesine elektrik veriyor.<\/p>\n<p><strong>D\u00fcnyan\u0131n en fazla elektrik \u00fcreten stad\u0131<\/strong><\/p>\n<p>G\u00fcnde ortalama 7 bin 200 kilowatt\/saat enerji \u00fcreten stat T\u00fcrkiye&#8217;de ilk, d\u00fcnyada ise kapasitesiyle en fazla enerji \u00fcreten spor kompleksi \u00f6zelli\u011fine sahip. UEFA kriterlerine uygun \u015fekilde haz\u0131rlanan statta 38 tane 20 ki\u015filik, 4 grup, 1 de protokol locas\u0131 yer al\u0131yor. 8 bin metrekarelik ticari alan ile 1200 ara\u00e7l\u0131k otopark\u0131 bulunan stad\u0131n kar\u015f\u0131l\u0131kl\u0131 iki skorboardu bulunuyor. Taraftar i\u00e7in farkl\u0131 y\u00f6nlere giri\u015f- \u00e7\u0131k\u0131\u015f alan\u0131 ayr\u0131lan statta, y\u00fcz tan\u0131maya uygun kameralar\u0131n da yer ald\u0131\u011f\u0131 \u00fcst d\u00fczeyde g\u00fcvenlik \u00f6nemleri mevcut.<\/p>\n<p><strong>8 metrekarelik alan g\u00fcne\u015f g\u00f6rm\u00fcyor<\/strong><\/p>\n<p>Mimari yap\u0131s\u0131 nedeniyle stad\u0131n g\u00fcney trib\u00fcn\u00fc \u00f6n\u00fcnde yeterince g\u00fcne\u015f almayan \u00e7imlere \u0131\u015f\u0131kland\u0131rma ve havaland\u0131rma deste\u011fiyle &#8216;yo\u011fun bak\u0131m&#8217; \u00e7al\u0131\u015fmas\u0131 uygulan\u0131yor. Stat zeminin 113 metrekarelik \u00e7im b\u00f6l\u00fcm\u00fcn\u00fcn sadece g\u00fcney trib\u00fcn\u00fc \u00f6n\u00fcndeki 8 metrekarelik alanda ya\u015fanan sorunlu b\u00f6lgede iyile\u015fme s\u00fcrecinde aksilik ya\u015fanmazsa, Antalyaspor ligin 9&#8217;uncu haftas\u0131ndaki Be\u015fikta\u015f ma\u00e7\u0131n\u0131 yeni stad\u0131nda oynayacak.<\/p>\n<p><strong>1 ayda t\u00fcketti\u011fi enerjiyi 1 g\u00fcnde \u00fcretecek<\/strong><\/p>\n<p>Proje m\u00fcd\u00fcr\u00fc Ya\u015far Ayd\u0131n, stad\u0131n elektrik enerjisi \u00fcretim kapasitesiyle d\u00fcnyan\u0131n en b\u00fcy\u00fck, T\u00fcrkiye&#8217;de ilk spor tesisi olma \u00f6zelli\u011fine sahip oldu\u011funu s\u00f6yledi. Ayd\u0131n, Antalya&#8217;n\u0131n 1 y\u0131lda g\u00fcne\u015flenme saati dikkate al\u0131narak yap\u0131lan hesaplamada, stad\u0131n g\u00fcnde ortalama 7 bin 200 kilowatt\/saat elektrik \u00fcretti\u011fini kaydetti. Basit bir hesapla bu \u00fcretim miktar\u0131n\u0131n 550 konutun g\u00fcnl\u00fck elektrik t\u00fcketimine e\u015fde\u011fer oldu\u011funa i\u015faret eden Ayd\u0131n, &#8220;1 ayda 3 ma\u00e7 yap\u0131ld\u0131\u011f\u0131 g\u00f6z \u00f6n\u00fcnde bulundurulursa, stat 1 ayl\u0131k elektrik t\u00fcketiminden fazlas\u0131n\u0131 1 g\u00fcnde kar\u015f\u0131layacak&#8221; diye konu\u015ftu.<\/p>\n<p><strong>Be\u015fikta\u015f ma\u00e7\u0131nda a\u00e7\u0131l\u0131yor<\/strong><\/p>\n<p>Ayd\u0131n, statta mimari \u00f6zellikten kaynaklanan sorun nedeniyle g\u00fcney taraf\u0131ndaki kale \u00f6n\u00fcnde yer alan \u00e7imlere \u0131\u015f\u0131kland\u0131rma ve r\u00fczgar sisteminin yer ald\u0131\u011f\u0131 bak\u0131m\u0131n s\u00fcrekli uygulanaca\u011f\u0131n\u0131 belirtti. \u00c7imlerin Be\u015fikta\u015f ma\u00e7\u0131na kadar futbol oynamaya haz\u0131r hale gelmesini planlad\u0131klar\u0131n\u0131 kaydeden Ayd\u0131n, &#8220;Bir aksilik ya\u015fanmazsa Antalyaspor, Be\u015fikta\u015f ma\u00e7\u0131n\u0131 yeni stad\u0131nda oynayacak&#8221; dedi.<\/p>\n<p><strong>&#8216;Seyirci rekoru k\u0131rmak istiyoruz&#8217;<\/strong><\/p>\n<p>Antalyaspor Kul\u00fcb\u00fc Ba\u015fkan\u0131 G\u00fcltekin Gencer de, k\u0131rm\u0131z\u0131 beyazl\u0131 tak\u0131m\u0131n 33 bin ki\u015filik stad\u0131n\u0131n ad\u0131n\u0131 &#8216;Antalya Arena&#8217; olarak belirlediklerini s\u00f6yledi.<\/p>\n<p>Be\u015fikta\u015f ma\u00e7\u0131yla Antalya Arena&#8217;n\u0131n 26 Ekim&#8217;de kap\u0131lar\u0131n\u0131 a\u00e7aca\u011f\u0131n\u0131 dile getiren Gencer, ma\u00e7ta seyirci say\u0131s\u0131yla rekor k\u0131rmak istediklerini s\u00f6yledi. Gencer taraftar\u0131n 33 bin ki\u015filik stad\u0131 tamamen doldurmas\u0131n\u0131, seyirci ve has\u0131lat rekoruyla ba\u015flamak istediklerini, Antalya&#8217;da ya\u015fayanlar\u0131n bu rekoru k\u0131racaklar\u0131na inand\u0131klar\u0131n\u0131 kaydetti.<\/p>\n<p>Gen\u00e7lik ve Spor Bakanl\u0131\u011f\u0131&#8217;n\u0131n, ge\u00e7en hafta TOK\u0130&#8217;den stat devrini ald\u0131\u011f\u0131n\u0131 kaydeden Gencer, bakanl\u0131ktan da Antalya B\u00fcy\u00fck\u015fehir Belediyesi&#8217;ne devir i\u015flemlerinin s\u00fcrd\u00fc\u011f\u00fcn\u00fc anlatt\u0131. Ba\u015fkan Gencer \u015f\u00f6yle konu\u015ftu:<\/p>\n<p>&#8220;Stad\u0131n belediyeye devrinden sonra Antalyaspor Kul\u00fcb\u00fc&#8217;ne devri i\u00e7in \u00e7al\u0131\u015fmalara \u015fimdiden ba\u015flad\u0131k. Bakanl\u0131k taraf\u0131ndan stad\u0131n 10 y\u0131ll\u0131\u011f\u0131na belediyeye, belediyeden de kul\u00fcbe devri yap\u0131lacak. Bu s\u00fcre\u00e7 i\u015flemeye devam etse de, bakanl\u0131k izniyle Be\u015fikta\u015f ma\u00e7\u0131n\u0131 Antalya Arena&#8217;da oynayaca\u011f\u0131z.&#8221;<\/p>\n<p><a style=\"color: #0000ff;\" href=\"http:\/\/www.dunya.com\/turkiyenin-gunes-enerjili-ilk-stadi-aciliyor-1769g.htm\" target=\"_blank\"><img title=\"untitled-3-013.jpg\" src=\"http:\/\/www.dunya.com\/d\/other\/untitled-3-013.jpg\" alt=\"untitled-3-013.jpg\" \/><\/a><\/p>\n<\/div>\n<div class=\"clear\" style=\"color: #0f0f0f;\"><\/div>\n<div class=\"source\" style=\"font-weight: bold; color: #575757;\">Kaynak: DHA<\/div>\n<p><\/p>","protected":false},"excerpt":{"rendered":"<p>Sorry, this entry is only available in Turkish. For the sake of viewer convenience, the content is shown below in the alternative language. You may click the link to switch the active language. Antalyaspor&#8217;un Be\u015fikta\u015f ma\u00e7\u0131yla kap\u0131lar\u0131n\u0131 a\u00e7aca\u011f\u0131 33 bin ki\u015filik yeni stad\u0131 Antalya Arena&#8217;n\u0131n \u00e7at\u0131s\u0131ndaki g\u00fcne\u015f enerjisi panelleri, bir g\u00fcnde 550 konutun elektrik ihtiyac\u0131n\u0131 [&hellip;]<\/p>\n","protected":false},"author":1,"featured_media":45438,"comment_status":"open","ping_status":"open","sticky":false,"template":"","format":"standard","meta":[],"categories":[51,53,49],"tags":[26347,26348],"views":1120,"_links":{"self":[{"href":"https:\/\/www.enerjigazetesi.ist\/en\/wp-json\/wp\/v2\/posts\/45437"}],"collection":[{"href":"https:\/\/www.enerjigazetesi.ist\/en\/wp-json\/wp\/v2\/posts"}],"about":[{"href":"https:\/\/www.enerjigazetesi.ist\/en\/wp-json\/wp\/v2\/types\/post"}],"author":[{"embeddable":true,"href":"https:\/\/www.enerjigazetesi.ist\/en\/wp-json\/wp\/v2\/users\/1"}],"replies":[{"embeddable":true,"href":"https:\/\/www.enerjigazetesi.ist\/en\/wp-json\/wp\/v2\/comments?post=45437"}],"version-history":[{"count":2,"href":"https:\/\/www.enerjigazetesi.ist\/en\/wp-json\/wp\/v2\/posts\/45437\/revisions"}],"predecessor-version":[{"id":45440,"href":"https:\/\/www.enerjigazetesi.ist\/en\/wp-json\/wp\/v2\/posts\/45437\/revisions\/45440"}],"wp:featuredmedia":[{"embeddable":true,"href":"https:\/\/www.enerjigazetesi.ist\/en\/wp-json\/wp\/v2\/media\/45438"}],"wp:attachment":[{"href":"https:\/\/www.enerjigazetesi.ist\/en\/wp-json\/wp\/v2\/media?parent=45437"}],"wp:term":[{"taxonomy":"category","embeddable":true,"href":"https:\/\/www.enerjigazetesi.ist\/en\/wp-json\/wp\/v2\/categories?post=45437"},{"taxonomy":"post_tag","embeddable":true,"href":"https:\/\/www.enerjigazetesi.ist\/en\/wp-json\/wp\/v2\/tags?post=45437"}],"curies":[{"name":"wp","href":"https:\/\/api.w.org\/{rel}","templated":true}]}}