{"id":45337,"date":"2015-10-13T11:14:14","date_gmt":"2015-10-13T08:14:14","guid":{"rendered":"https:\/\/www.enerjigazetesi.ist\/?p=45337"},"modified":"2015-10-13T11:14:14","modified_gmt":"2015-10-13T08:14:14","slug":"pkk-vedasa-saldirdi-2-araci-yakti","status":"publish","type":"post","link":"https:\/\/www.enerjigazetesi.ist\/en\/pkk-vedasa-saldirdi-2-araci-yakti\/","title":{"rendered":"(Turkish) PKK VEDA\u015e\u2019a Sald\u0131rd\u0131, 2 Arac\u0131 Yakt\u0131!"},"content":{"rendered":"<p class=\"qtranxs-available-languages-message qtranxs-available-languages-message-en\">Sorry, this entry is only available in <a href=\"https:\/\/www.enerjigazetesi.ist\/tr\/wp-json\/wp\/v2\/posts\/45337\" class=\"qtranxs-available-language-link qtranxs-available-language-link-tr\" title=\"Turkish\">Turkish<\/a>. For the sake of viewer convenience, the content is shown below in the alternative language. You may click the link to switch the active language.<\/p><p><\/p>\n<p style=\"color: #222222;\"><strong>Van, Mu\u015f, Bitlis ve Hakkari b\u00f6lgesine elektrik da\u011f\u0131t\u0131m\u0131 yapan Vang\u00f6l\u00fc Elektrik <a href=\"https:\/\/www.enerjigazetesi.ist\/wp-content\/uploads\/2015\/10\/pkk-adam-ka\u00e7\u0131rma-3978323-696x385.jpg\"><img loading=\"lazy\" class=\"alignright size-medium wp-image-45338\" src=\"https:\/\/www.enerjigazetesi.ist\/wp-content\/uploads\/2015\/10\/pkk-adam-ka\u00e7\u0131rma-3978323-696x385-300x165.jpg\" alt=\"pkk-adam-ka\u00e7\u0131rma-3978323-696x385\" width=\"300\" height=\"165\" srcset=\"https:\/\/www.enerjigazetesi.ist\/wp-content\/uploads\/2015\/10\/pkk-adam-ka\u00e7\u0131rma-3978323-696x385-300x165.jpg 300w, https:\/\/www.enerjigazetesi.ist\/wp-content\/uploads\/2015\/10\/pkk-adam-ka\u00e7\u0131rma-3978323-696x385-500x276.jpg 500w, https:\/\/www.enerjigazetesi.ist\/wp-content\/uploads\/2015\/10\/pkk-adam-ka\u00e7\u0131rma-3978323-696x385-80x44.jpg 80w, https:\/\/www.enerjigazetesi.ist\/wp-content\/uploads\/2015\/10\/pkk-adam-ka\u00e7\u0131rma-3978323-696x385.jpg 696w\" sizes=\"(max-width: 300px) 100vw, 300px\" \/><\/a>Da\u011f\u0131t\u0131m Anonim \u015eirketi (VEDA\u015e)\u2019\u0131n iki arac\u0131 Hakkari\u2019nin \u015eemdinli il\u00e7esinde are\u015fe verildi.<\/strong><span id=\"more-73781\"><\/span><\/p>\n<p style=\"color: #222222;\">\u0130l\u00e7e giri\u015findeki VEDA\u015e binas\u0131na gelen silahl\u0131 bir grup ter\u00f6rist, kuruma ait iki arac\u0131 gasp etti.<\/p>\n<p style=\"color: #222222;\">\u015eemdinli-Y\u00fcksekova karayolunun Alt\u0131nsu k\u00f6y\u00fc yak\u0131nlar\u0131nda ate\u015fe verilen ara\u00e7lar kullan\u0131lamaz hale geldi. G\u00fcvenlik g\u00fc\u00e7leri sald\u0131rganlar\u0131n yakalanmas\u0131 i\u00e7in b\u00f6lgede operasyon ba\u015flatt\u0131.<\/p>\n<p style=\"color: #222222;\">Olayla ilgili soru\u015fturma s\u00fcr\u00fcyor.<\/p>\n<p style=\"color: #222222;\">Ter\u00f6r \u00f6rg\u00fct\u00fc PKK, b\u00f6lgede halk\u0131 ka\u00e7ak elektrik kullan\u0131m\u0131na te\u015fvik ediyor, enerji hatlar\u0131 ve da\u011f\u0131t\u0131m \u015firketlerinin ara\u00e7lar\u0131na sald\u0131r\u0131yor. VEDA\u015e\u2019a ait ara\u00e7lar daha \u00f6nce de defalarca sald\u0131r\u0131ya u\u011fram\u0131\u015f ve yak\u0131lm\u0131\u015ft\u0131.<\/p>\n<p style=\"color: #222222;\">Kaynak: EnerjiEnstit\u00fcs\u00fc<\/p>\n<p><\/p>","protected":false},"excerpt":{"rendered":"<p>Sorry, this entry is only available in Turkish. For the sake of viewer convenience, the content is shown below in the alternative language. You may click the link to switch the active language. Van, Mu\u015f, Bitlis ve Hakkari b\u00f6lgesine elektrik da\u011f\u0131t\u0131m\u0131 yapan Vang\u00f6l\u00fc Elektrik Da\u011f\u0131t\u0131m Anonim \u015eirketi (VEDA\u015e)\u2019\u0131n iki arac\u0131 Hakkari\u2019nin \u015eemdinli il\u00e7esinde are\u015fe verildi. [&hellip;]<\/p>\n","protected":false},"author":1,"featured_media":45338,"comment_status":"open","ping_status":"open","sticky":false,"template":"","format":"standard","meta":[],"categories":[51,53],"tags":[7104,1215,16455,26298,24138,10676,26299],"views":1027,"_links":{"self":[{"href":"https:\/\/www.enerjigazetesi.ist\/en\/wp-json\/wp\/v2\/posts\/45337"}],"collection":[{"href":"https:\/\/www.enerjigazetesi.ist\/en\/wp-json\/wp\/v2\/posts"}],"about":[{"href":"https:\/\/www.enerjigazetesi.ist\/en\/wp-json\/wp\/v2\/types\/post"}],"author":[{"embeddable":true,"href":"https:\/\/www.enerjigazetesi.ist\/en\/wp-json\/wp\/v2\/users\/1"}],"replies":[{"embeddable":true,"href":"https:\/\/www.enerjigazetesi.ist\/en\/wp-json\/wp\/v2\/comments?post=45337"}],"version-history":[{"count":1,"href":"https:\/\/www.enerjigazetesi.ist\/en\/wp-json\/wp\/v2\/posts\/45337\/revisions"}],"predecessor-version":[{"id":45339,"href":"https:\/\/www.enerjigazetesi.ist\/en\/wp-json\/wp\/v2\/posts\/45337\/revisions\/45339"}],"wp:featuredmedia":[{"embeddable":true,"href":"https:\/\/www.enerjigazetesi.ist\/en\/wp-json\/wp\/v2\/media\/45338"}],"wp:attachment":[{"href":"https:\/\/www.enerjigazetesi.ist\/en\/wp-json\/wp\/v2\/media?parent=45337"}],"wp:term":[{"taxonomy":"category","embeddable":true,"href":"https:\/\/www.enerjigazetesi.ist\/en\/wp-json\/wp\/v2\/categories?post=45337"},{"taxonomy":"post_tag","embeddable":true,"href":"https:\/\/www.enerjigazetesi.ist\/en\/wp-json\/wp\/v2\/tags?post=45337"}],"curies":[{"name":"wp","href":"https:\/\/api.w.org\/{rel}","templated":true}]}}