{"id":45331,"date":"2015-10-13T10:46:57","date_gmt":"2015-10-13T07:46:57","guid":{"rendered":"https:\/\/www.enerjigazetesi.ist\/?p=45331"},"modified":"2015-10-13T19:22:48","modified_gmt":"2015-10-13T16:22:48","slug":"6-turkiye-enerji-zirvesi-konyada-basladi","status":"publish","type":"post","link":"https:\/\/www.enerjigazetesi.ist\/en\/6-turkiye-enerji-zirvesi-konyada-basladi\/","title":{"rendered":"(Turkish) 6. T\u00fcrkiye Enerji Zirvesi Konya\u2019da Ba\u015flad\u0131!"},"content":{"rendered":"<p class=\"qtranxs-available-languages-message qtranxs-available-languages-message-en\">Sorry, this entry is only available in <a href=\"https:\/\/www.enerjigazetesi.ist\/tr\/wp-json\/wp\/v2\/posts\/45331\" class=\"qtranxs-available-language-link qtranxs-available-language-link-tr\" title=\"Turkish\">Turkish<\/a>. For the sake of viewer convenience, the content is shown below in the alternative language. You may click the link to switch the active language.<\/p><p><\/p>\n<p style=\"color: #222222;\"><strong>Enerji ve Tabii Kaynaklar Bakanl\u0131\u011f\u0131 ile Enerji Piyasas\u0131 D\u00fczenleme Kurumu\u2019nun (EPDK) kamu ve \u00f6zel sekt\u00f6r birlikteli\u011fiyle <a href=\"https:\/\/www.enerjigazetesi.ist\/wp-content\/uploads\/2015\/10\/6.-T\u00fcrkiye-enerji-zirvesi-23983-696x385.jpeg\"><img loading=\"lazy\" class=\"alignright size-medium wp-image-45332\" src=\"https:\/\/www.enerjigazetesi.ist\/wp-content\/uploads\/2015\/10\/6.-T\u00fcrkiye-enerji-zirvesi-23983-696x385-300x165.jpeg\" alt=\"6.-T\u00fcrkiye-enerji-zirvesi-23983-696x385\" width=\"300\" height=\"165\" srcset=\"https:\/\/www.enerjigazetesi.ist\/wp-content\/uploads\/2015\/10\/6.-T\u00fcrkiye-enerji-zirvesi-23983-696x385-300x165.jpeg 300w, https:\/\/www.enerjigazetesi.ist\/wp-content\/uploads\/2015\/10\/6.-T\u00fcrkiye-enerji-zirvesi-23983-696x385-500x276.jpeg 500w, https:\/\/www.enerjigazetesi.ist\/wp-content\/uploads\/2015\/10\/6.-T\u00fcrkiye-enerji-zirvesi-23983-696x385-80x44.jpeg 80w, https:\/\/www.enerjigazetesi.ist\/wp-content\/uploads\/2015\/10\/6.-T\u00fcrkiye-enerji-zirvesi-23983-696x385.jpeg 696w\" sizes=\"(max-width: 300px) 100vw, 300px\" \/><\/a>d\u00fczenledi\u011fi 6. T\u00fcrkiye Enerji Zirvesi, Sel\u00e7uk \u00dcniversitesi\u2019nin ev sahipli\u011finde Konya\u2019da ba\u015flad\u0131.<\/strong><span id=\"more-73778\"><\/span><\/p>\n<p style=\"color: #222222;\">Sel\u00e7uk \u00dcniversitesi S\u00fcleyman Demirel K\u00fclt\u00fcr Merkezi\u2019nde ba\u015flayan zirveye Konya Valisi Muammer Erol, EPDK Ba\u015fkan\u0131 Mustafa Y\u0131lmaz, Rekabet Kurumu Ba\u015fkan\u0131 Prof. Dr. \u00d6mer Torlak, Sel\u00e7uk \u00dcniversitesi Rekt\u00f6r\u00fc Prof. Dr. Hakk\u0131 G\u00f6kbel, Konya B\u00fcy\u00fck\u015fehir Belediyesi Genel Sekreter Yard\u0131mc\u0131s\u0131 \u015eenol Ayd\u0131n ve enerji piyasas\u0131 temsilcileri kat\u0131ld\u0131.<\/p>\n<p style=\"color: #222222;\">Zirve Ba\u015fkan\u0131 Fatih D\u00f6nmez, program\u0131n a\u00e7\u0131l\u0131\u015f konu\u015fmas\u0131nda, T\u00fcrkiye Enerji Zirvesi\u2019ni her y\u0131l Anadolu\u2019nun farkl\u0131 kentlerinde yapt\u0131klar\u0131n\u0131 ifade etti. Ger\u00e7ekle\u015ftirilen anket sonucunda, zirvenin Konya\u2019da yap\u0131lmas\u0131na karar verildi\u011fini belirten D\u00f6nmez, elektrik, do\u011falgaz, petrol ve LPG piyasalar\u0131 ile t\u00fcketicilerin kendilerine sunmu\u015f oldu\u011fu g\u00f6r\u00fc\u015f ve \u00f6nerileri aktard\u0131.<\/p>\n<p style=\"color: #222222;\">Rekabet Kurumu Ba\u015fkan\u0131 Prof. Dr. \u00d6mer Torlak da yapt\u0131\u011f\u0131 konu\u015fmada, kurum olarak temel ama\u00e7lar\u0131n\u0131n; t\u00fcketici refah\u0131n\u0131 art\u0131rmak oldu\u011funu s\u00f6yledi. Rekabet k\u00fclt\u00fcr\u00fcn\u00fcn yayg\u0131nla\u015fmas\u0131 ad\u0131na \u00e7al\u0131\u015fmalara devam ettiklerini anlatan Prof. Dr. Torlak, \u201cElektrik, do\u011falgaz, petrol ve LPG sekt\u00f6rlerinin taleplerinden de anla\u015f\u0131laca\u011f\u0131 \u00fczere, piyasa akt\u00f6rlerinin ekonomik ili\u015fkilerinin rekabet esasl\u0131, rekabet temelli ger\u00e7ekle\u015fmesine verebilece\u011fimiz katk\u0131 ve bu katk\u0131ya ili\u015fkin g\u00f6rev, sorumluluklar\u0131m\u0131z\u0131 yerine getirirken de anayasan\u0131n 167\u2019inci maddesinde belirtilen para, kredi, sermaye, mal ve hizmet piyasalar\u0131n\u0131n sa\u011fl\u0131kl\u0131 ve d\u00fczenli i\u015flemelerini sa\u011flay\u0131c\u0131 ve geli\u015ftirici tedbirleri alma y\u00fck\u00fcml\u00fcl\u00fc\u011f\u00fcm\u00fcz bulunuyor. Piyasalarda fiili veya anla\u015fma sonucu olu\u015facak tekelle\u015fme ve kartelle\u015fmeyi \u00f6nleme sorumlulu\u011funun bize y\u00fcklemi\u015f oldu\u011fu g\u00f6revleri yerine getirmeye \u00e7al\u0131\u015f\u0131yoruz\u201d diye konu\u015ftu.<\/p>\n<p style=\"color: #222222;\">EPDK Ba\u015fkan\u0131 Y\u0131lmaz ise zirvede, enerji piyasas\u0131n\u0131n d\u00fcn\u00fc, bug\u00fcn\u00fc ve yar\u0131n\u0131n\u0131n g\u00f6r\u00fc\u015f\u00fclece\u011fini belirtti.<br \/>\nT\u00fcrkiye\u2019nin stratejik temellere dayanan enerji politikas\u0131 ve temel ilkelerinin \u00e7ok net oldu\u011funa dikkati \u00e7eken Y\u0131lmaz, \u201cTransit \u00fclke rol\u00fcm\u00fcz\u00fcn g\u00fc\u00e7lendirilmesi, yenilenebilir enerji kaynaklar\u0131m\u0131z\u0131n en \u00fcst d\u00fczeyde de\u011ferlendirilmesi, yerli maden kaynaklar\u0131m\u0131z\u0131n maksimum \u00f6l\u00e7\u00fcde kullan\u0131larak \u00fcretim kapasitemizin art\u0131r\u0131lmas\u0131, kurulacak n\u00fckleer santraller ile enerji \u00e7e\u015fitlili\u011finin sa\u011flanmas\u0131 bu ilkelerden baz\u0131lar\u0131n\u0131 olu\u015fturmaktad\u0131r. Tabi bu ilkeler do\u011frultusunda hareket ederken \u00e7evreye ra\u011fmen de\u011fil, \u00e7evreyle uyumlu vizyon ortaya koymak \u00f6ncelik te\u015fkil ediyor\u201d ifadelerini kulland\u0131.<br \/>\nA\u00e7\u0131l\u0131\u015f konu\u015fmalar\u0131n\u0131n ard\u0131ndan, 1. oturuma ge\u00e7ildi. Zirve, yar\u0131n yap\u0131lacak oturum ve panellerle sona erecek.<\/p>\n<p style=\"color: #222222;\">Kaynak: EnerjiEnstit\u00fcs\u00fc<\/p>\n<p><\/p>","protected":false},"excerpt":{"rendered":"<p>Sorry, this entry is only available in Turkish. For the sake of viewer convenience, the content is shown below in the alternative language. You may click the link to switch the active language. Enerji ve Tabii Kaynaklar Bakanl\u0131\u011f\u0131 ile Enerji Piyasas\u0131 D\u00fczenleme Kurumu\u2019nun (EPDK) kamu ve \u00f6zel sekt\u00f6r birlikteli\u011fiyle d\u00fczenledi\u011fi 6. T\u00fcrkiye Enerji Zirvesi, Sel\u00e7uk [&hellip;]<\/p>\n","protected":false},"author":1,"featured_media":45332,"comment_status":"open","ping_status":"open","sticky":false,"template":"","format":"standard","meta":[],"categories":[53],"tags":[26284,92,68,2698,1046,1972,750,2441,12996,26294,26295,105,26296],"views":1033,"_links":{"self":[{"href":"https:\/\/www.enerjigazetesi.ist\/en\/wp-json\/wp\/v2\/posts\/45331"}],"collection":[{"href":"https:\/\/www.enerjigazetesi.ist\/en\/wp-json\/wp\/v2\/posts"}],"about":[{"href":"https:\/\/www.enerjigazetesi.ist\/en\/wp-json\/wp\/v2\/types\/post"}],"author":[{"embeddable":true,"href":"https:\/\/www.enerjigazetesi.ist\/en\/wp-json\/wp\/v2\/users\/1"}],"replies":[{"embeddable":true,"href":"https:\/\/www.enerjigazetesi.ist\/en\/wp-json\/wp\/v2\/comments?post=45331"}],"version-history":[{"count":2,"href":"https:\/\/www.enerjigazetesi.ist\/en\/wp-json\/wp\/v2\/posts\/45331\/revisions"}],"predecessor-version":[{"id":45368,"href":"https:\/\/www.enerjigazetesi.ist\/en\/wp-json\/wp\/v2\/posts\/45331\/revisions\/45368"}],"wp:featuredmedia":[{"embeddable":true,"href":"https:\/\/www.enerjigazetesi.ist\/en\/wp-json\/wp\/v2\/media\/45332"}],"wp:attachment":[{"href":"https:\/\/www.enerjigazetesi.ist\/en\/wp-json\/wp\/v2\/media?parent=45331"}],"wp:term":[{"taxonomy":"category","embeddable":true,"href":"https:\/\/www.enerjigazetesi.ist\/en\/wp-json\/wp\/v2\/categories?post=45331"},{"taxonomy":"post_tag","embeddable":true,"href":"https:\/\/www.enerjigazetesi.ist\/en\/wp-json\/wp\/v2\/tags?post=45331"}],"curies":[{"name":"wp","href":"https:\/\/api.w.org\/{rel}","templated":true}]}}