{"id":45323,"date":"2015-10-12T20:50:35","date_gmt":"2015-10-12T17:50:35","guid":{"rendered":"https:\/\/www.enerjigazetesi.ist\/?p=45323"},"modified":"2015-10-12T20:50:35","modified_gmt":"2015-10-12T17:50:35","slug":"katar-petrol-bakani-ham-petrol-fiyatlari-dip-seviyeyi-gordu","status":"publish","type":"post","link":"https:\/\/www.enerjigazetesi.ist\/en\/katar-petrol-bakani-ham-petrol-fiyatlari-dip-seviyeyi-gordu\/","title":{"rendered":"(Turkish) Katar Petrol Bakan\u0131: \u201cHam Petrol Fiyatlar\u0131 Dip Seviyeyi G\u00f6rd\u00fc!\u201d"},"content":{"rendered":"<p class=\"qtranxs-available-languages-message qtranxs-available-languages-message-en\">Sorry, this entry is only available in <a href=\"https:\/\/www.enerjigazetesi.ist\/tr\/wp-json\/wp\/v2\/posts\/45323\" class=\"qtranxs-available-language-link qtranxs-available-language-link-tr\" title=\"Turkish\">Turkish<\/a>. For the sake of viewer convenience, the content is shown below in the alternative language. You may click the link to switch the active language.<\/p><p><strong>Katar Enerji Bakan\u0131 Muhammed Al Sada, global ham petrol fiyatlar\u0131n\u0131n dip yapt\u0131\u011f\u0131n\u0131 ve 2016\u2019da bir toparlanma beklendi\u011fini i\u015faretleri oldu\u011funu s\u00f6yledi.<\/strong><span id=\"more-73772\"><\/span><\/p>\n<p>OPEC d\u0131\u015f\u0131 \u00fcreticilerin arzlar\u0131nda b\u00fcy\u00fcmenin 2015 y\u0131l\u0131nda \u00f6nemli oranda yava\u015flad\u0131\u011f\u0131n\u0131 ve bu \u00fclkeler<img loading=\"lazy\" class=\"alignright size-medium wp-image-45324\" src=\"https:\/\/www.enerjigazetesi.ist\/wp-content\/uploads\/2015\/10\/katar-petrol-bakani-ham-petrol-fiyatlari-dip-seviyeyi-gordu-300x165.jpg\" alt=\"katar-petrol-bakani-ham-petrol-fiyatlari-dip-seviyeyi-gordu\" width=\"300\" height=\"165\" srcset=\"https:\/\/www.enerjigazetesi.ist\/wp-content\/uploads\/2015\/10\/katar-petrol-bakani-ham-petrol-fiyatlari-dip-seviyeyi-gordu-300x165.jpg 300w, https:\/\/www.enerjigazetesi.ist\/wp-content\/uploads\/2015\/10\/katar-petrol-bakani-ham-petrol-fiyatlari-dip-seviyeyi-gordu-500x276.jpg 500w, https:\/\/www.enerjigazetesi.ist\/wp-content\/uploads\/2015\/10\/katar-petrol-bakani-ham-petrol-fiyatlari-dip-seviyeyi-gordu-80x44.jpg 80w, https:\/\/www.enerjigazetesi.ist\/wp-content\/uploads\/2015\/10\/katar-petrol-bakani-ham-petrol-fiyatlari-dip-seviyeyi-gordu.jpg 696w\" sizes=\"(max-width: 300px) 100vw, 300px\" \/>in arzlar\u0131n\u0131n gelecek y\u0131l yatay kalmas\u0131n\u0131n veya d\u00fc\u015fmesinin beklendi\u011fini ifade eden Al Sada, OPEC petrol\u00fcne talebin daha sa\u011fl\u0131kl\u0131 hale gelmesini, 2015 y\u0131l\u0131nrda 29,3 milyon varil\/g\u00fcn olan talebin 2016\u2019da 30,5 milyon varil\/g\u00fcne \u00e7\u0131kmas\u0131n\u0131 bekledi\u011fini de vurgulad\u0131.<\/p>\n<p>A\u00e7\u0131klamas\u0131nda d\u00fc\u015f\u00fck petrol fiyatlar\u0131n\u0131n b\u00fcy\u00fck enerji \u015firketlerinin sermaye harcamalar\u0131n\u0131 bu y\u0131l y\u00fczde 20 azaltmalar\u0131na yol a\u00e7t\u0131\u011f\u0131n\u0131belirten Al Sada, bu trendin \u00fcretimde d\u00fc\u015f\u00fc\u015fle sonu\u00e7lanabilece\u011finibelirtirken, OPEC ve OPEC \u00fcyesi olmayan \u00fcreticilerden uzmanlar\u0131n petrol piyasas\u0131n\u0131 g\u00f6r\u00fc\u015fmek i\u00e7in bu ay i\u00e7inde Viyana\u2019da biraraya geleceklerini de anlatt\u0131.<\/p>\n<p>Kaynak: Enerji Enstit\u00fcs\u00fc<\/p>","protected":false},"excerpt":{"rendered":"<p>Sorry, this entry is only available in Turkish. For the sake of viewer convenience, the content is shown below in the alternative language. You may click the link to switch the active language.Katar Enerji Bakan\u0131 Muhammed Al Sada, global ham petrol fiyatlar\u0131n\u0131n dip yapt\u0131\u011f\u0131n\u0131 ve 2016\u2019da bir toparlanma beklendi\u011fini i\u015faretleri oldu\u011funu s\u00f6yledi. OPEC d\u0131\u015f\u0131 \u00fcreticilerin [&hellip;]<\/p>\n","protected":false},"author":1,"featured_media":45324,"comment_status":"open","ping_status":"open","sticky":false,"template":"","format":"standard","meta":[],"categories":[53,44],"tags":[19799,63,67,1009,2698,165,6972,2016,26289,26290,26291,59,79,2388,887,2522],"views":983,"_links":{"self":[{"href":"https:\/\/www.enerjigazetesi.ist\/en\/wp-json\/wp\/v2\/posts\/45323"}],"collection":[{"href":"https:\/\/www.enerjigazetesi.ist\/en\/wp-json\/wp\/v2\/posts"}],"about":[{"href":"https:\/\/www.enerjigazetesi.ist\/en\/wp-json\/wp\/v2\/types\/post"}],"author":[{"embeddable":true,"href":"https:\/\/www.enerjigazetesi.ist\/en\/wp-json\/wp\/v2\/users\/1"}],"replies":[{"embeddable":true,"href":"https:\/\/www.enerjigazetesi.ist\/en\/wp-json\/wp\/v2\/comments?post=45323"}],"version-history":[{"count":1,"href":"https:\/\/www.enerjigazetesi.ist\/en\/wp-json\/wp\/v2\/posts\/45323\/revisions"}],"predecessor-version":[{"id":45325,"href":"https:\/\/www.enerjigazetesi.ist\/en\/wp-json\/wp\/v2\/posts\/45323\/revisions\/45325"}],"wp:featuredmedia":[{"embeddable":true,"href":"https:\/\/www.enerjigazetesi.ist\/en\/wp-json\/wp\/v2\/media\/45324"}],"wp:attachment":[{"href":"https:\/\/www.enerjigazetesi.ist\/en\/wp-json\/wp\/v2\/media?parent=45323"}],"wp:term":[{"taxonomy":"category","embeddable":true,"href":"https:\/\/www.enerjigazetesi.ist\/en\/wp-json\/wp\/v2\/categories?post=45323"},{"taxonomy":"post_tag","embeddable":true,"href":"https:\/\/www.enerjigazetesi.ist\/en\/wp-json\/wp\/v2\/tags?post=45323"}],"curies":[{"name":"wp","href":"https:\/\/api.w.org\/{rel}","templated":true}]}}