{"id":45313,"date":"2015-10-12T18:11:51","date_gmt":"2015-10-12T15:11:51","guid":{"rendered":"https:\/\/www.enerjigazetesi.ist\/?p=45313"},"modified":"2015-10-12T20:36:25","modified_gmt":"2015-10-12T17:36:25","slug":"epdk-baskani-yilmaz-tuketiciyi-uzeni-misliyle-uzeriz","status":"publish","type":"post","link":"https:\/\/www.enerjigazetesi.ist\/en\/epdk-baskani-yilmaz-tuketiciyi-uzeni-misliyle-uzeriz\/","title":{"rendered":"(Turkish) EPDK Ba\u015fkan\u0131 Y\u0131lmaz: \u201cT\u00fcketiciyi \u00dczeni Misliyle \u00dczeriz&#8230;\u201d"},"content":{"rendered":"<p class=\"qtranxs-available-languages-message qtranxs-available-languages-message-en\">Sorry, this entry is only available in <a href=\"https:\/\/www.enerjigazetesi.ist\/tr\/wp-json\/wp\/v2\/posts\/45313\" class=\"qtranxs-available-language-link qtranxs-available-language-link-tr\" title=\"Turkish\">Turkish<\/a>. For the sake of viewer convenience, the content is shown below in the alternative language. You may click the link to switch the active language.<\/p><p>Enerji Piyasas\u0131 D\u00fczenleme Kurumu (EPDK) Ba\u015fkan\u0131 Mustafa Y\u0131lmaz, t\u00fcketicinin korunmas\u0131n\u0131n en b\u00fcy\u00fck \u00f6ncelikleri oldu\u011funu belirterek, \u201cEPDK olarak <a href=\"https:\/\/www.enerjigazetesi.ist\/wp-content\/uploads\/2015\/10\/epdk-Mustafa-y\u0131lmaz-39803-696x385.jpg\"><img loading=\"lazy\" class=\"alignleft size-medium wp-image-45314\" src=\"https:\/\/www.enerjigazetesi.ist\/wp-content\/uploads\/2015\/10\/epdk-Mustafa-y\u0131lmaz-39803-696x385-300x165.jpg\" alt=\"epdk-Mustafa-y\u0131lmaz-39803-696x385\" width=\"300\" height=\"165\" srcset=\"https:\/\/www.enerjigazetesi.ist\/wp-content\/uploads\/2015\/10\/epdk-Mustafa-y\u0131lmaz-39803-696x385-300x165.jpg 300w, https:\/\/www.enerjigazetesi.ist\/wp-content\/uploads\/2015\/10\/epdk-Mustafa-y\u0131lmaz-39803-696x385-500x276.jpg 500w, https:\/\/www.enerjigazetesi.ist\/wp-content\/uploads\/2015\/10\/epdk-Mustafa-y\u0131lmaz-39803-696x385-80x44.jpg 80w, https:\/\/www.enerjigazetesi.ist\/wp-content\/uploads\/2015\/10\/epdk-Mustafa-y\u0131lmaz-39803-696x385.jpg 696w\" sizes=\"(max-width: 300px) 100vw, 300px\" \/><\/a>vatanda\u015flar\u0131m\u0131z\u0131n ma\u011fdur olmas\u0131na kesinlikle g\u00f6z yummay\u0131z, t\u00fcketiciyi \u00fczeni misliyle \u00fczeriz\u201d dedi.<\/p>\n<p>Y\u0131lmaz, Konya\u2019da d\u00fczenlenen ve 2 g\u00fcn s\u00fcrecek 6. T\u00fcrkiye Enerji Zirvesi\u2019nin a\u00e7\u0131l\u0131\u015f\u0131nda konu\u015ftu.<\/p>\n<p>T\u00fcketicilere yeterli, kaliteli, d\u00fc\u015f\u00fck maliyetli elektrik sunumunun yan\u0131nda mali a\u00e7\u0131dan g\u00fc\u00e7l\u00fc, istikrarl\u0131 bir elektrik piyasas\u0131n\u0131 derinle\u015ftirmek i\u00e7in \u00e7al\u0131\u015fmaya devam edeceklerini kaydeden Y\u0131lmaz, \u201cT\u00fcketiciyi \u00fczeni misliyle \u00fczeriz\u201d diye konu\u015ftu.<\/p>\n<p>Petrol piyasas\u0131nda 14 bin lisansl\u0131 \u015firketin faaliyet g\u00f6sterdi\u011fini ve yap\u0131lan d\u00fczenlemelerle bu piyasan\u0131n istikrarl\u0131 bir yap\u0131ya kavu\u015ftu\u011funu belirten Y\u0131lmaz, \u201c\u015eeffaf, istikrarl\u0131 ve rekabete dayal\u0131 bir piyasa olu\u015fturmak i\u00e7in yapt\u0131\u011f\u0131m\u0131z d\u00fczenlemeler neticesinde; petrol piyasas\u0131, gerek \u00fcr\u00fcn kalitesi, gerekse d\u00fcnya piyasalar\u0131yla entegre yap\u0131s\u0131yla Avrupa standartlar\u0131na uygun bir hale geldi\u201d ifadelerini kulland\u0131.<\/p>\n<p>Elektrik enerjisi sekt\u00f6r\u00fcn\u00fcn konjonkt\u00fcrel nitelikte sorunlarla kar\u015f\u0131 kar\u015f\u0131ya oldu\u011funu ve bu riskleri azaltmay\u0131 \u00f6ng\u00f6ren d\u00fczenlemeleri hayata ge\u00e7irmeyi hedeflediklerini s\u00f6yleyen Y\u0131lmaz, \u201cPiyasa oyuncular\u0131n\u0131 da t\u00fcketicileri de adil \u015fekilde g\u00f6zeten bir d\u00fczenleme i\u00e7in el birli\u011fiyle \u00e7al\u0131\u015f\u0131yoruz. Ancak ne yaz\u0131k ki bu s\u00fcre\u00e7te baz\u0131 da\u011f\u0131t\u0131m \u015firketlerinin t\u00fcketici haklar\u0131n\u0131 ihlal etti\u011fine dair \u015fikayetler ile de kar\u015f\u0131 kar\u015f\u0131ya kal\u0131yoruz. \u00d6zellikle vurgulamak isterim ki Kurum olarak k\u0131rm\u0131z\u0131 \u00e7izgimiz adalet\u201d dedi.<\/p>\n<p>Y\u0131lmaz, enerji sekt\u00f6r\u00fc ile diyalo\u011fa ve i\u015fbirli\u011fine de b\u00fcy\u00fck \u00f6nem verdiklerini ve piyasa oyuncular\u0131n\u0131n talep ve sorunlar\u0131na da kay\u0131ts\u0131z kalmalar\u0131n\u0131n s\u00f6z konusu olamayaca\u011f\u0131n\u0131 aktard\u0131.<\/p>\n<p>Kaynak: EnerjiEnstit\u00fcs\u00fc<\/p>","protected":false},"excerpt":{"rendered":"<p>Sorry, this entry is only available in Turkish. For the sake of viewer convenience, the content is shown below in the alternative language. You may click the link to switch the active language.Enerji Piyasas\u0131 D\u00fczenleme Kurumu (EPDK) Ba\u015fkan\u0131 Mustafa Y\u0131lmaz, t\u00fcketicinin korunmas\u0131n\u0131n en b\u00fcy\u00fck \u00f6ncelikleri oldu\u011funu belirterek, \u201cEPDK olarak vatanda\u015flar\u0131m\u0131z\u0131n ma\u011fdur olmas\u0131na kesinlikle g\u00f6z yummay\u0131z, [&hellip;]<\/p>\n","protected":false},"author":1,"featured_media":45314,"comment_status":"open","ping_status":"open","sticky":false,"template":"","format":"standard","meta":[],"categories":[51,53,44],"tags":[26284,165,750,12996,26285,887],"views":994,"_links":{"self":[{"href":"https:\/\/www.enerjigazetesi.ist\/en\/wp-json\/wp\/v2\/posts\/45313"}],"collection":[{"href":"https:\/\/www.enerjigazetesi.ist\/en\/wp-json\/wp\/v2\/posts"}],"about":[{"href":"https:\/\/www.enerjigazetesi.ist\/en\/wp-json\/wp\/v2\/types\/post"}],"author":[{"embeddable":true,"href":"https:\/\/www.enerjigazetesi.ist\/en\/wp-json\/wp\/v2\/users\/1"}],"replies":[{"embeddable":true,"href":"https:\/\/www.enerjigazetesi.ist\/en\/wp-json\/wp\/v2\/comments?post=45313"}],"version-history":[{"count":1,"href":"https:\/\/www.enerjigazetesi.ist\/en\/wp-json\/wp\/v2\/posts\/45313\/revisions"}],"predecessor-version":[{"id":45315,"href":"https:\/\/www.enerjigazetesi.ist\/en\/wp-json\/wp\/v2\/posts\/45313\/revisions\/45315"}],"wp:featuredmedia":[{"embeddable":true,"href":"https:\/\/www.enerjigazetesi.ist\/en\/wp-json\/wp\/v2\/media\/45314"}],"wp:attachment":[{"href":"https:\/\/www.enerjigazetesi.ist\/en\/wp-json\/wp\/v2\/media?parent=45313"}],"wp:term":[{"taxonomy":"category","embeddable":true,"href":"https:\/\/www.enerjigazetesi.ist\/en\/wp-json\/wp\/v2\/categories?post=45313"},{"taxonomy":"post_tag","embeddable":true,"href":"https:\/\/www.enerjigazetesi.ist\/en\/wp-json\/wp\/v2\/tags?post=45313"}],"curies":[{"name":"wp","href":"https:\/\/api.w.org\/{rel}","templated":true}]}}