{"id":45277,"date":"2015-10-11T23:15:42","date_gmt":"2015-10-11T20:15:42","guid":{"rendered":"https:\/\/www.enerjigazetesi.ist\/?p=45277"},"modified":"2015-10-11T23:15:42","modified_gmt":"2015-10-11T20:15:42","slug":"binalarda-enerji-verimliligi-icin-yeni-bir-proje-baslatildi","status":"publish","type":"post","link":"https:\/\/www.enerjigazetesi.ist\/en\/binalarda-enerji-verimliligi-icin-yeni-bir-proje-baslatildi\/","title":{"rendered":"(Turkish) Binalarda Enerji Verimlili\u011fi \u0130\u00e7in Yeni Bir Proje Ba\u015flat\u0131ld\u0131&#8230;"},"content":{"rendered":"<p class=\"qtranxs-available-languages-message qtranxs-available-languages-message-en\">Sorry, this entry is only available in <a href=\"https:\/\/www.enerjigazetesi.ist\/tr\/wp-json\/wp\/v2\/posts\/45277\" class=\"qtranxs-available-language-link qtranxs-available-language-link-tr\" title=\"Turkish\">Turkish<\/a>. For the sake of viewer convenience, the content is shown below in the alternative language. You may click the link to switch the active language.<\/p><p><strong>\u00c7evre ve \u015eehircilik Bakanl\u0131\u011f\u0131 taraf\u0131ndan geli\u015ftirilen proje ile binalarda enerji verimlili\u011fine y\u00f6nelik yasal \u00e7er\u00e7eve eksiklerinin giderilmesi hedefleniyor.<\/strong><\/p>\n<p>\u00c7evre ve \u015eehircilik Bakanl\u0131\u011f\u0131 binalarda enerji verimlili\u011fi sa\u011flanmas\u0131 i\u00e7in yeni bir proje ba\u015flat\u0131ld\u0131\u011f\u0131<a href=\"https:\/\/www.enerjigazetesi.ist\/wp-content\/uploads\/2015\/10\/binalarda-enerji-verimliligi-icin-yeni-bir-proje-baslatildi.jpg\"><img loading=\"lazy\" class=\"alignright size-medium wp-image-45278\" src=\"https:\/\/www.enerjigazetesi.ist\/wp-content\/uploads\/2015\/10\/binalarda-enerji-verimliligi-icin-yeni-bir-proje-baslatildi-300x163.jpg\" alt=\"binalarda-enerji-verimliligi-icin-yeni-bir-proje-baslatildi\" width=\"300\" height=\"163\" srcset=\"https:\/\/www.enerjigazetesi.ist\/wp-content\/uploads\/2015\/10\/binalarda-enerji-verimliligi-icin-yeni-bir-proje-baslatildi-300x163.jpg 300w, https:\/\/www.enerjigazetesi.ist\/wp-content\/uploads\/2015\/10\/binalarda-enerji-verimliligi-icin-yeni-bir-proje-baslatildi-80x43.jpg 80w, https:\/\/www.enerjigazetesi.ist\/wp-content\/uploads\/2015\/10\/binalarda-enerji-verimliligi-icin-yeni-bir-proje-baslatildi.jpg 460w\" sizes=\"(max-width: 300px) 100vw, 300px\" \/><\/a>n\u0131 duyurdu.<\/p>\n<p>Bakanl\u0131k taraf\u0131ndan yap\u0131lan yaz\u0131l\u0131 a\u00e7\u0131klamaya g\u00f6re \u201cBinalarda Enerji Verimlili\u011finin Art\u0131r\u0131lmas\u0131 i\u00e7in\u00a0Teknik Yard\u0131m Projesi\u2019\u2019 ba\u015fl\u0131kl\u0131 \u00e7al\u0131\u015fma 24 ay s\u00fcrecek.<\/p>\n<p>Proje kapsam\u0131nda T\u00fcrkiye\u2019deki mevcut ve yeni binalar\u0131n enerji verimlili\u011finin sa\u011flanmas\u0131na y\u00f6nelik mevzuat ve kurumsal \u00e7er\u00e7eveye ili\u015fkin bo\u015fluk ve ihtiya\u00e7lar ele al\u0131narak, T\u00fcrkiye\u2019deki yasal d\u00fczenlemelerin Avrupa\u2019da uygulamaya konulan en yeni politika ve direktifler ile uyumlu hale getirilmesine \u00e7al\u0131\u015f\u0131lacak.<\/p>\n<p>Bakanl\u0131k proje sayesinde yeni binalar\u0131n enerji verimlili\u011fi uygulamalar\u0131 a\u00e7\u0131s\u0131ndan daha iyi tasarlanmas\u0131, mevcut binalar\u0131n ise gereklilik ve tipoloji analizleri yap\u0131larak iyile\u015ftirmesi i\u00e7in gerekli olan kriterleri olu\u015fturmay\u0131 hedefliyor.<\/p>\n<p>A\u00e7\u0131klamaya g\u00f6re bu hedefler do\u011frultusunda proje kapsam\u0131nda T\u00fcrkiye\u2019de bulunan binalar\u0131n enerji verimlili\u011fiyle ilgili mevcut durumu incelenecek, Bina Enerji Performans\u0131n\u0131n (BEP) uygulanmas\u0131n\u0131 destekleyecek insan kaynaklar\u0131 stratejisi geli\u015ftirilecek, BEP\u2019in iyile\u015ftirilmesine y\u00f6nelik bir strateji haz\u0131rlanacak, kilit ortaklarla i\u015fbirlikleri geli\u015ftirilecek, \u201cBina tipolojileri\u201d ile ilgili tan\u0131mlar geli\u015ftirilecek ve bir bina envanteri olu\u015fturulacak, binalar\u0131n ya\u015fam s\u00fcreleri boyunca sergileyecekleri enerji performans\u0131n\u0131 ekonomik a\u00e7\u0131dan de\u011ferlendirmek \u00fczere basit bir enerji performans\u0131 sim\u00fclasyon arac\u0131 geli\u015ftirilecek, konuya ili\u015fkin \u00e7e\u015fitli \u00e7al\u0131\u015ftay, seminer, e\u011fitim ve \u00e7al\u0131\u015fma ziyaretleri d\u00fczenlenecek, uluslararas\u0131 konferanslara kat\u0131l\u0131m sa\u011flanacak, enerji tasarrufu sa\u011flayacak yollar hakk\u0131nda ara\u015ft\u0131rmalar y\u00fcr\u00fct\u00fclecek ve mali destek sa\u011flayacak kaynaklar belirlenecek, mimarl\u0131k ve m\u00fchendislik \u00f6\u011frencileri aras\u0131nda binalarda enerji verimlili\u011fi konulu bir yar\u0131\u015fma d\u00fczenlenecek.<\/p>\n<p>T.C. Ba\u015fbakanl\u0131k Hazine M\u00fcste\u015farl\u0131\u011f\u0131 Merkezi Finans ve \u0130hale Birimi taraf\u0131ndan ihalesi yap\u0131lan ve y\u00f6netilen projenin b\u00fct\u00e7esi 3 Milyon 333 bin 500 Avro iken bu b\u00fct\u00e7enin yar\u0131s\u0131 Avrupa Birli\u011fi taraf\u0131ndan kar\u015f\u0131lanacak. Yararlan\u0131c\u0131 kurumunun \u00c7evre ve \u015eehircilik Bakanl\u0131\u011f\u0131 oldu\u011fu proje, N\u0130RAS liderli\u011findeki Konsorsiyumun teknik deste\u011fi ile y\u00fcr\u00fct\u00fcl\u00fcyor.<\/p>\n<p>Kaynak: Ye\u015fil Ekonomi<\/p>","protected":false},"excerpt":{"rendered":"<p>Sorry, this entry is only available in Turkish. For the sake of viewer convenience, the content is shown below in the alternative language. You may click the link to switch the active language.\u00c7evre ve \u015eehircilik Bakanl\u0131\u011f\u0131 taraf\u0131ndan geli\u015ftirilen proje ile binalarda enerji verimlili\u011fine y\u00f6nelik yasal \u00e7er\u00e7eve eksiklerinin giderilmesi hedefleniyor. \u00c7evre ve \u015eehircilik Bakanl\u0131\u011f\u0131 binalarda enerji [&hellip;]<\/p>\n","protected":false},"author":1,"featured_media":45278,"comment_status":"open","ping_status":"open","sticky":false,"template":"","format":"standard","meta":[],"categories":[53,52],"tags":[488,26270,63,67,1009,2698,165,12,793],"views":1145,"_links":{"self":[{"href":"https:\/\/www.enerjigazetesi.ist\/en\/wp-json\/wp\/v2\/posts\/45277"}],"collection":[{"href":"https:\/\/www.enerjigazetesi.ist\/en\/wp-json\/wp\/v2\/posts"}],"about":[{"href":"https:\/\/www.enerjigazetesi.ist\/en\/wp-json\/wp\/v2\/types\/post"}],"author":[{"embeddable":true,"href":"https:\/\/www.enerjigazetesi.ist\/en\/wp-json\/wp\/v2\/users\/1"}],"replies":[{"embeddable":true,"href":"https:\/\/www.enerjigazetesi.ist\/en\/wp-json\/wp\/v2\/comments?post=45277"}],"version-history":[{"count":1,"href":"https:\/\/www.enerjigazetesi.ist\/en\/wp-json\/wp\/v2\/posts\/45277\/revisions"}],"predecessor-version":[{"id":45279,"href":"https:\/\/www.enerjigazetesi.ist\/en\/wp-json\/wp\/v2\/posts\/45277\/revisions\/45279"}],"wp:featuredmedia":[{"embeddable":true,"href":"https:\/\/www.enerjigazetesi.ist\/en\/wp-json\/wp\/v2\/media\/45278"}],"wp:attachment":[{"href":"https:\/\/www.enerjigazetesi.ist\/en\/wp-json\/wp\/v2\/media?parent=45277"}],"wp:term":[{"taxonomy":"category","embeddable":true,"href":"https:\/\/www.enerjigazetesi.ist\/en\/wp-json\/wp\/v2\/categories?post=45277"},{"taxonomy":"post_tag","embeddable":true,"href":"https:\/\/www.enerjigazetesi.ist\/en\/wp-json\/wp\/v2\/tags?post=45277"}],"curies":[{"name":"wp","href":"https:\/\/api.w.org\/{rel}","templated":true}]}}