{"id":4519,"date":"2012-12-19T11:02:01","date_gmt":"2012-12-19T08:02:01","guid":{"rendered":"https:\/\/www.enerjigazetesi.ist\/?p=4519"},"modified":"2012-12-19T11:02:15","modified_gmt":"2012-12-19T08:02:15","slug":"ingiltere-turkiyenin-pay-alacagi-yesil-enerji-paketini-tartisiyor","status":"publish","type":"post","link":"https:\/\/www.enerjigazetesi.ist\/en\/ingiltere-turkiyenin-pay-alacagi-yesil-enerji-paketini-tartisiyor\/","title":{"rendered":"(Turkish) \u0130ngiltere T\u00fcrkiye\u2019nin Pay Alaca\u011f\u0131 Ye\u015fil Enerji Paketini Tart\u0131\u015f\u0131yor"},"content":{"rendered":"<p class=\"qtranxs-available-languages-message qtranxs-available-languages-message-en\">Sorry, this entry is only available in <a href=\"https:\/\/www.enerjigazetesi.ist\/tr\/wp-json\/wp\/v2\/posts\/4519\" class=\"qtranxs-available-language-link qtranxs-available-language-link-tr\" title=\"Turkish\">Turkish<\/a>. For the sake of viewer convenience, the content is shown below in the alternative language. You may click the link to switch the active language.<\/p><p><strong>Sonbahar b\u00fct\u00e7e raporunda \u0130ngiltere ekonomisinin bu y\u0131l %0.1 k\u00fc\u00e7\u00fclece\u011finin ortaya \u00e7\u0131kmas\u0131n\u0131n ard\u0131ndan Liberal Demokrat Partili Enerji Bakan\u0131 Ed Davey\u2019in geli\u015fmekte olan \u00fclkelere yap\u0131lacak 2 milyar sterlinlik \u2018ye\u015fil enerji\u2019 yard\u0131m\u0131 paketini a\u00e7\u0131klamas\u0131 Muhafazakar kesimin tepkisine neden oldu.<\/strong><\/p>\n<p><img loading=\"lazy\" class=\"alignright size-medium wp-image-4520\" title=\"ingiltere-yesil-enerji-yardim-paketi-tartisma-505x363\" src=\"https:\/\/www.enerjigazetesi.ist\/wp-content\/uploads\/2012\/12\/ingiltere-yesil-enerji-yardim-paketi-tartisma-505x363-300x215.jpg\" alt=\"\" width=\"300\" height=\"215\" srcset=\"https:\/\/www.enerjigazetesi.ist\/wp-content\/uploads\/2012\/12\/ingiltere-yesil-enerji-yardim-paketi-tartisma-505x363-300x215.jpg 300w, https:\/\/www.enerjigazetesi.ist\/wp-content\/uploads\/2012\/12\/ingiltere-yesil-enerji-yardim-paketi-tartisma-505x363-500x359.jpg 500w, https:\/\/www.enerjigazetesi.ist\/wp-content\/uploads\/2012\/12\/ingiltere-yesil-enerji-yardim-paketi-tartisma-505x363-69x50.jpg 69w, https:\/\/www.enerjigazetesi.ist\/wp-content\/uploads\/2012\/12\/ingiltere-yesil-enerji-yardim-paketi-tartisma-505x363.jpg 505w\" sizes=\"(max-width: 300px) 100vw, 300px\" \/>Yard\u0131m paketi dahilinde T\u00fcrkiye de <strong>jeotermal enerji<\/strong> ve <strong>r\u00fczgar enerjisi<\/strong> konusunda yapaca\u011f\u0131 yat\u0131r\u0131mlar i\u00e7in 31 milyon sterlinlik bir \u00f6denek alacak.<\/p>\n<p>Yard\u0131m paketinde Kolombiya\u2019daki hayvanc\u0131l\u0131k sekt\u00f6r\u00fcn\u00fcn karbon izinin azalt\u0131lmas\u0131 i\u00e7in 15 milyon sterlin, Uganda\u2019da yap\u0131lacak iklim \u00e7al\u0131\u015fmalar\u0131 i\u00e7in de 14 milyon sterlin ayr\u0131lm\u0131\u015f.<\/p>\n<p>Muhafazakar partili vekiller ve zor durumdaki \u0130ngiliz aileler \u00fclkede beklenen vergi art\u0131\u015flar\u0131 ve harcama kesintileri g\u00fcndemi me\u015fg\u00fcl ederken b\u00f6yle bir yard\u0131m yap\u0131lmas\u0131n\u0131 israf olarak tan\u0131mlay\u0131p tepki g\u00f6sterse de Bakan Davey k\u00fcresel \u0131s\u0131nman\u0131n t\u00fcm \u00fclkeleri etkileyen bir sorun oldu\u011funu ve \u0130ngiltere\u2019nin de bu konuda pay\u0131na d\u00fc\u015feni yapmas\u0131 gerekti\u011fini s\u00f6yledi.<\/p>\n<p>Yard\u0131m planlar\u0131n\u0131 Doha\u2019daki iklim zirvesinde a\u00e7\u0131klayan ve Afrika\u2019ya yapaca\u011f\u0131 100 milyon sterlinlik iklim de\u011fi\u015fimi yard\u0131m\u0131ndan da bahseden Ed Davey \u2018\u2019D\u00fcnyan\u0131n en fakir \u00fclkeleri iklim de\u011fi\u015fiminden en k\u00f6t\u00fc \u015fekilde etkilenenler olacak. Biz toplumlar\u0131n bu zorluklarla ba\u015fetmesine elimizden gelen deste\u011fi g\u00f6stermeliyiz\u2019\u2019 dedi.<strong> <\/strong><\/p>\n<p>T\u00fcrkiye\u2019ye yap\u0131lmas\u0131 planlanan ye\u015fil enerji yard\u0131m\u0131 \u0130ngiltere\u2019de tepki \u00e7eken ilk yard\u0131m tasar\u0131s\u0131 de\u011fil. \u015eubat ay\u0131nda T\u00fcrkiye\u2019ye yap\u0131lan yakla\u015f\u0131k 570 milyon sterlinlik AB yard\u0131mlar\u0131n\u0131n b\u00fcy\u00fck bir k\u0131sm\u0131n\u0131n T\u00fcrk kanalizasyon sistemini Avrupa standartlar\u0131na \u00e7\u0131karmak i\u00e7in harcand\u0131\u011f\u0131 \u0130ngiliz bas\u0131n\u0131na yans\u0131m\u0131\u015f ve bu harcama da b\u00fcy\u00fck tepki \u00e7ekmi\u015fti.<\/p>\n<p>Bu konuda yap\u0131lan haberlerde T\u00fcrkiye\u2019ye yap\u0131lan AB yard\u0131mlar\u0131n\u0131n 80 milyon sterlin yani yakla\u015f\u0131k 225 milyon liral\u0131k b\u00f6l\u00fcm\u00fcn\u00fcn \u0130ngiltere taraf\u0131ndan kar\u015f\u0131land\u0131\u011f\u0131na da dikkat \u00e7ekilmi\u015f ve \u2018T\u00fcrkiye\u2019deki yoksullu\u011fun ne Afrika ne de ba\u015fka bir yerle kar\u015f\u0131la\u015ft\u0131rabilece\u011fi bu nedenle bu tip yard\u0131mlar\u0131n hakl\u0131 \u00e7\u0131kar\u0131lamayaca\u011f\u0131\u2019 yorumlar\u0131na yer verilmi\u015fti.<\/p>\n<p>Kaynak: <a href=\"http:\/\/enerjienstitusu.com\/2012\/12\/16\/ingiltere-turkiyenin-pay-alacagi-yesil-enerji-yardim-paketini-tartisiyor\/\" target=\"_blank\">Enerji Enstit\u00fcs\u00fc<\/a><\/p>","protected":false},"excerpt":{"rendered":"<p>Sorry, this entry is only available in Turkish. For the sake of viewer convenience, the content is shown below in the alternative language. You may click the link to switch the active language.Sonbahar b\u00fct\u00e7e raporunda \u0130ngiltere ekonomisinin bu y\u0131l %0.1 k\u00fc\u00e7\u00fclece\u011finin ortaya \u00e7\u0131kmas\u0131n\u0131n ard\u0131ndan Liberal Demokrat Partili Enerji Bakan\u0131 Ed Davey\u2019in geli\u015fmekte olan \u00fclkelere yap\u0131lacak [&hellip;]<\/p>\n","protected":false},"author":1,"featured_media":4520,"comment_status":"open","ping_status":"open","sticky":false,"template":"","format":"standard","meta":[],"categories":[53,48,50],"tags":[56,16,1459,218],"views":790,"_links":{"self":[{"href":"https:\/\/www.enerjigazetesi.ist\/en\/wp-json\/wp\/v2\/posts\/4519"}],"collection":[{"href":"https:\/\/www.enerjigazetesi.ist\/en\/wp-json\/wp\/v2\/posts"}],"about":[{"href":"https:\/\/www.enerjigazetesi.ist\/en\/wp-json\/wp\/v2\/types\/post"}],"author":[{"embeddable":true,"href":"https:\/\/www.enerjigazetesi.ist\/en\/wp-json\/wp\/v2\/users\/1"}],"replies":[{"embeddable":true,"href":"https:\/\/www.enerjigazetesi.ist\/en\/wp-json\/wp\/v2\/comments?post=4519"}],"version-history":[{"count":2,"href":"https:\/\/www.enerjigazetesi.ist\/en\/wp-json\/wp\/v2\/posts\/4519\/revisions"}],"predecessor-version":[{"id":4522,"href":"https:\/\/www.enerjigazetesi.ist\/en\/wp-json\/wp\/v2\/posts\/4519\/revisions\/4522"}],"wp:featuredmedia":[{"embeddable":true,"href":"https:\/\/www.enerjigazetesi.ist\/en\/wp-json\/wp\/v2\/media\/4520"}],"wp:attachment":[{"href":"https:\/\/www.enerjigazetesi.ist\/en\/wp-json\/wp\/v2\/media?parent=4519"}],"wp:term":[{"taxonomy":"category","embeddable":true,"href":"https:\/\/www.enerjigazetesi.ist\/en\/wp-json\/wp\/v2\/categories?post=4519"},{"taxonomy":"post_tag","embeddable":true,"href":"https:\/\/www.enerjigazetesi.ist\/en\/wp-json\/wp\/v2\/tags?post=4519"}],"curies":[{"name":"wp","href":"https:\/\/api.w.org\/{rel}","templated":true}]}}