{"id":45182,"date":"2015-10-09T09:50:30","date_gmt":"2015-10-09T06:50:30","guid":{"rendered":"https:\/\/www.enerjigazetesi.ist\/?p=45182"},"modified":"2015-10-09T10:25:37","modified_gmt":"2015-10-09T07:25:37","slug":"elektrik-tuketiminde-azalis","status":"publish","type":"post","link":"https:\/\/www.enerjigazetesi.ist\/en\/elektrik-tuketiminde-azalis\/","title":{"rendered":"(Turkish) Elektrik T\u00fcketiminde Azal\u0131\u015f&#8230;"},"content":{"rendered":"<p class=\"qtranxs-available-languages-message qtranxs-available-languages-message-en\">Sorry, this entry is only available in <a href=\"https:\/\/www.enerjigazetesi.ist\/tr\/wp-json\/wp\/v2\/posts\/45182\" class=\"qtranxs-available-language-link qtranxs-available-language-link-tr\" title=\"Turkish\">Turkish<\/a>. For the sake of viewer convenience, the content is shown below in the alternative language. You may click the link to switch the active language.<\/p><p><\/p>\n<p style=\"color: #666666;\"><span style=\"font-weight: bold; color: #222222;\"><a href=\"https:\/\/www.enerjigazetesi.ist\/wp-content\/uploads\/2015\/10\/alternatif-enerji-elektrik-t\u00fcketimi-1900x700_c.jpg\"><img loading=\"lazy\" class=\"alignleft  wp-image-45183\" src=\"https:\/\/www.enerjigazetesi.ist\/wp-content\/uploads\/2015\/10\/alternatif-enerji-elektrik-t\u00fcketimi-1900x700_c-300x110.jpg\" alt=\"alternatif-enerji-elektrik-t\u00fcketimi-1900x700_c\" width=\"300\" height=\"180\" \/><\/a>Enerji Bakan\u0131 Ali R\u0131za Alaboyun, hava s\u0131cakl\u0131klar\u0131n\u0131n d\u00fc\u015fmesi ile birlikte eyl\u00fcldeki elektrik t\u00fcketiminin bir \u00f6nceki aya g\u00f6re y\u00fczde 14 azald\u0131\u011f\u0131n\u0131 s\u00f6yledi.<\/span><\/p>\n<p>Yaz aylar\u0131n\u0131n sona ermesiyle,\u00a0elektrik t\u00fcketiminde de\u00a0azalma g\u00f6r\u00fcl\u00fcyor.<\/p>\n<p>Enerji Bakan\u0131 Ali R\u0131za Alaboyun, hava s\u0131cakl\u0131klar\u0131n\u0131n d\u00fc\u015fmesi ile birlikte eyl\u00fcldeki\u00a0elektrik t\u00fcketiminin\u00a0bir \u00f6nceki aya g\u00f6re y\u00fczde 14 azald\u0131\u011f\u0131n\u0131 s\u00f6yledi.<\/p>\n<p>Alaboyun, eyl\u00fclde\u00a0elektrik t\u00fcketiminin\u00a021 bin 666,9 gigavatsaat oldu\u011funu s\u00f6yledi. Bu t\u00fcketimin ge\u00e7en y\u0131l\u0131n ayn\u0131 ay\u0131na oranla y\u00fczde 1 art\u0131\u015f g\u00f6sterdi\u011fini aktaran Alaboyun, \u015f\u00f6yle devam etti:<br \/>\n\u201cEyl\u00fcl ay\u0131\u00a0elektrik t\u00fcketimi, bir \u00f6nceki ay ger\u00e7ekle\u015fen t\u00fcketime oranla y\u00fczde 14 azalarak 25 bin 50,3 gigawattssatten 21 bin 666,9 gigawattsaate indi. Eyl\u00fcl ay\u0131nda en y\u00fcksek ani puant de\u011feri 3 Eyl\u00fcl\u2019de saat 14.50\u2019de ya\u015fand\u0131 ve 828 bin 955 megavatsaat ile ay i\u00e7erisindeki en y\u00fcksek t\u00fcketim ger\u00e7ekle\u015fti. En d\u00fc\u015f\u00fck puant de\u011feri de 24 Eyl\u00fcl\u2019de meydana geldi ve 462 bin 547 megavatsaat ile ay i\u00e7erisindeki en d\u00fc\u015f\u00fck t\u00fcketim ger\u00e7ekle\u015fti.\u201d<\/p>\n<p>Haberin devam\u0131 i\u00e7in\u00a0<a style=\"color: #fc8d8d;\" href=\"http:\/\/enerjienstitusu.com\/2015\/10\/08\/elektrik-tuketimi-eylulde-yuzde-14-azaldi\/\" target=\"_blank\">t\u0131klay\u0131n<\/a><\/p>\n<p>Kaynak: Alternatifenerji<\/p>\n<p>&nbsp;<\/p>\n<p>&nbsp;<\/p>","protected":false},"excerpt":{"rendered":"<p>Sorry, this entry is only available in Turkish. For the sake of viewer convenience, the content is shown below in the alternative language. You may click the link to switch the active language. Enerji Bakan\u0131 Ali R\u0131za Alaboyun, hava s\u0131cakl\u0131klar\u0131n\u0131n d\u00fc\u015fmesi ile birlikte eyl\u00fcldeki elektrik t\u00fcketiminin bir \u00f6nceki aya g\u00f6re y\u00fczde 14 azald\u0131\u011f\u0131n\u0131 s\u00f6yledi. Yaz [&hellip;]<\/p>\n","protected":false},"author":1,"featured_media":45183,"comment_status":"open","ping_status":"open","sticky":false,"template":"","format":"standard","meta":[],"categories":[51,53],"tags":[68,1266],"views":950,"_links":{"self":[{"href":"https:\/\/www.enerjigazetesi.ist\/en\/wp-json\/wp\/v2\/posts\/45182"}],"collection":[{"href":"https:\/\/www.enerjigazetesi.ist\/en\/wp-json\/wp\/v2\/posts"}],"about":[{"href":"https:\/\/www.enerjigazetesi.ist\/en\/wp-json\/wp\/v2\/types\/post"}],"author":[{"embeddable":true,"href":"https:\/\/www.enerjigazetesi.ist\/en\/wp-json\/wp\/v2\/users\/1"}],"replies":[{"embeddable":true,"href":"https:\/\/www.enerjigazetesi.ist\/en\/wp-json\/wp\/v2\/comments?post=45182"}],"version-history":[{"count":2,"href":"https:\/\/www.enerjigazetesi.ist\/en\/wp-json\/wp\/v2\/posts\/45182\/revisions"}],"predecessor-version":[{"id":45191,"href":"https:\/\/www.enerjigazetesi.ist\/en\/wp-json\/wp\/v2\/posts\/45182\/revisions\/45191"}],"wp:featuredmedia":[{"embeddable":true,"href":"https:\/\/www.enerjigazetesi.ist\/en\/wp-json\/wp\/v2\/media\/45183"}],"wp:attachment":[{"href":"https:\/\/www.enerjigazetesi.ist\/en\/wp-json\/wp\/v2\/media?parent=45182"}],"wp:term":[{"taxonomy":"category","embeddable":true,"href":"https:\/\/www.enerjigazetesi.ist\/en\/wp-json\/wp\/v2\/categories?post=45182"},{"taxonomy":"post_tag","embeddable":true,"href":"https:\/\/www.enerjigazetesi.ist\/en\/wp-json\/wp\/v2\/tags?post=45182"}],"curies":[{"name":"wp","href":"https:\/\/api.w.org\/{rel}","templated":true}]}}