{"id":45123,"date":"2015-10-07T16:41:40","date_gmt":"2015-10-07T13:41:40","guid":{"rendered":"https:\/\/www.enerjigazetesi.ist\/?p=45123"},"modified":"2015-10-07T16:41:40","modified_gmt":"2015-10-07T13:41:40","slug":"norvec-petrol-risklerine-karsi-refah-fonunu-kullanabilir","status":"publish","type":"post","link":"https:\/\/www.enerjigazetesi.ist\/en\/norvec-petrol-risklerine-karsi-refah-fonunu-kullanabilir\/","title":{"rendered":"(Turkish) Norve\u00e7 Petrol Risklerine Kar\u015f\u0131 Refah Fonunu Kullanabilir&#8230;"},"content":{"rendered":"<p class=\"qtranxs-available-languages-message qtranxs-available-languages-message-en\">Sorry, this entry is only available in <a href=\"https:\/\/www.enerjigazetesi.ist\/tr\/wp-json\/wp\/v2\/posts\/45123\" class=\"qtranxs-available-language-link qtranxs-available-language-link-tr\" title=\"Turkish\">Turkish<\/a>. For the sake of viewer convenience, the content is shown below in the alternative language. You may click the link to switch the active language.<\/p><p><\/p>\n<p style=\"color: #222222;\"><strong><a href=\"https:\/\/www.enerjigazetesi.ist\/wp-content\/uploads\/2015\/10\/norve\u00e7-petrol-platformu-denizde-239873983-696x385.jpg\"><img loading=\"lazy\" class=\"alignleft size-medium wp-image-45124\" src=\"https:\/\/www.enerjigazetesi.ist\/wp-content\/uploads\/2015\/10\/norve\u00e7-petrol-platformu-denizde-239873983-696x385-300x165.jpg\" alt=\"norve\u00e7-petrol-platformu-denizde-239873983-696x385\" width=\"300\" height=\"165\" srcset=\"https:\/\/www.enerjigazetesi.ist\/wp-content\/uploads\/2015\/10\/norve\u00e7-petrol-platformu-denizde-239873983-696x385-300x165.jpg 300w, https:\/\/www.enerjigazetesi.ist\/wp-content\/uploads\/2015\/10\/norve\u00e7-petrol-platformu-denizde-239873983-696x385-500x276.jpg 500w, https:\/\/www.enerjigazetesi.ist\/wp-content\/uploads\/2015\/10\/norve\u00e7-petrol-platformu-denizde-239873983-696x385-80x44.jpg 80w, https:\/\/www.enerjigazetesi.ist\/wp-content\/uploads\/2015\/10\/norve\u00e7-petrol-platformu-denizde-239873983-696x385.jpg 696w\" sizes=\"(max-width: 300px) 100vw, 300px\" \/><\/a>Norve\u00e7, petroldeki d\u00fc\u015f\u00fc\u015ften kaynaklanan riskleri uzakla\u015ft\u0131rmak i\u00e7in refah fonunu kullanabilir.<\/strong><span id=\"more-73732\"><\/span><\/p>\n<p style=\"color: #222222;\">\u00dclke gelecek y\u0131l kadar yak\u0131n bir zamanda 830 milyar dolarl\u0131k \u00fclke refah fonundan para \u00e7ekmeye ba\u015flayabilir. Norve\u00e7, fonu gelecek nesiller i\u00e7in kullan\u0131lmak \u00fczere ge\u00e7ti\u011fimiz 20 y\u0131lda in\u015fa etti. Az\u0131nl\u0131k h\u00fck\u00fcmeti \u00c7ar\u015famba g\u00fcn\u00fc b\u00fct\u00e7e planlar\u0131n\u0131 a\u00e7\u0131klayacak. H\u00fck\u00fcmet yeni harcama \u00f6nlemleri ve vergi indirimlerine gidilece\u011fi sinyali vermi\u015fti.<\/p>\n<p style=\"color: #222222;\">Ba\u015fbakan Erna Solberg, \u00fclkenin ana emtia kalemindeki d\u00fc\u015f\u00fc\u015f\u00fcn 500 milyar dolarl\u0131k ekonomiye zarar vermesi ile resesyondan ka\u00e7\u0131nmaya \u00e7al\u0131\u015f\u0131yor. Norve\u00e7 son y\u0131llarda a\u00e7\u0131\u011f\u0131 kapatmak i\u00e7in petrol gelirlerinden gittik\u00e7e artan bir miktarda harcama yapt\u0131 \u00f6te tandan refah fonunu in\u015fa etmeyi s\u00fcrd\u00fcrd\u00fc. Petrolden sa\u011flanan vergi gelirinin ge\u00e7ti\u011fimiz y\u0131l y\u00fczde 42 gerilemesi ile birlikte 2016\u2019da b\u00fct\u00e7e harcamalar\u0131 geliri a\u015fabilir.<\/p>\n<p style=\"color: #222222;\">Oslo\u2019daki DNB ASA k\u0131demli ekonomisti Kyrre Aamdal, \u201cPetrolden kaynakl\u0131 dengenin likidite ak\u0131\u015f\u0131n\u0131n \u00fczerinde oldu\u011funu g\u00f6rece\u011fimiz bir noktaya ula\u015fm\u0131\u015f bulunuyoruz. Bunda petrol fiyatlar\u0131n\u0131n yava\u015f art\u0131\u015f g\u00f6stermesi etkili oluyor. Fon getirilerinin kullan\u0131lmas\u0131 bir d\u00f6nem noktas\u0131 ve birka\u00e7 y\u0131l daha b\u00f6yle bir durum beklenmiyordu\u201d dedi.<\/p>\n<p style=\"color: #222222;\">H\u00fck\u00fcmet May\u0131s ay\u0131nda petrol d\u0131\u015f\u0131 b\u00fct\u00e7e a\u00e7\u0131\u011f\u0131n\u0131n veya real anlamda harcamalar\u0131n 180.9 milyar kron (21.6 milyar dolar) olabilece\u011fini belirtti.<\/p>\n<p style=\"color: #222222;\">Kaynak: EnerjiEnstit\u00fcs\u00fc<\/p>\n<p><\/p>","protected":false},"excerpt":{"rendered":"<p>Sorry, this entry is only available in Turkish. For the sake of viewer convenience, the content is shown below in the alternative language. You may click the link to switch the active language. Norve\u00e7, petroldeki d\u00fc\u015f\u00fc\u015ften kaynaklanan riskleri uzakla\u015ft\u0131rmak i\u00e7in refah fonunu kullanabilir. \u00dclke gelecek y\u0131l kadar yak\u0131n bir zamanda 830 milyar dolarl\u0131k \u00fclke refah [&hellip;]<\/p>\n","protected":false},"author":1,"featured_media":45124,"comment_status":"open","ping_status":"open","sticky":false,"template":"","format":"standard","meta":[],"categories":[53,44],"tags":[22303,26190,26191,6331,26192,26193,18929,26194],"views":1025,"_links":{"self":[{"href":"https:\/\/www.enerjigazetesi.ist\/en\/wp-json\/wp\/v2\/posts\/45123"}],"collection":[{"href":"https:\/\/www.enerjigazetesi.ist\/en\/wp-json\/wp\/v2\/posts"}],"about":[{"href":"https:\/\/www.enerjigazetesi.ist\/en\/wp-json\/wp\/v2\/types\/post"}],"author":[{"embeddable":true,"href":"https:\/\/www.enerjigazetesi.ist\/en\/wp-json\/wp\/v2\/users\/1"}],"replies":[{"embeddable":true,"href":"https:\/\/www.enerjigazetesi.ist\/en\/wp-json\/wp\/v2\/comments?post=45123"}],"version-history":[{"count":1,"href":"https:\/\/www.enerjigazetesi.ist\/en\/wp-json\/wp\/v2\/posts\/45123\/revisions"}],"predecessor-version":[{"id":45125,"href":"https:\/\/www.enerjigazetesi.ist\/en\/wp-json\/wp\/v2\/posts\/45123\/revisions\/45125"}],"wp:featuredmedia":[{"embeddable":true,"href":"https:\/\/www.enerjigazetesi.ist\/en\/wp-json\/wp\/v2\/media\/45124"}],"wp:attachment":[{"href":"https:\/\/www.enerjigazetesi.ist\/en\/wp-json\/wp\/v2\/media?parent=45123"}],"wp:term":[{"taxonomy":"category","embeddable":true,"href":"https:\/\/www.enerjigazetesi.ist\/en\/wp-json\/wp\/v2\/categories?post=45123"},{"taxonomy":"post_tag","embeddable":true,"href":"https:\/\/www.enerjigazetesi.ist\/en\/wp-json\/wp\/v2\/tags?post=45123"}],"curies":[{"name":"wp","href":"https:\/\/api.w.org\/{rel}","templated":true}]}}