{"id":45107,"date":"2015-10-07T15:45:16","date_gmt":"2015-10-07T12:45:16","guid":{"rendered":"https:\/\/www.enerjigazetesi.ist\/?p=45107"},"modified":"2015-10-07T15:46:55","modified_gmt":"2015-10-07T12:46:55","slug":"e-ticaret-sektoru-17-ekimde-istanbul-e-ticaret-zirvesinde-bulusuyor","status":"publish","type":"post","link":"https:\/\/www.enerjigazetesi.ist\/en\/e-ticaret-sektoru-17-ekimde-istanbul-e-ticaret-zirvesinde-bulusuyor\/","title":{"rendered":"(Turkish) E-Ticaret Sekt\u00f6r\u00fc 17 Ekim&#8217;de \u0130stanbul E-Ticaret Zirvesi&#8217;nde Bulu\u015fuyor&#8230;"},"content":{"rendered":"<p class=\"qtranxs-available-languages-message qtranxs-available-languages-message-en\">Sorry, this entry is only available in <a href=\"https:\/\/www.enerjigazetesi.ist\/tr\/wp-json\/wp\/v2\/posts\/45107\" class=\"qtranxs-available-language-link qtranxs-available-language-link-tr\" title=\"Turkish\">Turkish<\/a>. For the sake of viewer convenience, the content is shown below in the alternative language. You may click the link to switch the active language.<\/p><p><strong>Ge\u00e7ti\u011fimiz senelerde yo\u011fun bir kat\u0131l\u0131m ve ilgiyle ger\u00e7ekle\u015fen \u0130stanbul E-Ticaret Zirvesi bu y\u0131lda dopdolu bir i\u00e7erik ve \u00f6nemli konu\u015fmac\u0131larla eticaret sekt\u00f6r\u00fcn\u00fc, eticaret yat\u0131r\u0131mc\u0131 ve giri\u015fimcilerini 17 Ekim 2015&#8217;de Dedeman \u0130stanbul Hotel\u2019de 4. kez biraraya getiriyor.<\/strong><\/p>\n<p>TURK Elektronik Para A.\u015e.\u2019nin isim sponsorlu\u011funda ger\u00e7ekle\u015ftirilecek \u0130stanbul E-Ticaret Zirvesi 2<img loading=\"lazy\" class=\"alignright size-medium wp-image-45108\" src=\"https:\/\/www.enerjigazetesi.ist\/wp-content\/uploads\/2015\/10\/e-ticaret-sektoru-17-ekimde-istanbul-e-ticaret-zirvesinde-bulusuyor-300x300.jpg\" alt=\"e-ticaret-sektoru-17-ekimde-istanbul-e-ticaret-zirvesinde-bulusuyor\" width=\"300\" height=\"300\" srcset=\"https:\/\/www.enerjigazetesi.ist\/wp-content\/uploads\/2015\/10\/e-ticaret-sektoru-17-ekimde-istanbul-e-ticaret-zirvesinde-bulusuyor-300x300.jpg 300w, https:\/\/www.enerjigazetesi.ist\/wp-content\/uploads\/2015\/10\/e-ticaret-sektoru-17-ekimde-istanbul-e-ticaret-zirvesinde-bulusuyor-150x150.jpg 150w, https:\/\/www.enerjigazetesi.ist\/wp-content\/uploads\/2015\/10\/e-ticaret-sektoru-17-ekimde-istanbul-e-ticaret-zirvesinde-bulusuyor-400x400.jpg 400w, https:\/\/www.enerjigazetesi.ist\/wp-content\/uploads\/2015\/10\/e-ticaret-sektoru-17-ekimde-istanbul-e-ticaret-zirvesinde-bulusuyor-50x50.jpg 50w, https:\/\/www.enerjigazetesi.ist\/wp-content\/uploads\/2015\/10\/e-ticaret-sektoru-17-ekimde-istanbul-e-ticaret-zirvesinde-bulusuyor.jpg 634w\" sizes=\"(max-width: 300px) 100vw, 300px\" \/>015,\u00a0alan\u0131nda uzman konu\u015fmac\u0131lar\u0131 17 Ekim 2015\u2019te Dedeman \u0130stanbul Hotel\u2019de bulu\u015fturuyor. Zirve\u2019de yat\u0131r\u0131mc\u0131lar, sekt\u00f6r\u00fcn \u00f6nde gelen firmalar\u0131n\u0131n temsilcileri, giri\u015fimciler ve giri\u015fimci adaylar\u0131 bir araya geliyor. Bu sene ger\u00e7ekle\u015fecek olan TURK Elektronik Para\u00a0<strong>\u0130stanbul E-Ticaret Zirvesi<\/strong> anasponsorlu\u011funu, <strong>\u0130deaSoft Yaz\u0131l\u0131m A.\u015e<\/strong> ve <strong>\u00c7icek Hediye Marke<\/strong>t \u00fcstleniyor.<\/p>\n<p>Zirve bu sene, ET\u0130D( Elektronik Ticaret \u0130\u015fletmecileri Derne\u011fi ), EDER( E-Ticaret Altyap\u0131 Sa\u011flayac\u0131lar\u0131 Derne\u011fi ) ve \u0130K (\u0130\u015f Kul\u00fcb\u00fc Derne\u011fi) i\u015f birli\u011fi ve dan\u0131\u015fmanl\u0131\u011f\u0131nda hayata ge\u00e7irilecektir.<\/p>\n<p>Zirvede; D\u00fcnya\u2019da ve T\u00fcrkiye\u2019de E-ticaret, E-Ticarette G\u00fcven, E-D\u00f6n\u00fc\u015f\u00fcm ve Entegrasyon, \u0130\u015finiz E-Ticarette, Markala\u015fma, Dijital Pazarlama ve SEO gibi e-ticaretin \u00f6nemli konular\u0131 \u00fczerine konu\u015fmac\u0131lar tecr\u00fcbelerini payla\u015facak.<\/p>\n<p><strong>\u0130S\u0130S Bili\u015fim<\/strong> ve <strong>Bankalararas\u0131 Kart Merkezi<\/strong> oturum sponsorlu\u011fu kategorisinde zirvede yer alacak.<\/p>\n<p>Zirvede T\u00fcrkiye\u2019deki ba\u015far\u0131l\u0131 \u015firket kurucular\u0131, yat\u0131r\u0131mc\u0131lar, giri\u015fimciler ve internet sekt\u00f6r\u00fcnde ba\u015far\u0131l\u0131 profesyoneller, kat\u0131l\u0131mc\u0131lara teorik bilgilendirmenin yan\u0131 s\u0131ra tecr\u00fcbelerini de aktaracaklar. Alan\u0131nda yap\u0131lan \u00f6nemli organizasyonlardan olan \u0130stanbul E-Ticaret Zirvesi\u2019ne eticaret sitesi sahipleri, eticaret \u00e7al\u0131\u015fanlar\u0131 ve eticarete ilgi duyan \u00e7ok say\u0131da kat\u0131l\u0131mc\u0131n\u0131n yer almas\u0131 bekleniyor.<\/p>\n<p>Zorlu giri\u015fimcilik yolunda, giri\u015fimcilerin hayallerini ve fikirlerini hayata ge\u00e7irme noktas\u0131nda ihtiya\u00e7 duyulan bir\u00e7ok alanda bilginin payla\u015f\u0131ld\u0131\u011f\u0131 TURK Elektronik Para A.\u015e. \u0130stanbul E-Ticaret Zirvesi, <strong>17 Ekim 2015<\/strong> tarihinde <strong>Dedeman \u0130stanbul Hotel\u2019de<\/strong> ger\u00e7ekle\u015ftirilecek. Kat\u0131l\u0131mc\u0131lar, sekt\u00f6r\u00fcn \u00f6nde gelen isimlerini bu zirvede dinleme, \u00f6nemli yat\u0131r\u0131mc\u0131 ve giri\u015fimcilerle tan\u0131\u015f\u0131p g\u00f6r\u00fc\u015febilme f\u0131rsat\u0131 bulacak.<\/p>\n<p>Zirve hakk\u0131nda daha detayl\u0131 bilgi i\u00e7in <a href=\"http:\/\/www.e-ticaretzirvesi.org\" target=\"_blank\">www.e-ticaretzirvesi.org<\/a> web adresini ziyaret edebilir, detayl\u0131 program\u0131 bu sayfadan inceleybilir, online kat\u0131l\u0131m kayd\u0131n\u0131z\u0131 buradan yapabilirsiniz. Ayr\u0131ca zirvenin Facebook sayfas\u0131 ve Twitter profilinden g\u00fcncel geli\u015fmeleri takip edebilirsiniz.<\/p>\n<p>Yay\u0131nc\u0131: Enerji Gazetesi<\/p>","protected":false},"excerpt":{"rendered":"<p>Sorry, this entry is only available in Turkish. For the sake of viewer convenience, the content is shown below in the alternative language. You may click the link to switch the active language.Ge\u00e7ti\u011fimiz senelerde yo\u011fun bir kat\u0131l\u0131m ve ilgiyle ger\u00e7ekle\u015fen \u0130stanbul E-Ticaret Zirvesi bu y\u0131lda dopdolu bir i\u00e7erik ve \u00f6nemli konu\u015fmac\u0131larla eticaret sekt\u00f6r\u00fcn\u00fc, eticaret yat\u0131r\u0131mc\u0131 [&hellip;]<\/p>\n","protected":false},"author":1,"featured_media":45108,"comment_status":"open","ping_status":"open","sticky":false,"template":"","format":"standard","meta":[],"categories":[53,157],"tags":[26175,26179,26174,18842,18839,26172,26173,63,67,1009,2698,165,18843,26176,18841,15333,26178,26177],"views":1450,"_links":{"self":[{"href":"https:\/\/www.enerjigazetesi.ist\/en\/wp-json\/wp\/v2\/posts\/45107"}],"collection":[{"href":"https:\/\/www.enerjigazetesi.ist\/en\/wp-json\/wp\/v2\/posts"}],"about":[{"href":"https:\/\/www.enerjigazetesi.ist\/en\/wp-json\/wp\/v2\/types\/post"}],"author":[{"embeddable":true,"href":"https:\/\/www.enerjigazetesi.ist\/en\/wp-json\/wp\/v2\/users\/1"}],"replies":[{"embeddable":true,"href":"https:\/\/www.enerjigazetesi.ist\/en\/wp-json\/wp\/v2\/comments?post=45107"}],"version-history":[{"count":2,"href":"https:\/\/www.enerjigazetesi.ist\/en\/wp-json\/wp\/v2\/posts\/45107\/revisions"}],"predecessor-version":[{"id":45110,"href":"https:\/\/www.enerjigazetesi.ist\/en\/wp-json\/wp\/v2\/posts\/45107\/revisions\/45110"}],"wp:featuredmedia":[{"embeddable":true,"href":"https:\/\/www.enerjigazetesi.ist\/en\/wp-json\/wp\/v2\/media\/45108"}],"wp:attachment":[{"href":"https:\/\/www.enerjigazetesi.ist\/en\/wp-json\/wp\/v2\/media?parent=45107"}],"wp:term":[{"taxonomy":"category","embeddable":true,"href":"https:\/\/www.enerjigazetesi.ist\/en\/wp-json\/wp\/v2\/categories?post=45107"},{"taxonomy":"post_tag","embeddable":true,"href":"https:\/\/www.enerjigazetesi.ist\/en\/wp-json\/wp\/v2\/tags?post=45107"}],"curies":[{"name":"wp","href":"https:\/\/api.w.org\/{rel}","templated":true}]}}