{"id":45094,"date":"2015-10-07T09:59:47","date_gmt":"2015-10-07T06:59:47","guid":{"rendered":"https:\/\/www.enerjigazetesi.ist\/?p=45094"},"modified":"2015-10-07T09:59:47","modified_gmt":"2015-10-07T06:59:47","slug":"akilli-ev-ve-akilli-sehirler-geliyor","status":"publish","type":"post","link":"https:\/\/www.enerjigazetesi.ist\/en\/akilli-ev-ve-akilli-sehirler-geliyor\/","title":{"rendered":"(Turkish) \u201cAk\u0131ll\u0131 Ev ve Ak\u0131ll\u0131 \u015eehirler Geliyor!\u201d"},"content":{"rendered":"<p class=\"qtranxs-available-languages-message qtranxs-available-languages-message-en\">Sorry, this entry is only available in <a href=\"https:\/\/www.enerjigazetesi.ist\/tr\/wp-json\/wp\/v2\/posts\/45094\" class=\"qtranxs-available-language-link qtranxs-available-language-link-tr\" title=\"Turkish\">Turkish<\/a>. For the sake of viewer convenience, the content is shown below in the alternative language. You may click the link to switch the active language.<\/p><p><\/p>\n<p style=\"color: #666666;\"><strong style=\"font-weight: bold; color: #222222;\"><a href=\"https:\/\/www.enerjigazetesi.ist\/wp-content\/uploads\/2015\/10\/alternatif-enerji-akilli-sehirler-45-G-500x500_c.jpg\"><img loading=\"lazy\" class=\"alignleft size-medium wp-image-45095\" src=\"https:\/\/www.enerjigazetesi.ist\/wp-content\/uploads\/2015\/10\/alternatif-enerji-akilli-sehirler-45-G-500x500_c-300x300.jpg\" alt=\"alternatif-enerji-akilli-sehirler-45-G-500x500_c\" width=\"300\" height=\"300\" srcset=\"https:\/\/www.enerjigazetesi.ist\/wp-content\/uploads\/2015\/10\/alternatif-enerji-akilli-sehirler-45-G-500x500_c-300x300.jpg 300w, https:\/\/www.enerjigazetesi.ist\/wp-content\/uploads\/2015\/10\/alternatif-enerji-akilli-sehirler-45-G-500x500_c-150x150.jpg 150w, https:\/\/www.enerjigazetesi.ist\/wp-content\/uploads\/2015\/10\/alternatif-enerji-akilli-sehirler-45-G-500x500_c-400x400.jpg 400w, https:\/\/www.enerjigazetesi.ist\/wp-content\/uploads\/2015\/10\/alternatif-enerji-akilli-sehirler-45-G-500x500_c-50x50.jpg 50w, https:\/\/www.enerjigazetesi.ist\/wp-content\/uploads\/2015\/10\/alternatif-enerji-akilli-sehirler-45-G-500x500_c.jpg 500w\" sizes=\"(max-width: 300px) 100vw, 300px\" \/><\/a>MOB\u0130SAD Y\u00f6netim Kurulu Ba\u015fkan\u0131 Ek\u015fi: \u201c4,5G ile ak\u0131ll\u0131 ev ve ak\u0131ll\u0131 \u015fehirler geliyor, ak\u0131ll\u0131 \u00fclke olaca\u011f\u0131z\u201d dedi.<\/strong><\/p>\n<p style=\"color: #666666;\">Teknolojinin d\u00fcnyay\u0131 getirdi\u011fi yer,\u00a0<strong style=\"font-weight: bold; color: #222222;\">ak\u0131ll\u0131 \u015fehirler<\/strong>\u00a0toplulu\u011fu olacak gibi g\u00f6r\u00fcn\u00fcyor.<\/p>\n<p style=\"color: #666666;\">www.trthaber.com\u2019un haberine g\u00f6re, Mobil \u0130leti\u015fim Ara\u00e7lar\u0131 ve Bilgi Teknolojileri \u0130\u015f Adamlar\u0131 Derne\u011fi (MOB\u0130SAD) Y\u00f6netim Kurulu Ba\u015fkan\u0131 Sinan Ek\u015fi, 4,5G teknolojisiyle\u00a0<strong style=\"font-weight: bold; color: #222222;\">ak\u0131ll\u0131 ev ve \u015fehirlerin<\/strong>\u00a0yayg\u0131nla\u015faca\u011f\u0131n\u0131 belirterek, \u201c<strong style=\"font-weight: bold; color: #222222;\">Ak\u0131ll\u0131 \u00fclke<\/strong>\u00a0olaca\u011f\u0131z\u201d dedi.<\/p>\n<p style=\"color: #666666;\">Ek\u015fi, yapt\u0131\u011f\u0131 a\u00e7\u0131klamada, 4,5G\u2019nin getirece\u011fi y\u00fcksek h\u0131z sayesinde baz\u0131 yeni al\u0131\u015fkanl\u0131klar kazan\u0131laca\u011f\u0131n\u0131 ifade ederek, \u201cMesela mobil telefonlar\u0131m\u0131zdan, kesintisiz bir \u015fekilde ev ve i\u015f yerlerimizdeki kameralar\u0131n g\u00f6r\u00fcnt\u00fclerini canl\u0131 olarak seyredebilece\u011fiz\u201d diye konu\u015ftu. Ek\u015fi, h\u0131zl\u0131 internet kullanarak g\u00fcnl\u00fck hayata kolayl\u0131klar getirecek ekipman ve \u00fcr\u00fcn sat\u0131\u015flar\u0131nda da art\u0131\u015f beklediklerini dile getirdi.<\/p>\n<p style=\"color: #666666;\">Haberin devam\u0131 i\u00e7in\u00a0<a style=\"color: #fc8d8d;\" href=\"http:\/\/www.trthaber.com\/haber\/ekonomi\/45g-ile-akilli-ulke-olacagiz-207272.html\" target=\"_blank\">t\u0131klay\u0131n<\/a><\/p>\n<p><\/p>","protected":false},"excerpt":{"rendered":"<p>Sorry, this entry is only available in Turkish. For the sake of viewer convenience, the content is shown below in the alternative language. You may click the link to switch the active language. MOB\u0130SAD Y\u00f6netim Kurulu Ba\u015fkan\u0131 Ek\u015fi: \u201c4,5G ile ak\u0131ll\u0131 ev ve ak\u0131ll\u0131 \u015fehirler geliyor, ak\u0131ll\u0131 \u00fclke olaca\u011f\u0131z\u201d dedi. Teknolojinin d\u00fcnyay\u0131 getirdi\u011fi yer,\u00a0ak\u0131ll\u0131 \u015fehirler\u00a0toplulu\u011fu [&hellip;]<\/p>\n","protected":false},"author":1,"featured_media":45095,"comment_status":"open","ping_status":"open","sticky":false,"template":"","format":"standard","meta":[],"categories":[53,52],"tags":[8155,5332,3176],"views":1266,"_links":{"self":[{"href":"https:\/\/www.enerjigazetesi.ist\/en\/wp-json\/wp\/v2\/posts\/45094"}],"collection":[{"href":"https:\/\/www.enerjigazetesi.ist\/en\/wp-json\/wp\/v2\/posts"}],"about":[{"href":"https:\/\/www.enerjigazetesi.ist\/en\/wp-json\/wp\/v2\/types\/post"}],"author":[{"embeddable":true,"href":"https:\/\/www.enerjigazetesi.ist\/en\/wp-json\/wp\/v2\/users\/1"}],"replies":[{"embeddable":true,"href":"https:\/\/www.enerjigazetesi.ist\/en\/wp-json\/wp\/v2\/comments?post=45094"}],"version-history":[{"count":1,"href":"https:\/\/www.enerjigazetesi.ist\/en\/wp-json\/wp\/v2\/posts\/45094\/revisions"}],"predecessor-version":[{"id":45096,"href":"https:\/\/www.enerjigazetesi.ist\/en\/wp-json\/wp\/v2\/posts\/45094\/revisions\/45096"}],"wp:featuredmedia":[{"embeddable":true,"href":"https:\/\/www.enerjigazetesi.ist\/en\/wp-json\/wp\/v2\/media\/45095"}],"wp:attachment":[{"href":"https:\/\/www.enerjigazetesi.ist\/en\/wp-json\/wp\/v2\/media?parent=45094"}],"wp:term":[{"taxonomy":"category","embeddable":true,"href":"https:\/\/www.enerjigazetesi.ist\/en\/wp-json\/wp\/v2\/categories?post=45094"},{"taxonomy":"post_tag","embeddable":true,"href":"https:\/\/www.enerjigazetesi.ist\/en\/wp-json\/wp\/v2\/tags?post=45094"}],"curies":[{"name":"wp","href":"https:\/\/api.w.org\/{rel}","templated":true}]}}