{"id":45073,"date":"2015-10-06T17:15:49","date_gmt":"2015-10-06T14:15:49","guid":{"rendered":"https:\/\/www.enerjigazetesi.ist\/?p=45073"},"modified":"2015-10-06T17:21:21","modified_gmt":"2015-10-06T14:21:21","slug":"turkiye-bmye-verdigi-belgelerle-ruzgar-ve-gunes-enerjisi-taahhudunu-dusurdu","status":"publish","type":"post","link":"https:\/\/www.enerjigazetesi.ist\/en\/turkiye-bmye-verdigi-belgelerle-ruzgar-ve-gunes-enerjisi-taahhudunu-dusurdu\/","title":{"rendered":"(Turkish) T\u00fcrkiye, BM&#8217;ye Kar\u015f\u0131 R\u00fczgar ve G\u00fcne\u015f Enerjisi Taahh\u00fcd\u00fcn\u00fc D\u00fc\u015f\u00fcrd\u00fc!"},"content":{"rendered":"<p class=\"qtranxs-available-languages-message qtranxs-available-languages-message-en\">Sorry, this entry is only available in <a href=\"https:\/\/www.enerjigazetesi.ist\/tr\/wp-json\/wp\/v2\/posts\/45073\" class=\"qtranxs-available-language-link qtranxs-available-language-link-tr\" title=\"Turkish\">Turkish<\/a>. For the sake of viewer convenience, the content is shown below in the alternative language. You may click the link to switch the active language.<\/p><p><span style=\"font-weight: bold; color: #242424;\">T\u00fcrkiye hidroelektrik, termik ve n\u00fckleere dayal\u0131 enerji \u00fcretiminde art\u0131\u015f tahmin ediyor.<a href=\"https:\/\/www.enerjigazetesi.ist\/wp-content\/uploads\/2015\/10\/116247.jpg\"><img loading=\"lazy\" class=\"alignleft  wp-image-45075\" src=\"https:\/\/www.enerjigazetesi.ist\/wp-content\/uploads\/2015\/10\/116247-300x153.jpg\" alt=\"Impianto Fotovoltaico\" width=\"300\" height=\"249\" \/><\/a><\/span><\/p>\n<p>ANKARA &#8211; Birle\u015fmi\u015f Milletler&#8217;in, iklim de\u011fi\u015fikli\u011fini 2 derecenin alt\u0131nda tutmak i\u00e7in \u00fclkelerin yapaca\u011f\u0131 katk\u0131lara ili\u015fkin planlar\u0131n\u0131 toplamaya ba\u015flad\u0131. T\u00fcrkiye&#8217;nin sundu\u011fu planlarda, daha \u00f6nceki ulusal ve uluslararas\u0131 belgelere k\u0131yasla, r\u00fczgar ve g\u00fcne\u015f enerjisini daha az kullanaca\u011f\u0131na dair rakamlar dikkat \u00e7ekti.<\/p>\n<p style=\"color: #4d4e53;\">Birle\u015fmi\u015f Milletler \u0130klim De\u011fi\u015fikli\u011fi Sekreteryas\u0131&#8217;na sunulan T\u00fcrkiye raporunda, ulusal katk\u0131 olarak sera gazlar\u0131 sal\u0131m\u0131na ili\u015fkin taahh\u00fctlerini belirledi. Enerji Uzman\u0131 \u00d6nder Algedik, T\u00fcrkiye belgesinde ge\u00e7mi\u015f belgelere k\u0131yasla 2030&#8217;a kadar daha h\u0131zl\u0131 bir sera gaz\u0131 sal\u0131m\u0131 \u00f6ng\u00f6r\u00fcs\u00fcn\u00fcn yer ald\u0131\u011f\u0131n\u0131n alt\u0131n\u0131 \u00e7izdi. BM \u0130klim De\u011fi\u015fikli\u011fi Sekreteryas\u0131, iklim de\u011fi\u015fikli\u011fi kaynakl\u0131 k\u00fcresel \u0131s\u0131nmay\u0131 2 derecenin alt\u0131nda tutmak i\u00e7in bir plan haz\u0131rlad\u0131 ve \u00fclkelerin bu plana ne d\u00fczeyde uyum sa\u011flayabilece\u011fine dair taahh\u00fctler vermesini istedi. S\u00fcrece ili\u015fkin BM zirvesi 30 Kas\u0131m g\u00fcn\u00fc Paris&#8217;te yap\u0131lacak. Bu taahh\u00fctler INDC (Intended Nationally Determined Contributions) ad\u0131 verilen &#8220;Kesin Katk\u0131lar i\u00e7in Ulusal Niyet Beyanlar\u0131&#8221; belgesi arac\u0131l\u0131\u011f\u0131yla toplan\u0131yor. T\u00fcrkiye zirve \u00f6ncesi sekreteryaya belgeyi sundu.<\/p>\n<p style=\"color: #4d4e53;\"><strong>T\u00fcrkiye hidroelektrik, termik ve n\u00fckleere dayal\u0131 enerji \u00fcretiminde art\u0131\u015f tahmin ediyor<\/strong><\/p>\n<p style=\"color: #4d4e53;\">T\u00fcrkiye taahh\u00fct belgesini inceleyen Enerji Dan\u0131\u015fman\u0131 \u00d6nder Algedik, D\u00dcNYA&#8217;ya yapt\u0131\u011f\u0131 a\u00e7\u0131klamada, T\u00fcrkiye&#8217;nin daha \u00f6nceki ulusal projelerinde 2023 y\u0131l\u0131na kadar 20 bin MW (kurulu g\u00fc\u00e7) r\u00fczgar enerjisi hedefi koymu\u015fken, mevcut planda bunu 16 bin MW&#8217;a d\u00fc\u015f\u00fcrmesi ve ayr\u0131ca 2023 y\u0131l\u0131n\u0131 2030&#8217;a uzatmas\u0131na dikkat \u00e7ekti. T\u00fcrkiye&#8217;nin yine 2030 i\u00e7in10 bin MW g\u00fcne\u015f enerjisi hedefi koydu\u011funu hat\u0131rlatan Algedik, &#8220;Ancak \u015fu anda bile g\u00fcne\u015f enerjisi i\u00e7in ba\u015fvurular\u0131n toplam\u0131 15 bin MW&#8217;\u0131 buluyor. Bu projeler kabul edilse ve en k\u00f6t\u00fc olas\u0131l\u0131klar de\u011ferlendirilse bile 5 y\u0131l i\u00e7inde yat\u0131r\u0131mlar\u0131 tamamlamak m\u00fcmk\u00fcn. Elde bu \u015fekilde bir ba\u015fvuru ve proje portf\u00f6y\u00fc varken, neden 10 bin MW ve neden 2030 hedefi konulmu\u015f anlamak m\u00fcmk\u00fcn de\u011fil&#8221; dedi.<\/p>\n<p style=\"color: #4d4e53;\"><strong>HES&#8217;ler yap\u0131lacak, n\u00fckleer yat\u0131r\u0131m devam edecek<\/strong><\/p>\n<p style=\"color: #4d4e53;\">\u00d6nder Algedik, taahh\u00fct belgesinde, &#8220;T\u00fcrkiye&#8217;nin hidroelektrik kapasitesinin tamam\u0131n\u0131n de\u011ferlendirilece\u011fi&#8221; maddesi bulundu\u011funu da belirterek, uzun s\u00fcredir deva eden nehirlere hidroelektrik santral yap\u0131m\u0131 tart\u0131\u015fmalar\u0131n\u0131n s\u00fcrece\u011finin i\u015fareti olarak yorumlad\u0131. Ayr\u0131ca, T\u00fcrkiye, 2030 y\u0131l\u0131na kadar bir n\u00fckleer santralin i\u015fletmeye al\u0131naca\u011f\u0131 maddesinin de tart\u0131\u015fma g\u00f6t\u00fcr\u00fcr oldu\u011funu belirten Algedik, 2020&#8217;li y\u0131llar\u0131n ortas\u0131na kadar Akkuyu ve Sinop n\u00fckleer santralinin yap\u0131m\u0131n\u0131n tamamlanmas\u0131n\u0131n g\u00fcndemde oldu\u011funu hat\u0131rlatarak, bunun ba\u015fka bir yat\u0131r\u0131ma i\u015faret olabilece\u011fini kaydetti.<\/p>\n<p style=\"color: #4d4e53;\">T\u00fcrkiye&#8217;nin enerji verimlili\u011fi alan\u0131nda da, kay\u0131p ka\u00e7aklar\u0131 2030&#8217;a kadar y\u00fczde 15&#8217;e indirme plan\u0131n\u0131n yer ald\u0131\u011f\u0131n\u0131 kaydeden Algedik, bunun d\u00fcnya ortalamas\u0131 oldu\u011funu, T\u00fcrkiye&#8217;nin bu alanda 2030 vadeli olarak bir plan yapmas\u0131n\u0131n anlaml\u0131 oldu\u011funu kaydetti.<\/p>\n<p style=\"color: #4d4e53;\">T\u00fcrkiye, yeni planda, mevcut e\u011filimler do\u011frultusunda 2030&#8217;da 1 milyar 175 milyon ton sera gaz\u0131 sal\u0131m\u0131 yap\u0131laca\u011f\u0131n\u0131 tahmin etti\u011fini ve alaca\u011f\u0131 \u00f6nlemlerle bunu y\u00fczde 21 oran\u0131nda azaltarak 929 milyon tona \u00e7ekece\u011fini taahh\u00fct etti. ABD, Avrupa Birli\u011fi, \u00c7in gibi en fazla karbon sal\u0131m\u0131 ger\u00e7ekle\u015ftiren \u00fclkelerin tamam\u0131 da karbon sal\u0131m\u0131n\u0131 azaltmay\u0131 taahh\u00fct etti. \u00c7in, miktar vermeyerek, &#8220;d\u00fc\u015f\u00fcrme&#8221; s\u00f6z\u00fc verdi. AB, y\u00fczde 40, ABD y\u00fczde 26, Rusya 1990&#8217;a g\u00f6re y\u00fczde 75 d\u00fc\u015f\u00fcrme s\u00f6z\u00fc verdi.<\/p>\n<p style=\"color: #4d4e53;\">Mehmet KAYA<\/p>\n<p style=\"color: #4d4e53;\">Kaynak: D\u00fcnya<\/p>\n<p><\/p>","protected":false},"excerpt":{"rendered":"<p>Sorry, this entry is only available in Turkish. For the sake of viewer convenience, the content is shown below in the alternative language. You may click the link to switch the active language.T\u00fcrkiye hidroelektrik, termik ve n\u00fckleere dayal\u0131 enerji \u00fcretiminde art\u0131\u015f tahmin ediyor. ANKARA &#8211; Birle\u015fmi\u015f Milletler&#8217;in, iklim de\u011fi\u015fikli\u011fini 2 derecenin alt\u0131nda tutmak i\u00e7in \u00fclkelerin [&hellip;]<\/p>\n","protected":false},"author":1,"featured_media":45075,"comment_status":"open","ping_status":"open","sticky":false,"template":"","format":"standard","meta":[],"categories":[53,49,50],"tags":[1350,63,13,1999,16],"views":1121,"_links":{"self":[{"href":"https:\/\/www.enerjigazetesi.ist\/en\/wp-json\/wp\/v2\/posts\/45073"}],"collection":[{"href":"https:\/\/www.enerjigazetesi.ist\/en\/wp-json\/wp\/v2\/posts"}],"about":[{"href":"https:\/\/www.enerjigazetesi.ist\/en\/wp-json\/wp\/v2\/types\/post"}],"author":[{"embeddable":true,"href":"https:\/\/www.enerjigazetesi.ist\/en\/wp-json\/wp\/v2\/users\/1"}],"replies":[{"embeddable":true,"href":"https:\/\/www.enerjigazetesi.ist\/en\/wp-json\/wp\/v2\/comments?post=45073"}],"version-history":[{"count":3,"href":"https:\/\/www.enerjigazetesi.ist\/en\/wp-json\/wp\/v2\/posts\/45073\/revisions"}],"predecessor-version":[{"id":45078,"href":"https:\/\/www.enerjigazetesi.ist\/en\/wp-json\/wp\/v2\/posts\/45073\/revisions\/45078"}],"wp:featuredmedia":[{"embeddable":true,"href":"https:\/\/www.enerjigazetesi.ist\/en\/wp-json\/wp\/v2\/media\/45075"}],"wp:attachment":[{"href":"https:\/\/www.enerjigazetesi.ist\/en\/wp-json\/wp\/v2\/media?parent=45073"}],"wp:term":[{"taxonomy":"category","embeddable":true,"href":"https:\/\/www.enerjigazetesi.ist\/en\/wp-json\/wp\/v2\/categories?post=45073"},{"taxonomy":"post_tag","embeddable":true,"href":"https:\/\/www.enerjigazetesi.ist\/en\/wp-json\/wp\/v2\/tags?post=45073"}],"curies":[{"name":"wp","href":"https:\/\/api.w.org\/{rel}","templated":true}]}}