{"id":44986,"date":"2015-10-05T08:52:57","date_gmt":"2015-10-05T05:52:57","guid":{"rendered":"https:\/\/www.enerjigazetesi.ist\/?p=44986"},"modified":"2015-10-05T08:52:57","modified_gmt":"2015-10-05T05:52:57","slug":"dbpnin-kacak-elektrik-cagrisina-bakan-alaboyundan-yanit","status":"publish","type":"post","link":"https:\/\/www.enerjigazetesi.ist\/en\/dbpnin-kacak-elektrik-cagrisina-bakan-alaboyundan-yanit\/","title":{"rendered":"(Turkish) DBP\u2019nin \u201cKa\u00e7ak Elektrik\u201d \u00c7a\u011fr\u0131s\u0131na Bakan Alaboyun\u2019dan Yan\u0131t!"},"content":{"rendered":"<p class=\"qtranxs-available-languages-message qtranxs-available-languages-message-en\">Sorry, this entry is only available in <a href=\"https:\/\/www.enerjigazetesi.ist\/tr\/wp-json\/wp\/v2\/posts\/44986\" class=\"qtranxs-available-language-link qtranxs-available-language-link-tr\" title=\"Turkish\">Turkish<\/a>. For the sake of viewer convenience, the content is shown below in the alternative language. You may click the link to switch the active language.<\/p><p><\/p>\n<p style=\"color: #222222;\"><strong>DBP E\u015f Genel Ba\u015fkan\u0131\u2019n\u0131n \u201cHerkes ka\u00e7ak elektrik kullans\u0131n\u201d \u00e7a\u011fr\u0131s\u0131na Enerji Bakan\u0131 Ali R\u0131za Alaboyun\u2019dan yan\u0131t geldi.<a href=\"https:\/\/www.enerjigazetesi.ist\/wp-content\/uploads\/2015\/10\/Ali-r\u0131za-alaboyun-239803-696x385.jpg\"><img loading=\"lazy\" class=\"alignright size-medium wp-image-44987\" src=\"https:\/\/www.enerjigazetesi.ist\/wp-content\/uploads\/2015\/10\/Ali-r\u0131za-alaboyun-239803-696x385-300x165.jpg\" alt=\"Ali-r\u0131za-alaboyun-239803-696x385\" width=\"300\" height=\"165\" srcset=\"https:\/\/www.enerjigazetesi.ist\/wp-content\/uploads\/2015\/10\/Ali-r\u0131za-alaboyun-239803-696x385-300x165.jpg 300w, https:\/\/www.enerjigazetesi.ist\/wp-content\/uploads\/2015\/10\/Ali-r\u0131za-alaboyun-239803-696x385-500x276.jpg 500w, https:\/\/www.enerjigazetesi.ist\/wp-content\/uploads\/2015\/10\/Ali-r\u0131za-alaboyun-239803-696x385-80x44.jpg 80w, https:\/\/www.enerjigazetesi.ist\/wp-content\/uploads\/2015\/10\/Ali-r\u0131za-alaboyun-239803-696x385.jpg 696w\" sizes=\"(max-width: 300px) 100vw, 300px\" \/><\/a><\/strong><span id=\"more-73691\"><\/span><\/p>\n<p style=\"color: #222222;\">Enerji ve Tabii Kaynaklar Bakan\u0131 Ali R\u0131za Alaboyun, Demokratik B\u00f6lgeler Partisi (DBP) E\u015f Genel Ba\u015fkan\u0131 Kamuran Y\u00fcksek\u2019in ka\u00e7ak elektrik kullan\u0131m\u0131 \u00e7a\u011fr\u0131s\u0131n\u0131 de\u011ferlendirdi. Alaboyun, bu \u00e7a\u011fr\u0131n\u0131n devlet y\u00f6netme sorumlulu\u011fu i\u00e7erisinde yap\u0131lmad\u0131\u011f\u0131n\u0131 belirtti. Enerjinin bir maliyeti oldu\u011funu ifade eden Alaboyun, \u201cMaliyeti olan her \u015feyin de vatanda\u015fa bir maliyeti olur. E\u011fer siz bunu G\u00fcneydo\u011fu\u2019da \u00f6demezseniz, entegre sistem i\u00e7erisinde bunu kay\u0131p-ka\u00e7ak olarak ba\u015fka yerlerden almak zorunda kal\u0131r\u0131z. Bizim da\u011f\u0131t\u0131m \u015firketlerimiz faturalar\u0131 tahsil etme konusunda tam yetkilidir.<\/p>\n<p style=\"color: #222222;\">Bu t\u00fcr ifadeler \u00e7ok sak\u0131ncal\u0131 ve do\u011fru de\u011fil\u201d diye konu\u015ftu.Alaboyun, ayr\u0131ca Halklar\u0131n Demokratik Partisi\u2019nin (HDP) yapt\u0131\u011f\u0131 elektrik ve su vaatlerine ili\u015fkin, \u201cHDP\u2019nin se\u00e7im bildirgesi i\u00e7inde de elektrik ve suyun bedava olaca\u011f\u0131 y\u00f6n\u00fcnde bir ifadesi var. Bunlar da sorumlulukla ba\u011fda\u015fan ifadeler de\u011fil\u201d de\u011ferlendirmesinde bulundu.Enerji yat\u0131r\u0131mlar\u0131n\u0131n maliyetlerinin y\u00fcksekli\u011fine dikkati \u00e7eken Alaboyun, \u201cFiyatlar\u0131 a\u015fa\u011f\u0131 \u00e7ekece\u011fiz veya s\u00fcbvanse edece\u011fiz diyebilirsiniz. Bunun bir mant\u0131\u011f\u0131 olabilir. Ama tutup da ben bedava verece\u011fim derseniz, bu \u00fclkeyi siz bir sene y\u00f6netemezsiniz\u201d ifadelerini kulland\u0131.Alaboyun, devleti y\u00f6netmeye talip partilerin daha sorumlu olmas\u0131 gerekti\u011fini vurgulayarak, yapt\u0131klar\u0131 a\u00e7\u0131klamalarda tutarl\u0131 olmalar\u0131 gerekti\u011fini kaydetti.<\/p>\n<p style=\"color: #222222;\">Kaynak: EnerjiEnstit\u00fcs\u00fc<\/p>\n<p><\/p>","protected":false},"excerpt":{"rendered":"<p>Sorry, this entry is only available in Turkish. For the sake of viewer convenience, the content is shown below in the alternative language. You may click the link to switch the active language. DBP E\u015f Genel Ba\u015fkan\u0131\u2019n\u0131n \u201cHerkes ka\u00e7ak elektrik kullans\u0131n\u201d \u00e7a\u011fr\u0131s\u0131na Enerji Bakan\u0131 Ali R\u0131za Alaboyun\u2019dan yan\u0131t geldi. Enerji ve Tabii Kaynaklar Bakan\u0131 Ali [&hellip;]<\/p>\n","protected":false},"author":1,"featured_media":44987,"comment_status":"open","ping_status":"open","sticky":false,"template":"","format":"standard","meta":[],"categories":[51,53],"tags":[25276,15901,26080,26108,1389,532,26109,7065,1215],"views":812,"_links":{"self":[{"href":"https:\/\/www.enerjigazetesi.ist\/en\/wp-json\/wp\/v2\/posts\/44986"}],"collection":[{"href":"https:\/\/www.enerjigazetesi.ist\/en\/wp-json\/wp\/v2\/posts"}],"about":[{"href":"https:\/\/www.enerjigazetesi.ist\/en\/wp-json\/wp\/v2\/types\/post"}],"author":[{"embeddable":true,"href":"https:\/\/www.enerjigazetesi.ist\/en\/wp-json\/wp\/v2\/users\/1"}],"replies":[{"embeddable":true,"href":"https:\/\/www.enerjigazetesi.ist\/en\/wp-json\/wp\/v2\/comments?post=44986"}],"version-history":[{"count":1,"href":"https:\/\/www.enerjigazetesi.ist\/en\/wp-json\/wp\/v2\/posts\/44986\/revisions"}],"predecessor-version":[{"id":44988,"href":"https:\/\/www.enerjigazetesi.ist\/en\/wp-json\/wp\/v2\/posts\/44986\/revisions\/44988"}],"wp:featuredmedia":[{"embeddable":true,"href":"https:\/\/www.enerjigazetesi.ist\/en\/wp-json\/wp\/v2\/media\/44987"}],"wp:attachment":[{"href":"https:\/\/www.enerjigazetesi.ist\/en\/wp-json\/wp\/v2\/media?parent=44986"}],"wp:term":[{"taxonomy":"category","embeddable":true,"href":"https:\/\/www.enerjigazetesi.ist\/en\/wp-json\/wp\/v2\/categories?post=44986"},{"taxonomy":"post_tag","embeddable":true,"href":"https:\/\/www.enerjigazetesi.ist\/en\/wp-json\/wp\/v2\/tags?post=44986"}],"curies":[{"name":"wp","href":"https:\/\/api.w.org\/{rel}","templated":true}]}}