{"id":44958,"date":"2015-10-04T23:41:26","date_gmt":"2015-10-04T20:41:26","guid":{"rendered":"https:\/\/www.enerjigazetesi.ist\/?p=44958"},"modified":"2015-10-04T23:41:26","modified_gmt":"2015-10-04T20:41:26","slug":"en-buyuk-pay-yenilenebilir-enerjinin-olacak","status":"publish","type":"post","link":"https:\/\/www.enerjigazetesi.ist\/en\/en-buyuk-pay-yenilenebilir-enerjinin-olacak\/","title":{"rendered":"(Turkish) En B\u00fcy\u00fck Pay Yenilenebilir Enerjinin Olacak!"},"content":{"rendered":"<p class=\"qtranxs-available-languages-message qtranxs-available-languages-message-en\">Sorry, this entry is only available in <a href=\"https:\/\/www.enerjigazetesi.ist\/tr\/wp-json\/wp\/v2\/posts\/44958\" class=\"qtranxs-available-language-link qtranxs-available-language-link-tr\" title=\"Turkish\">Turkish<\/a>. For the sake of viewer convenience, the content is shown below in the alternative language. You may click the link to switch the active language.<\/p><p><strong>Uluslararas\u0131 Enerji Ajans\u0131n\u0131n (IEA) \u201cOrta Vadeli Yenilenebilir Enerji Sekt\u00f6r Raporu\u201dna g\u00f6re, yenilenebilir enerji kurulu g\u00fcc\u00fcne 2020 y\u0131l\u0131nda toplam 700 gigavat eklenecek.<\/strong><\/p>\n<p>Yenilenebilir enerji, 2013 y\u0131l\u0131<a href=\"https:\/\/www.enerjigazetesi.ist\/wp-content\/uploads\/2015\/10\/en-buyuk-pay-yenilenebilir-enerjinin-olacak.jpg\"><img loading=\"lazy\" class=\"alignleft  wp-image-44959\" src=\"https:\/\/www.enerjigazetesi.ist\/wp-content\/uploads\/2015\/10\/en-buyuk-pay-yenilenebilir-enerjinin-olacak.jpg\" alt=\"en-buyuk-pay-yenilenebilir-enerjinin-olacak\" width=\"300\" height=\"199\" \/><\/a>nda elektrik \u00fcretimindeki y\u00fczde 22\u2032lik pay\u0131n\u0131 2020\u2032de y\u00fczde 26\u2032n\u0131n \u00fczerine \u00e7\u0131karacak, b\u00f6ylece gelecek 5 y\u0131lda k\u00fcresel elektrik \u00fcretiminde en b\u00fcy\u00fck paya sahip olacak.<\/p>\n<p>IEA\u2019ya g\u00f6re, yenilenebilir enerji 2020\u2032de \u00c7in, Hindistan ve Brezilya\u2019n\u0131n toplam enerji taleplerinden daha fazla elektrik \u00fcretecek.<\/p>\n<p>R\u00fczgar enerjisi, bu d\u00f6nemde yeni kurulu g\u00fcc\u00fcn \u00fc\u00e7te birini olu\u015fturarak temiz enerji teknolojisinde \u00f6n plana \u00e7\u0131kacak. Bu teknolojiyi g\u00fcne\u015f enerjisi ve hidroelektrik takip edecek.<\/p>\n<p>Raporda, k\u00f6m\u00fcr ve petrol fiyatlar\u0131ndaki d\u00fc\u015f\u00fck fiyatlar\u0131n yenilenebilir enerji kaynaklar\u0131n\u0131n art\u0131\u015f\u0131n\u0131 etkilemeyece\u011fi belirtildi.<\/p>\n<p>Kaynak: AA<\/p>","protected":false},"excerpt":{"rendered":"<p>Sorry, this entry is only available in Turkish. For the sake of viewer convenience, the content is shown below in the alternative language. You may click the link to switch the active language.Uluslararas\u0131 Enerji Ajans\u0131n\u0131n (IEA) \u201cOrta Vadeli Yenilenebilir Enerji Sekt\u00f6r Raporu\u201dna g\u00f6re, yenilenebilir enerji kurulu g\u00fcc\u00fcne 2020 y\u0131l\u0131nda toplam 700 gigavat eklenecek. Yenilenebilir enerji, [&hellip;]<\/p>\n","protected":false},"author":1,"featured_media":44959,"comment_status":"open","ping_status":"open","sticky":false,"template":"","format":"standard","meta":[],"categories":[53],"tags":[68,19,63,67,1009,2698,165,227,13,70,1675,1663,59,1221,69,16,842,1022,4198,105],"views":891,"_links":{"self":[{"href":"https:\/\/www.enerjigazetesi.ist\/en\/wp-json\/wp\/v2\/posts\/44958"}],"collection":[{"href":"https:\/\/www.enerjigazetesi.ist\/en\/wp-json\/wp\/v2\/posts"}],"about":[{"href":"https:\/\/www.enerjigazetesi.ist\/en\/wp-json\/wp\/v2\/types\/post"}],"author":[{"embeddable":true,"href":"https:\/\/www.enerjigazetesi.ist\/en\/wp-json\/wp\/v2\/users\/1"}],"replies":[{"embeddable":true,"href":"https:\/\/www.enerjigazetesi.ist\/en\/wp-json\/wp\/v2\/comments?post=44958"}],"version-history":[{"count":1,"href":"https:\/\/www.enerjigazetesi.ist\/en\/wp-json\/wp\/v2\/posts\/44958\/revisions"}],"predecessor-version":[{"id":44960,"href":"https:\/\/www.enerjigazetesi.ist\/en\/wp-json\/wp\/v2\/posts\/44958\/revisions\/44960"}],"wp:featuredmedia":[{"embeddable":true,"href":"https:\/\/www.enerjigazetesi.ist\/en\/wp-json\/wp\/v2\/media\/44959"}],"wp:attachment":[{"href":"https:\/\/www.enerjigazetesi.ist\/en\/wp-json\/wp\/v2\/media?parent=44958"}],"wp:term":[{"taxonomy":"category","embeddable":true,"href":"https:\/\/www.enerjigazetesi.ist\/en\/wp-json\/wp\/v2\/categories?post=44958"},{"taxonomy":"post_tag","embeddable":true,"href":"https:\/\/www.enerjigazetesi.ist\/en\/wp-json\/wp\/v2\/tags?post=44958"}],"curies":[{"name":"wp","href":"https:\/\/api.w.org\/{rel}","templated":true}]}}