{"id":44878,"date":"2015-10-01T21:57:12","date_gmt":"2015-10-01T18:57:12","guid":{"rendered":"https:\/\/www.enerjigazetesi.ist\/?p=44878"},"modified":"2015-10-01T21:57:12","modified_gmt":"2015-10-01T18:57:12","slug":"avrupali-ulkeler-kamyonlar-icin-zorunlu-emisyon-sinirlari-istiyor","status":"publish","type":"post","link":"https:\/\/www.enerjigazetesi.ist\/en\/avrupali-ulkeler-kamyonlar-icin-zorunlu-emisyon-sinirlari-istiyor\/","title":{"rendered":"(Turkish) Avrupal\u0131 \u00dclkeler Kamyonlar \u0130\u00e7in Zorunlu Emisyon S\u0131n\u0131rlar\u0131 \u0130stiyor!"},"content":{"rendered":"<p class=\"qtranxs-available-languages-message qtranxs-available-languages-message-en\">Sorry, this entry is only available in <a href=\"https:\/\/www.enerjigazetesi.ist\/tr\/wp-json\/wp\/v2\/posts\/44878\" class=\"qtranxs-available-language-link qtranxs-available-language-link-tr\" title=\"Turkish\">Turkish<\/a>. For the sake of viewer convenience, the content is shown below in the alternative language. You may click the link to switch the active language.<\/p><p><strong>Avrupa Birli\u011fi&#8217;nde karayolu ula\u015f\u0131m\u0131ndan kaynaklanan emisyonlar\u0131n y\u00fczde 30&#8217;undan sorumlu olan a\u011f\u0131r ta\u015f\u0131tlara zorunlu emisyon s\u0131n\u0131rlamalar\u0131 getirilmesi \u00e7a\u011fr\u0131lar\u0131na, \u0130ngiltere&#8217;nin de aralar\u0131nda bulundu\u011fu d\u00f6rt \u00fclke daha kat\u0131ld\u0131.<\/strong><\/p>\n<p>Avrupa Komisyonu, binek ara\u00e7lar\u0131 ve ticari ara\u00e7lar i\u00e7in 2021&#8217;den itibaren ge\u00e7erli olmak \u00fczere, kilometre ba\u015f\u0131na 95 graml\u0131k karbon emisyonu limiti getirdi. Ancak a\u011f\u0131r ta\u015f\u0131tlardan kaynaklanan emisyonlarda halen bir s\u0131n\u0131r bulunmuyor.<\/p>\n<p>\u0130ngiltere, Bel\u00e7ika, Sl<a href=\"https:\/\/www.enerjigazetesi.ist\/wp-content\/uploads\/2015\/10\/avrupali-ulkeler-kamyonlar-icin-zorunlu-emisyon-sinirlari-istiyor.jpg\"><img loading=\"lazy\" class=\"alignleft size-medium wp-image-44879\" src=\"https:\/\/www.enerjigazetesi.ist\/wp-content\/uploads\/2015\/10\/avrupali-ulkeler-kamyonlar-icin-zorunlu-emisyon-sinirlari-istiyor-300x163.jpg\" alt=\"avrupali-ulkeler-kamyonlar-icin-zorunlu-emisyon-sinirlari-istiyor\" width=\"300\" height=\"163\" srcset=\"https:\/\/www.enerjigazetesi.ist\/wp-content\/uploads\/2015\/10\/avrupali-ulkeler-kamyonlar-icin-zorunlu-emisyon-sinirlari-istiyor-300x163.jpg 300w, https:\/\/www.enerjigazetesi.ist\/wp-content\/uploads\/2015\/10\/avrupali-ulkeler-kamyonlar-icin-zorunlu-emisyon-sinirlari-istiyor-80x43.jpg 80w, https:\/\/www.enerjigazetesi.ist\/wp-content\/uploads\/2015\/10\/avrupali-ulkeler-kamyonlar-icin-zorunlu-emisyon-sinirlari-istiyor.jpg 460w\" sizes=\"(max-width: 300px) 100vw, 300px\" \/><\/a>ovenya ve Hollanda h\u00fck\u00fcmetleri, Avrupa Komisyonu&#8217;nun bir anketine verdikleri yan\u0131tlarda, kamyonlar i\u00e7in de karbon emisyonu limitleri getirilmesi istediklerini bildirdi. Almanya Federal \u00c7evre Ajans\u0131 da ge\u00e7ti\u011fimiz ay, kamyonlar i\u00e7in benzer limitler getirilmesi \u00e7a\u011fr\u0131s\u0131nda bulunmu\u015ftu.<\/p>\n<p>Avrupa Parlamentosu ise a\u011f\u0131r ta\u015f\u0131tlar i\u00e7in karbon emisyonlar\u0131 ve yak\u0131t t\u00fcketiminin \u00f6l\u00e7\u00fcm\u00fc sa\u011flayacak bir sim\u00fclasyon arac\u0131 geli\u015ftirilmesini, gerekirse emisyonlara zorunlu limitler getirilmesini \u00f6nermi\u015fti.<\/p>\n<p>Komisyon verilerine g\u00f6re a\u011f\u0131r ta\u015f\u0131tlardan kaynaklanan emisyonlar, 1990-2010 d\u00f6neminde y\u00fczde 36 artt\u0131. Ula\u015ft\u0131rma ve \u00c7evre \u00f6rg\u00fct\u00fcn\u00fcn a\u00e7\u0131klad\u0131\u011f\u0131 son verilere g\u00f6re 2012 y\u0131l\u0131nda a\u011f\u0131r ta\u015f\u0131tlar, karayolu ula\u015f\u0131m\u0131ndan kaynaklanan t\u00fcm emisyonlar\u0131n yakla\u015f\u0131k \u00fc\u00e7te birinden sorumlu oldu.<\/p>\n<p>Buna kar\u015f\u0131n AB&#8217;de piyasaya yeni s\u00fcr\u00fclen binek ara\u00e7lar\u0131n\u0131n emisyonlar\u0131, 2014 y\u0131l\u0131nda, 2005&#8217;teki 170 gr\/km seviyesinden 130 gr\/km seviyesine d\u00fc\u015ft\u00fc.<\/p>\n<p>Kaynak: Euractiv T\u00fcrkiye<\/p>","protected":false},"excerpt":{"rendered":"<p>Sorry, this entry is only available in Turkish. For the sake of viewer convenience, the content is shown below in the alternative language. You may click the link to switch the active language.Avrupa Birli\u011fi&#8217;nde karayolu ula\u015f\u0131m\u0131ndan kaynaklanan emisyonlar\u0131n y\u00fczde 30&#8217;undan sorumlu olan a\u011f\u0131r ta\u015f\u0131tlara zorunlu emisyon s\u0131n\u0131rlamalar\u0131 getirilmesi \u00e7a\u011fr\u0131lar\u0131na, \u0130ngiltere&#8217;nin de aralar\u0131nda bulundu\u011fu d\u00f6rt \u00fclke [&hellip;]<\/p>\n","protected":false},"author":1,"featured_media":44879,"comment_status":"open","ping_status":"open","sticky":false,"template":"","format":"standard","meta":[],"categories":[53],"tags":[1192,63,67,1009,2698,165,26058,2221,26057],"views":988,"_links":{"self":[{"href":"https:\/\/www.enerjigazetesi.ist\/en\/wp-json\/wp\/v2\/posts\/44878"}],"collection":[{"href":"https:\/\/www.enerjigazetesi.ist\/en\/wp-json\/wp\/v2\/posts"}],"about":[{"href":"https:\/\/www.enerjigazetesi.ist\/en\/wp-json\/wp\/v2\/types\/post"}],"author":[{"embeddable":true,"href":"https:\/\/www.enerjigazetesi.ist\/en\/wp-json\/wp\/v2\/users\/1"}],"replies":[{"embeddable":true,"href":"https:\/\/www.enerjigazetesi.ist\/en\/wp-json\/wp\/v2\/comments?post=44878"}],"version-history":[{"count":1,"href":"https:\/\/www.enerjigazetesi.ist\/en\/wp-json\/wp\/v2\/posts\/44878\/revisions"}],"predecessor-version":[{"id":44880,"href":"https:\/\/www.enerjigazetesi.ist\/en\/wp-json\/wp\/v2\/posts\/44878\/revisions\/44880"}],"wp:featuredmedia":[{"embeddable":true,"href":"https:\/\/www.enerjigazetesi.ist\/en\/wp-json\/wp\/v2\/media\/44879"}],"wp:attachment":[{"href":"https:\/\/www.enerjigazetesi.ist\/en\/wp-json\/wp\/v2\/media?parent=44878"}],"wp:term":[{"taxonomy":"category","embeddable":true,"href":"https:\/\/www.enerjigazetesi.ist\/en\/wp-json\/wp\/v2\/categories?post=44878"},{"taxonomy":"post_tag","embeddable":true,"href":"https:\/\/www.enerjigazetesi.ist\/en\/wp-json\/wp\/v2\/tags?post=44878"}],"curies":[{"name":"wp","href":"https:\/\/api.w.org\/{rel}","templated":true}]}}