{"id":44790,"date":"2015-09-29T17:05:12","date_gmt":"2015-09-29T14:05:12","guid":{"rendered":"https:\/\/www.enerjigazetesi.ist\/?p=44790"},"modified":"2015-09-29T17:58:56","modified_gmt":"2015-09-29T14:58:56","slug":"lisanssiz-gunes-enerji-santrallerinde-artis","status":"publish","type":"post","link":"https:\/\/www.enerjigazetesi.ist\/en\/lisanssiz-gunes-enerji-santrallerinde-artis\/","title":{"rendered":"(Turkish) Lisanss\u0131z G\u00fcne\u015f Enerji Santrallerinde Art\u0131\u015f!"},"content":{"rendered":"<p class=\"qtranxs-available-languages-message qtranxs-available-languages-message-en\">Sorry, this entry is only available in <a href=\"https:\/\/www.enerjigazetesi.ist\/tr\/wp-json\/wp\/v2\/posts\/44790\" class=\"qtranxs-available-language-link qtranxs-available-language-link-tr\" title=\"Turkish\">Turkish<\/a>. For the sake of viewer convenience, the content is shown below in the alternative language. You may click the link to switch the active language.<\/p><p><\/p>\n<p style=\"color: #666666;\"><strong style=\"font-weight: bold; color: #222222;\">G\u00fcne\u015f Enerjisi Sanayicileri ve End\u00fcstrisi Derne\u011fi (GENSED) Ba\u015fkan Yard\u0131mc\u0131s\u0131 Hakan Erkan, lisanss\u0131z uygulamalar y\u00f6netmeli\u011fi 2011 y\u0131l\u0131nda \u00e7\u0131kmas\u0131na ra\u011fmen g\u00fcne\u015f enerji santrallerinde (GES) hareketin 2014\u2019te ba\u015flad\u0131\u011f\u0131n\u0131 ve bu y\u0131l da artan ivmeyle devam etti\u011fini<br \/>\nbelirterek, \u201cLisanss\u0131z GES\u2019lerde ge\u00e7ici kabul\u00fc yap\u0131lm\u0131\u015f santral say\u0131s\u0131 318\u2019e, kurulu g\u00fc\u00e7leri ise 210 MW\u2019a ula\u015ft\u0131\u201d dedi.<img loading=\"lazy\" class=\"alignright  wp-image-44791\" src=\"https:\/\/www.enerjigazetesi.ist\/wp-content\/uploads\/2015\/09\/alternatif-enerji-alkor-500x500_c-300x300.jpg\" alt=\"alternatif-enerji-alkor-500x500_c\" width=\"300\" height=\"232\" \/><\/strong><\/p>\n<p style=\"color: #666666;\">Erkan, yapt\u0131\u011f\u0131 a\u00e7\u0131klamada, T\u00fcrkiye\u2019nin\u00a0<strong style=\"font-weight: bold; color: #222222;\">g\u00fcne\u015f enerjisi<\/strong>\u00a0a\u00e7\u0131s\u0131ndan bin 400 ila 2 bin kWh\/metrekare aral\u0131\u011f\u0131ndaki \u0131\u015f\u0131n\u0131m de\u011ferleri ile y\u00fcksek potansiyele sahip oldu\u011funu s\u00f6yledi.<\/p>\n<p style=\"color: #666666;\">T\u00fcrkiye\u2019nin kuzeyi, Orta Karadeniz ve Marmara B\u00f6lgesi\u2019nde bin 400 ila bin 500kWh\/metrekare olan \u0131\u015f\u0131n\u0131m de\u011ferlerinin g\u00fcneye inildik\u00e7e artt\u0131\u011f\u0131n\u0131 belirten Erkan, G\u00fcneydo\u011fu Anadolu B\u00f6lgesi\u2019nde bin 900 kWh\/metrekare seviyesi ve \u00fczerine ula\u015f\u0131ld\u0131\u011f\u0131n\u0131 kaydetti.<\/p>\n<p style=\"color: #666666;\">Lisansl\u0131 GES\u2019lerde TE\u0130A\u015e yar\u0131\u015fmas\u0131n\u0131 kazanan projelerin \u00e7o\u011funlu\u011funun \u00f6n lisans a\u015famas\u0131 ve gerekli belge, izin ve proje onaylar\u0131n\u0131n tamamlanmas\u0131 s\u00fcrecinde oldu\u011funa de\u011finen Erkan, baz\u0131 projelerin izinleri tamamlay\u0131p montaj a\u015famas\u0131na ge\u00e7ti\u011fi bilinmekle beraber, hen\u00fcz ge\u00e7ici kabul\u00fc yap\u0131lm\u0131\u015f lisansl\u0131 GES bulunmad\u0131\u011f\u0131n\u0131 dile getirdi.<\/p>\n<p style=\"color: #666666;\">Haberin devam\u0131 i\u00e7in\u00a0<a style=\"color: #fc8d8d;\" href=\"http:\/\/www.haber7.com\/izmir\/1574933-lisanssiz-gunes-enerji-santrallerine-ilgi-artiyor\" target=\"_blank\">t\u0131klay\u0131n&gt;&gt;&gt;<\/a><\/p>\n<p style=\"color: #666666;\">Kaynak: Haber 7<\/p>\n<p><\/p>","protected":false},"excerpt":{"rendered":"<p>Sorry, this entry is only available in Turkish. For the sake of viewer convenience, the content is shown below in the alternative language. You may click the link to switch the active language. G\u00fcne\u015f Enerjisi Sanayicileri ve End\u00fcstrisi Derne\u011fi (GENSED) Ba\u015fkan Yard\u0131mc\u0131s\u0131 Hakan Erkan, lisanss\u0131z uygulamalar y\u00f6netmeli\u011fi 2011 y\u0131l\u0131nda \u00e7\u0131kmas\u0131na ra\u011fmen g\u00fcne\u015f enerji santrallerinde (GES) [&hellip;]<\/p>\n","protected":false},"author":1,"featured_media":44791,"comment_status":"open","ping_status":"open","sticky":false,"template":"","format":"standard","meta":[],"categories":[53,49],"tags":[68,63,67,1009,2698,165,2326,25999,227,24478,13,2569,23133,22975,4269],"views":1050,"_links":{"self":[{"href":"https:\/\/www.enerjigazetesi.ist\/en\/wp-json\/wp\/v2\/posts\/44790"}],"collection":[{"href":"https:\/\/www.enerjigazetesi.ist\/en\/wp-json\/wp\/v2\/posts"}],"about":[{"href":"https:\/\/www.enerjigazetesi.ist\/en\/wp-json\/wp\/v2\/types\/post"}],"author":[{"embeddable":true,"href":"https:\/\/www.enerjigazetesi.ist\/en\/wp-json\/wp\/v2\/users\/1"}],"replies":[{"embeddable":true,"href":"https:\/\/www.enerjigazetesi.ist\/en\/wp-json\/wp\/v2\/comments?post=44790"}],"version-history":[{"count":3,"href":"https:\/\/www.enerjigazetesi.ist\/en\/wp-json\/wp\/v2\/posts\/44790\/revisions"}],"predecessor-version":[{"id":44803,"href":"https:\/\/www.enerjigazetesi.ist\/en\/wp-json\/wp\/v2\/posts\/44790\/revisions\/44803"}],"wp:featuredmedia":[{"embeddable":true,"href":"https:\/\/www.enerjigazetesi.ist\/en\/wp-json\/wp\/v2\/media\/44791"}],"wp:attachment":[{"href":"https:\/\/www.enerjigazetesi.ist\/en\/wp-json\/wp\/v2\/media?parent=44790"}],"wp:term":[{"taxonomy":"category","embeddable":true,"href":"https:\/\/www.enerjigazetesi.ist\/en\/wp-json\/wp\/v2\/categories?post=44790"},{"taxonomy":"post_tag","embeddable":true,"href":"https:\/\/www.enerjigazetesi.ist\/en\/wp-json\/wp\/v2\/tags?post=44790"}],"curies":[{"name":"wp","href":"https:\/\/api.w.org\/{rel}","templated":true}]}}