{"id":44751,"date":"2015-09-28T20:29:41","date_gmt":"2015-09-28T17:29:41","guid":{"rendered":"https:\/\/www.enerjigazetesi.ist\/?p=44751"},"modified":"2015-09-28T20:29:41","modified_gmt":"2015-09-28T17:29:41","slug":"enerji-iletim-hatlarina-13-yilda-7-2-milyar-liralik-yatirim","status":"publish","type":"post","link":"https:\/\/www.enerjigazetesi.ist\/en\/enerji-iletim-hatlarina-13-yilda-7-2-milyar-liralik-yatirim\/","title":{"rendered":"(Turkish) Enerji \u0130letim Hatlar\u0131na 13 Y\u0131lda 7.2 Milyar Liral\u0131k Yat\u0131r\u0131m&#8230;"},"content":{"rendered":"<p class=\"qtranxs-available-languages-message qtranxs-available-languages-message-en\">Sorry, this entry is only available in <a href=\"https:\/\/www.enerjigazetesi.ist\/tr\/wp-json\/wp\/v2\/posts\/44751\" class=\"qtranxs-available-language-link qtranxs-available-language-link-tr\" title=\"Turkish\">Turkish<\/a>. For the sake of viewer convenience, the content is shown below in the alternative language. You may click the link to switch the active language.<\/p><p><\/p>\n<p style=\"color: #222222;\"><strong>Enerji Bakan\u0131 Alaboyun, 13 y\u0131lda T\u00fcrkiye\u2019nin enerji iletim hatlar\u0131 ve trafolara 7,2 milyar liral\u0131k harcama yapt\u0131\u011f\u0131n\u0131, 2023 y\u0131l\u0131na kadar kamunun 15 milyar, \u00f6zel sekt\u00f6r\u00fcn 200 milyar lira yat\u0131r\u0131m ger\u00e7ekle\u015ftirece\u011fini s\u00f6yledi.<\/strong><span id=\"more-73612\"><\/span><\/p>\n<p style=\"color: #222222;\">Enerji ve Tabii Kaynaklar Bakan\u0131 Ali R\u0131za Alaboyun, son 13 y\u0131lda enerji iletim hatlar\u0131 ve trafolara 7,2 milyar lira yat\u0131r\u0131m yap\u0131ld\u0131\u011f\u0131n\u0131 belirterek, \u201cT\u00fcrkiye\u2019deki iletim hatlar\u0131 d\u00fcnyan\u0131n \u00e7evresini bir kez dola\u015fabilecek uzunlukta\u201d dedi<a href=\"https:\/\/www.enerjigazetesi.ist\/wp-content\/uploads\/2015\/09\/enerji-iletim-hatlarina-13-yilda-7-2-milyar-liralik-yatirim.jpg\"><img loading=\"lazy\" class=\"alignright size-medium wp-image-44752\" src=\"https:\/\/www.enerjigazetesi.ist\/wp-content\/uploads\/2015\/09\/enerji-iletim-hatlarina-13-yilda-7-2-milyar-liralik-yatirim-300x165.jpg\" alt=\"enerji-iletim-hatlarina-13-yilda-7-2-milyar-liralik-yatirim\" width=\"300\" height=\"165\" srcset=\"https:\/\/www.enerjigazetesi.ist\/wp-content\/uploads\/2015\/09\/enerji-iletim-hatlarina-13-yilda-7-2-milyar-liralik-yatirim-300x165.jpg 300w, https:\/\/www.enerjigazetesi.ist\/wp-content\/uploads\/2015\/09\/enerji-iletim-hatlarina-13-yilda-7-2-milyar-liralik-yatirim-500x276.jpg 500w, https:\/\/www.enerjigazetesi.ist\/wp-content\/uploads\/2015\/09\/enerji-iletim-hatlarina-13-yilda-7-2-milyar-liralik-yatirim-80x44.jpg 80w, https:\/\/www.enerjigazetesi.ist\/wp-content\/uploads\/2015\/09\/enerji-iletim-hatlarina-13-yilda-7-2-milyar-liralik-yatirim.jpg 696w\" sizes=\"(max-width: 300px) 100vw, 300px\" \/><\/a>.<\/p>\n<p style=\"color: #222222;\">Alaboyun, T\u00fcrkiye\u2019de enerji iletim hatt\u0131 uzunlu\u011funun 55 bin kilometreyi a\u015ft\u0131\u011f\u0131n\u0131, trafo merkezlerinin kurulu g\u00fcc\u00fcn\u00fcn 130 bin megavat ampere ula\u015ft\u0131\u011f\u0131n\u0131 belirtti. Ayn\u0131 d\u00f6nemde 42 bin kilometre olan iletim hatt\u0131 uzunlu\u011funun, y\u00fczde 30 artarak 55 bin kilometreye \u00e7\u0131kt\u0131\u011f\u0131n\u0131 dile getiren Alaboyun, \u201cBug\u00fcn iletim hatlar\u0131m\u0131z, ekvatorun \u00e7evresinin 40 bin kilometre oldu\u011fu d\u00fc\u015f\u00fcn\u00fcld\u00fc\u011f\u00fcnde, d\u00fcnyan\u0131n \u00e7evresini en az 1 kez dola\u015fabilecek uzunlukta\u201d diye konu\u015ftu.<\/p>\n<p style=\"color: #222222;\">2023\u2019e ili\u015fkin enerji alan\u0131nda \u00f6ng\u00f6r\u00fcleri ve hedefleri oldu\u011funu belirten Alaboyun, \u201c\u00d6ncelikle elektrik t\u00fcketimimiz 2014 y\u0131l\u0131nda 255 milyar kilovatsaat iken bu rakam\u0131n 2023\u2019te 500 milyar kilovatsaatin \u00fczerine \u00e7\u0131kmas\u0131n\u0131 bekliyoruz. Yine 2023 i\u00e7in elektrik \u00fcretiminde, \u00f6zel sekt\u00f6r pay\u0131n\u0131 y\u00fczde 75\u2019lerin \u00fczerine \u00e7\u0131karaca\u011f\u0131z. Bu da \u00f6zel sekt\u00f6r\u00fcn 200 milyar liral\u0131k yat\u0131r\u0131m yapmas\u0131 demek. Biz de iletim hatlar\u0131 ve trafolara 15 milyar liral\u0131k yat\u0131r\u0131m \u00f6ng\u00f6r\u00fcyoruz\u201d dedi.<\/p>\n<p style=\"color: #222222;\">Kaynak: Enerji Enstit\u00fcs\u00fc<\/p>\n<p><\/p>","protected":false},"excerpt":{"rendered":"<p>Sorry, this entry is only available in Turkish. For the sake of viewer convenience, the content is shown below in the alternative language. You may click the link to switch the active language. Enerji Bakan\u0131 Alaboyun, 13 y\u0131lda T\u00fcrkiye\u2019nin enerji iletim hatlar\u0131 ve trafolara 7,2 milyar liral\u0131k harcama yapt\u0131\u011f\u0131n\u0131, 2023 y\u0131l\u0131na kadar kamunun 15 milyar, [&hellip;]<\/p>\n","protected":false},"author":1,"featured_media":44752,"comment_status":"open","ping_status":"open","sticky":false,"template":"","format":"standard","meta":[],"categories":[51,53],"tags":[25276,68,61,130,63,67,1009,12823,25979,25978,2698,165,532,846],"views":915,"_links":{"self":[{"href":"https:\/\/www.enerjigazetesi.ist\/en\/wp-json\/wp\/v2\/posts\/44751"}],"collection":[{"href":"https:\/\/www.enerjigazetesi.ist\/en\/wp-json\/wp\/v2\/posts"}],"about":[{"href":"https:\/\/www.enerjigazetesi.ist\/en\/wp-json\/wp\/v2\/types\/post"}],"author":[{"embeddable":true,"href":"https:\/\/www.enerjigazetesi.ist\/en\/wp-json\/wp\/v2\/users\/1"}],"replies":[{"embeddable":true,"href":"https:\/\/www.enerjigazetesi.ist\/en\/wp-json\/wp\/v2\/comments?post=44751"}],"version-history":[{"count":1,"href":"https:\/\/www.enerjigazetesi.ist\/en\/wp-json\/wp\/v2\/posts\/44751\/revisions"}],"predecessor-version":[{"id":44753,"href":"https:\/\/www.enerjigazetesi.ist\/en\/wp-json\/wp\/v2\/posts\/44751\/revisions\/44753"}],"wp:featuredmedia":[{"embeddable":true,"href":"https:\/\/www.enerjigazetesi.ist\/en\/wp-json\/wp\/v2\/media\/44752"}],"wp:attachment":[{"href":"https:\/\/www.enerjigazetesi.ist\/en\/wp-json\/wp\/v2\/media?parent=44751"}],"wp:term":[{"taxonomy":"category","embeddable":true,"href":"https:\/\/www.enerjigazetesi.ist\/en\/wp-json\/wp\/v2\/categories?post=44751"},{"taxonomy":"post_tag","embeddable":true,"href":"https:\/\/www.enerjigazetesi.ist\/en\/wp-json\/wp\/v2\/tags?post=44751"}],"curies":[{"name":"wp","href":"https:\/\/api.w.org\/{rel}","templated":true}]}}