{"id":4471,"date":"2012-12-17T18:32:22","date_gmt":"2012-12-17T15:32:22","guid":{"rendered":"https:\/\/www.enerjigazetesi.ist\/?p=4471"},"modified":"2012-12-17T18:32:22","modified_gmt":"2012-12-17T15:32:22","slug":"dalgadan-elektrik-uretecek","status":"publish","type":"post","link":"https:\/\/www.enerjigazetesi.ist\/en\/dalgadan-elektrik-uretecek\/","title":{"rendered":"(Turkish) Dalgadan Elektrik \u00dcretecek!"},"content":{"rendered":"<p class=\"qtranxs-available-languages-message qtranxs-available-languages-message-en\">Sorry, this entry is only available in <a href=\"https:\/\/www.enerjigazetesi.ist\/tr\/wp-json\/wp\/v2\/posts\/4471\" class=\"qtranxs-available-language-link qtranxs-available-language-link-tr\" title=\"Turkish\">Turkish<\/a>. For the sake of viewer convenience, the content is shown below in the alternative language. You may click the link to switch the active language.<\/p><p><strong>\u00c7anakkale&#8217;de bir firma dalga enerjisini test ediyor.<\/strong><\/p>\n<p><img loading=\"lazy\" class=\"alignright size-full wp-image-4472\" title=\"dalga-enerjisi-elektrik-uretimi\" src=\"https:\/\/www.enerjigazetesi.ist\/wp-content\/uploads\/2012\/12\/dalga-enerjisi-elektrik-uretimi.jpg\" alt=\"\" width=\"288\" height=\"223\" srcset=\"https:\/\/www.enerjigazetesi.ist\/wp-content\/uploads\/2012\/12\/dalga-enerjisi-elektrik-uretimi.jpg 288w, https:\/\/www.enerjigazetesi.ist\/wp-content\/uploads\/2012\/12\/dalga-enerjisi-elektrik-uretimi-64x50.jpg 64w\" sizes=\"(max-width: 288px) 100vw, 288px\" \/>\u00c7anakkale&#8217;de bir firma, bo\u011fazdaki ak\u0131nt\u0131 g\u00fcc\u00fcn\u00fc kullanarak elektrik enerjisi elde etmeyi ama\u00e7l\u0131yor. Deneme \u00e7al\u0131\u015fmalar\u0131 s\u00fcren proje tamamland\u0131\u011f\u0131nda kentin elektrik enerjisi bo\u011fazdaki ak\u0131nt\u0131 g\u00fcc\u00fc kullan\u0131larak kar\u015f\u0131lanabilecek.<br \/>\nFirma ortaklar\u0131ndan Abdullah Erkan, gazetecilere yapt\u0131\u011f\u0131 a\u00e7\u0131klamada, projenin altyap\u0131 \u00e7al\u0131\u015fmalar\u0131n\u0131 tamamlad\u0131ktan sonra, ticari \u00fcretim yap\u0131labilece\u011fini s\u00f6yledi.<br \/>\nAk\u0131nt\u0131 enerjisi konusunda Ar-Ge \u00e7al\u0131\u015fmalar\u0131 ger\u00e7ekle\u015ftirdiklerini belirten Erkan, \u00c7anakkale Bo\u011faz\u0131&#8217;n\u0131n trafik hatt\u0131n\u0131n d\u0131\u015f\u0131nda kalan ve ak\u0131nt\u0131 h\u0131z\u0131n\u0131n en y\u00fcksek oldu\u011fu nokta olan Kepez Burnu&#8217;nda 30 y\u0131ll\u0131\u011f\u0131na kiralad\u0131klar\u0131 deniz arazisinde platform kurduklar\u0131n\u0131, bu platform sayesinde deneme \u00f6l\u00e7\u00fcmlerine ba\u015flad\u0131klar\u0131n\u0131 anlatt\u0131.<br \/>\n<strong><em><\/em><\/strong><\/p>\n<p><strong><em>ENERJ\u0130 \u00dcRET\u0130M\u0130 GELECEK YIL<\/em><\/strong><\/p>\n<p>&nbsp;<\/p>\n<p>Su alt\u0131 ak\u0131nt\u0131s\u0131nda en iyi performans\u0131 sergileyecek \u00f6zg\u00fcn t\u00fcrbin \u00e7e\u015fitlerini denediklerini ifade eden Erkan, gelecek y\u0131l enerji \u00fcretimine ba\u015flamay\u0131 planlad\u0131klar\u0131n\u0131 bildirdi.<br \/>\nErkan, \u015f\u00f6yle konu\u015ftu:<br \/>\n&#8221;Test a\u015famas\u0131n\u0131 tamamlayarak 5 megavat g\u00fcc\u00fcnde t\u00fcrbin \u00e7iftli\u011fi kurmay\u0131 hedefliyoruz. T\u00fcrkiye&#8217;de yap\u0131lacak ilk proje olmas\u0131 nedeniyle \u00e7al\u0131\u015fmalar\u0131m\u0131za T\u00dcB\u0130TAK da destek verdi. \u00dcretilecek elektrik, t\u00fcrbin say\u0131s\u0131 ve g\u00fcc\u00fcne ba\u011fl\u0131 olarak de\u011fi\u015fecektir. Bo\u011faz\u0131n trafik hatt\u0131n\u0131n d\u0131\u015f\u0131nda kalan b\u00f6l\u00fcm\u00fc \u00e7ok geni\u015f. Bunun hesab\u0131 yap\u0131lamasa da verimlilik kat say\u0131s\u0131n\u0131n y\u00fcksekli\u011fi nedeniyle bu i\u015f \u00f6n\u00fcm\u00fczdeki d\u00f6nemde b\u00fct\u00fcn yat\u0131r\u0131mc\u0131lar\u0131n ilgisini \u00e7ekecektir. \u00dclkemizin enerji ihtiyac\u0131n\u0131n kar\u015f\u0131lanmas\u0131 noktas\u0131nda da \u00f6nemli olacakt\u0131r.&#8221;<br \/>\nProje y\u00fcr\u00fct\u00fcc\u00fcs\u00fc Evrim Bar\u0131\u015f Erkan ise bo\u011fazdaki ak\u0131nt\u0131n\u0131n s\u00fcreklili\u011fini ve de\u011fi\u015fkenli\u011fini denetlediklerini kaydetti:<br \/>\n&#8220;Burada ak\u0131nt\u0131dan elektrik \u00fcretme projesi ad\u0131 alt\u0131nda platform optimizasyonu, t\u00fcrbin Ar-Ge&#8217;si yap\u0131yoruz. T\u00fcrkiye&#8217;de ilk olacak bir projeden bahsediyoruz. Bu bak\u0131mdan test platformu olan &#8216;Mavi \u0130da-1&#8217;i yapt\u0131k. Platformda, \u00e7e\u015fitli ebatlarda, varyasyonlarda kendi dizayn etti\u011fimiz de\u011fi\u015fik modelleri deneme \u015fans\u0131m\u0131z var.<br \/>\nAk\u0131nt\u0131n\u0131n d\u00f6nd\u00fcrd\u00fc\u011f\u00fc kanatlar, mil vas\u0131tas\u0131yla devir art\u0131r\u0131c\u0131 sistemden ge\u00e7erek alternat\u00f6re geliyor. Bu \u015fekilde elektrik \u00fcretiyor. Ayn\u0131 zamanda burada ak\u0131nt\u0131 \u00f6l\u00e7\u00fcm\u00fc yap\u0131yoruz. \u015eu ana kadar 3 de\u011fi\u015fik t\u00fcrbin modeli denedik. Son modelde istenilen ba\u015far\u0131ya \u00e7ok fazla yakla\u015f\u0131ld\u0131\u011f\u0131n\u0131 g\u00f6rd\u00fck. Bu alanda \u00e7al\u0131\u015fmalar\u0131m\u0131z s\u00fcrecek.&#8221;<\/p>\n<p>Kaynak: <a href=\"http:\/\/ekonomi.haberturk.com\/enerji\/haber\/803915-dalgadan-elektrik-uretecek\" target=\"_blank\">Haberturk<\/a><\/p>","protected":false},"excerpt":{"rendered":"<p>Sorry, this entry is only available in Turkish. For the sake of viewer convenience, the content is shown below in the alternative language. You may click the link to switch the active language.\u00c7anakkale&#8217;de bir firma dalga enerjisini test ediyor. \u00c7anakkale&#8217;de bir firma, bo\u011fazdaki ak\u0131nt\u0131 g\u00fcc\u00fcn\u00fc kullanarak elektrik enerjisi elde etmeyi ama\u00e7l\u0131yor. Deneme \u00e7al\u0131\u015fmalar\u0131 s\u00fcren proje [&hellip;]<\/p>\n","protected":false},"author":1,"featured_media":4472,"comment_status":"open","ping_status":"open","sticky":false,"template":"","format":"standard","meta":[],"categories":[51,53],"tags":[1427,1025,19],"views":1040,"_links":{"self":[{"href":"https:\/\/www.enerjigazetesi.ist\/en\/wp-json\/wp\/v2\/posts\/4471"}],"collection":[{"href":"https:\/\/www.enerjigazetesi.ist\/en\/wp-json\/wp\/v2\/posts"}],"about":[{"href":"https:\/\/www.enerjigazetesi.ist\/en\/wp-json\/wp\/v2\/types\/post"}],"author":[{"embeddable":true,"href":"https:\/\/www.enerjigazetesi.ist\/en\/wp-json\/wp\/v2\/users\/1"}],"replies":[{"embeddable":true,"href":"https:\/\/www.enerjigazetesi.ist\/en\/wp-json\/wp\/v2\/comments?post=4471"}],"version-history":[{"count":2,"href":"https:\/\/www.enerjigazetesi.ist\/en\/wp-json\/wp\/v2\/posts\/4471\/revisions"}],"predecessor-version":[{"id":4474,"href":"https:\/\/www.enerjigazetesi.ist\/en\/wp-json\/wp\/v2\/posts\/4471\/revisions\/4474"}],"wp:featuredmedia":[{"embeddable":true,"href":"https:\/\/www.enerjigazetesi.ist\/en\/wp-json\/wp\/v2\/media\/4472"}],"wp:attachment":[{"href":"https:\/\/www.enerjigazetesi.ist\/en\/wp-json\/wp\/v2\/media?parent=4471"}],"wp:term":[{"taxonomy":"category","embeddable":true,"href":"https:\/\/www.enerjigazetesi.ist\/en\/wp-json\/wp\/v2\/categories?post=4471"},{"taxonomy":"post_tag","embeddable":true,"href":"https:\/\/www.enerjigazetesi.ist\/en\/wp-json\/wp\/v2\/tags?post=4471"}],"curies":[{"name":"wp","href":"https:\/\/api.w.org\/{rel}","templated":true}]}}