{"id":4467,"date":"2012-12-17T18:24:13","date_gmt":"2012-12-17T15:24:13","guid":{"rendered":"https:\/\/www.enerjigazetesi.ist\/?p=4467"},"modified":"2012-12-17T18:24:13","modified_gmt":"2012-12-17T15:24:13","slug":"enerji-dunyasi-buyuk-zirve-ile-biraraya-geldi","status":"publish","type":"post","link":"https:\/\/www.enerjigazetesi.ist\/en\/enerji-dunyasi-buyuk-zirve-ile-biraraya-geldi\/","title":{"rendered":"(Turkish) Enerji D\u00fcnyas\u0131 B\u00fcy\u00fck Zirve ile Biraraya Geldi"},"content":{"rendered":"<p class=\"qtranxs-available-languages-message qtranxs-available-languages-message-en\">Sorry, this entry is only available in <a href=\"https:\/\/www.enerjigazetesi.ist\/tr\/wp-json\/wp\/v2\/posts\/4467\" class=\"qtranxs-available-language-link qtranxs-available-language-link-tr\" title=\"Turkish\">Turkish<\/a>. For the sake of viewer convenience, the content is shown below in the alternative language. You may click the link to switch the active language.<\/p><p><strong>Gaziantep 1. Enerji Zirvesi, Bakan Taner Y\u0131ld\u0131z&#8217;\u0131n kat\u0131l\u0131m\u0131yla \u015eehitk\u00e2mil K\u00fclt\u00fcr ve Kongre Merkezi&#8217;nde ger\u00e7ekle\u015fti.<\/strong><\/p>\n<p>Gaziantep B\u00fcy\u00fck\u015fehir Belediyesi taraf\u0131ndan S\u00fcrd\u00fcr\u00fclebilirlik Akademisi&#8217;nin i\u015f birli\u011fiyle d\u00fczenlenen Gaziantep 1. Enerji Zirvesi, T.C. Enerji ve Tabii Kaynaklar Bakan\u0131 Taner Y\u0131ld\u0131z&#8217;\u0131n kat\u0131l\u0131m\u0131yla \u015eehitk\u00e2mil K\u00fclt\u00fcr ve Kongre Merkezi&#8217;nde ger\u00e7ekle\u015fti.<\/p>\n<p><img loading=\"lazy\" class=\"alignright size-medium wp-image-4468\" title=\"enerji-dunyasi-buyuk-zirve-ile-biraraya-geldi-4176672_6603_o\" src=\"https:\/\/www.enerjigazetesi.ist\/wp-content\/uploads\/2012\/12\/enerji-dunyasi-buyuk-zirve-ile-biraraya-geldi-4176672_6603_o-300x200.jpg\" alt=\"\" width=\"300\" height=\"200\" srcset=\"https:\/\/www.enerjigazetesi.ist\/wp-content\/uploads\/2012\/12\/enerji-dunyasi-buyuk-zirve-ile-biraraya-geldi-4176672_6603_o-300x200.jpg 300w, https:\/\/www.enerjigazetesi.ist\/wp-content\/uploads\/2012\/12\/enerji-dunyasi-buyuk-zirve-ile-biraraya-geldi-4176672_6603_o-74x50.jpg 74w, https:\/\/www.enerjigazetesi.ist\/wp-content\/uploads\/2012\/12\/enerji-dunyasi-buyuk-zirve-ile-biraraya-geldi-4176672_6603_o.jpg 400w\" sizes=\"(max-width: 300px) 100vw, 300px\" \/>Gaziantep B\u00fcy\u00fck\u015fehir Belediyesi taraf\u0131ndan, i\u015f d\u00fcnyas\u0131nda s\u00fcrd\u00fcr\u00fclebilir i\u015f modellerine ge\u00e7i\u015fi h\u0131zland\u0131rmak ve sekt\u00f6rel \u00e7\u00f6z\u00fcmlerle ekonomik, toplumsal ve \u00e7evresel s\u00fcrd\u00fcr\u00fclebilirli\u011fe katk\u0131 sa\u011flamak amac\u0131yla faaliyet g\u00f6steren S\u00fcrd\u00fcr\u00fclebilirlik Akademisi&#8217;nin destekleriyle d\u00fczenlenen zirvede Gaziantep&#8217;teki yeni i\u015f f\u0131rsatlar\u0131, k\u00fc\u00e7\u00fck ve orta \u00f6l\u00e7ekte i\u015fletmeler i\u00e7in yol haritalar\u0131, yenilenebilir enerji yat\u0131r\u0131mlar\u0131, enerji verimlili\u011fi uygulamalar\u0131, te\u015fvikler ve d\u00fczenlemeler ele al\u0131nd\u0131.<\/p>\n<p>Bu y\u0131l ilk kez d\u00fczenlenen Gaziantep Enerji Zirvesi&#8217;ne Bakanl\u0131klar, \u00f6zel sekt\u00f6r, kamu sivil toplum kurulu\u015flar\u0131, \u00f6\u011frenciler ve akademisyenler b\u00fcy\u00fck ilgi g\u00f6sterdi. Bundan b\u00f6yle her y\u0131l ger\u00e7ekle\u015ftirilmesi planlanan zirvenin a\u00e7\u0131l\u0131\u015f\u0131nda konu\u015fan Enerji ve Tabii Kaynaklar Bakan\u0131 Taner Y\u0131ld\u0131z, &#8220;D\u00fcnya n\u00fcfusu yer y\u0131l en az T\u00fcrkiye&#8217;nin n\u00fcf\u00fcs\u00fc kadar art\u0131yor. Bizim en sevdi\u011fimiz varl\u0131klar\u0131m\u0131z olan \u00e7ocuklar\u0131m\u0131za temiz bir d\u00fcnya b\u0131rakma sorumlulu\u011fumuz var. D\u00fcnyan\u0131n do\u011fal kaynaklar\u0131n\u0131 kirleten \u00fclkeler oldu\u011fu kadar temizleyen \u00fclkeler de var. Biz temizleyen \u00fclkeler aras\u0131nda olaca\u011f\u0131z.&#8221; dedi. S\u00fcrd\u00fcr\u00fclebilirli\u011fin \u00f6nemine dikkat \u00e7eken Y\u0131ld\u0131z, &#8216;2023 senesine kadar enerji kaynaklar\u0131nda ve \u0131s\u0131 kullan\u0131m\u0131nda yal\u0131t\u0131m ve di\u011fer y\u00f6ntemler kullanarak tasarrufa gitmeliyiz. \u015eu andaki y\u00f6ntemleri kullanmaya devam edersek %20 tasarruf etmi\u015f oluruz.&#8217; diye konu\u015ftu.<\/p>\n<p>Gaziantep Valisi Erdal Ata ise &#8216;Enerji insan hayat\u0131nda \u00f6nemi tart\u0131\u015fmas\u0131z bir unsur. S\u00fcrd\u00fcr\u00fclebilir kalk\u0131nma i\u00e7in de en gerekli konular\u0131n ba\u015f\u0131nda geliyor. Son y\u0131llarda g\u00fcne\u015f enerjisi kullan\u0131m\u0131 b\u00fcy\u00fck bir potansiyel olu\u015fturuyor. Bu potansiyeli de\u011ferlendirmenin \u00fclkemiz ad\u0131na b\u00fcy\u00fck faydas\u0131 olaca\u011f\u0131na inan\u0131yorum. Gaziantep \u015fehri s\u00fcrd\u00fcr\u00fclebilirli\u011fe verdi\u011fi \u00f6nemle, yeni yap\u0131lanmalar ve d\u00fczenlemeler ile hareket etmeye devam edecektir.&#8217;\u015feklinde konu\u015ftu. Gaziantep B\u00fcy\u00fck\u015fehir Belediye Ba\u015fkan\u0131 Dr. As\u0131m G\u00fczelbey de Gaziantep&#8217;in yeni yat\u0131r\u0131mlar i\u00e7in \u00f6nemli bir potansiyele sahip oldu\u011funu vurgulayarak, &#8216;Sanayi, bilim ve k\u00fclt\u00fcr alanlar\u0131ndaki yat\u0131r\u0131mlar\u0131m\u0131zla farkl\u0131 bir \u015fehiriz. S\u00fcrd\u00fcr\u00fclebilirli\u011fin \u00f6nemine de inan\u0131yoruz. Bu anlamda S\u00fcrd\u00fcr\u00fclebilirlik Akademisi&#8217;nin verdi\u011fi destek ile bu organizasyonu kurgulad\u0131k. Wall Street Journal taraf\u0131ndan yap\u0131lan ve bir\u00e7ok parametrenin g\u00f6zetildi\u011fi bir ara\u015ft\u0131rmaya g\u00f6re \u015fehrimiz d\u00fcnyadaki en h\u0131zl\u0131 b\u00fcy\u00fcyen 10 \u015fehirin aras\u0131nda yer al\u0131yor. Gaziantep&#8217;te bizi gururland\u0131ran bir de\u011fi\u015fim ger\u00e7ekle\u015fiyor.&#8217; dedi.<\/p>\n<p>Zirvenin d\u00fczenlenmesinde Gaziantep B\u00fcy\u00fck\u015fehir Belediyesi&#8217;ne destek veren S\u00fcrd\u00fcr\u00fclebilirlik Akademisi&#8217;nin Y\u00f6netim Kurulu \u00dcyesi Murat Sungur Bursa ise &#8216;Gaziantep ili bug\u00fcn d\u00fcnyada 173 \u00fclkede temsil edilmekte ve ihracat hamlesinde ofansif at\u0131l\u0131mlar ger\u00e7ekle\u015ftirmektedir. \u00dclkemizin en h\u0131zl\u0131 b\u00fcy\u00fcyen \u015fehirlerinden biri olmas\u0131n\u0131n yan\u0131 s\u0131ra, son y\u0131llarda ihracat\u0131n\u0131 en fazla art\u0131ran \u015fehir olmu\u015ftur. Ayr\u0131ca Gaziantep ilklerin \u015fehridir, KOSGEB&#8217;in olu\u015fumu \u00f6ncesinde bu projenin temelini atan K\u00dcSGEB organizasyonu, \u00fclkemizde ilk defa Gaziantep&#8217;te uygulanm\u0131\u015f ve buradaki ba\u015far\u0131l\u0131 \u00e7al\u0131\u015fma sonras\u0131nda t\u00fcm \u00fclkeye yay\u0131lm\u0131\u015ft\u0131r. Ayr\u0131ca ekolojik kent kavram\u0131n\u0131 geli\u015ftiren ilk belediye Gaziantep Belediyesidir.&#8217; diye konu\u015ftu.<\/p>\n<p>Uzman Ekolog Ediz Hun yenilenebilir enerji kaynaklar\u0131n\u0131n \u00f6nemini vurgulad\u0131. Gaziantep 1. Enerji Zirvesi&#8217;nde, &#8220;Sanayici g\u00f6z\u00fcyle Gaziantep ve s\u00fcrd\u00fcr\u00fclebilir kalk\u0131nma&#8221;, &#8220;S\u00fcrd\u00fcr\u00fclebilir kalk\u0131nmada enerjinin yeri ve yeni i\u015f f\u0131rsatlar\u0131&#8221;, &#8220;Sanayide enerji verimlili\u011fi ve karl\u0131l\u0131\u011fa etkisi&#8221;, &#8220;Binalarda enerji verimlili\u011fi uygulamalar\u0131&#8221;, &#8220;Yenilenebilir enerji; lisansl\u0131-lisanss\u0131z \u00fcretimler ve yasal d\u00fczenlemeler&#8221; ve &#8220;Kurumlarda karbon y\u00f6netimi&#8221; ba\u015fl\u0131klar\u0131 alt\u0131nda d\u00fczenlenen oturumlarda, enerjiyle ilgili bir\u00e7ok \u00f6nemli konu masaya yat\u0131r\u0131ld\u0131.<\/p>\n<p>Zirvede d\u00fczenlenen &#8220;Sosyo ekonomik kalk\u0131nmada do\u011fa-insan ili\u015fkileri&#8221; ba\u015fl\u0131kl\u0131 oturumda konu\u015fan uzman ekolog olan Ediz Hun, \u00e7evre duyarl\u0131l\u0131\u011f\u0131n\u0131, g\u00fcn\u00fcm\u00fcze kadar ge\u00e7irdi\u011fi evrelerle ele ald\u0131. \u00d6zellikle iklim de\u011fi\u015fikli\u011fini tetikleyen fakt\u00f6rlerden s\u00f6z eden Hun, yenilenebilir enerji kaynaklar\u0131n\u0131n \u00f6nemini vurgulad\u0131.<\/p>\n<p>Sanko Enerji, Greeneco, MB Holding, SolarT\u00fcrk, Tektu\u011f ve Rehau sponsor olarak yer al\u0131rken; Gaziantep Sanayi Odas\u0131, Ticaret Odas\u0131, \u00dcniversitesi, Organize Sanayi B\u00f6lge M\u00fcd\u00fcrl\u00fc\u011f\u00fc; ayr\u0131ca T\u00fcrk Amerikan \u0130\u015fadamlar\u0131 Derne\u011fi (TABA\/AmCham), Enverder, Gensed, \u0130msad, \u0130zoder, \u0130pekyolu Kalk\u0131nma Ajans\u0131, Gaski, Gazda\u015f, Kosgeb gibi pek \u00e7ok STK ve kurum destekliyor.<\/p>\n<p><strong>Konferanstan geriye karbon ayak izi kalmad\u0131!<\/strong><\/p>\n<p>&#8220;Karbon n\u00f6tr&#8221; olarak ger\u00e7ekle\u015fen zirve s\u00fcresince ortaya \u00e7\u0131kan karbondioksit (CO2) emisyonlar\u0131 hesaplanarak, zirvenin karbon ayak izleri silindi.<\/p>\n<p>Kaynak: <a href=\"http:\/\/www.haberler.com\/enerji-dunyasi-buyuk-zirve-ile-biraraya-geldi-4176672-haberi\/\" target=\"_blank\">Haberler<\/a><\/p>","protected":false},"excerpt":{"rendered":"<p>Sorry, this entry is only available in Turkish. For the sake of viewer convenience, the content is shown below in the alternative language. You may click the link to switch the active language.Gaziantep 1. Enerji Zirvesi, Bakan Taner Y\u0131ld\u0131z&#8217;\u0131n kat\u0131l\u0131m\u0131yla \u015eehitk\u00e2mil K\u00fclt\u00fcr ve Kongre Merkezi&#8217;nde ger\u00e7ekle\u015fti. Gaziantep B\u00fcy\u00fck\u015fehir Belediyesi taraf\u0131ndan S\u00fcrd\u00fcr\u00fclebilirlik Akademisi&#8217;nin i\u015f birli\u011fiyle d\u00fczenlenen [&hellip;]<\/p>\n","protected":false},"author":1,"featured_media":4468,"comment_status":"open","ping_status":"open","sticky":false,"template":"","format":"standard","meta":[],"categories":[53,52],"tags":[488,1424,1426,1425,487,1423,667,105],"views":471,"_links":{"self":[{"href":"https:\/\/www.enerjigazetesi.ist\/en\/wp-json\/wp\/v2\/posts\/4467"}],"collection":[{"href":"https:\/\/www.enerjigazetesi.ist\/en\/wp-json\/wp\/v2\/posts"}],"about":[{"href":"https:\/\/www.enerjigazetesi.ist\/en\/wp-json\/wp\/v2\/types\/post"}],"author":[{"embeddable":true,"href":"https:\/\/www.enerjigazetesi.ist\/en\/wp-json\/wp\/v2\/users\/1"}],"replies":[{"embeddable":true,"href":"https:\/\/www.enerjigazetesi.ist\/en\/wp-json\/wp\/v2\/comments?post=4467"}],"version-history":[{"count":2,"href":"https:\/\/www.enerjigazetesi.ist\/en\/wp-json\/wp\/v2\/posts\/4467\/revisions"}],"predecessor-version":[{"id":4470,"href":"https:\/\/www.enerjigazetesi.ist\/en\/wp-json\/wp\/v2\/posts\/4467\/revisions\/4470"}],"wp:featuredmedia":[{"embeddable":true,"href":"https:\/\/www.enerjigazetesi.ist\/en\/wp-json\/wp\/v2\/media\/4468"}],"wp:attachment":[{"href":"https:\/\/www.enerjigazetesi.ist\/en\/wp-json\/wp\/v2\/media?parent=4467"}],"wp:term":[{"taxonomy":"category","embeddable":true,"href":"https:\/\/www.enerjigazetesi.ist\/en\/wp-json\/wp\/v2\/categories?post=4467"},{"taxonomy":"post_tag","embeddable":true,"href":"https:\/\/www.enerjigazetesi.ist\/en\/wp-json\/wp\/v2\/tags?post=4467"}],"curies":[{"name":"wp","href":"https:\/\/api.w.org\/{rel}","templated":true}]}}