{"id":44665,"date":"2015-09-27T00:07:23","date_gmt":"2015-09-26T21:07:23","guid":{"rendered":"https:\/\/www.enerjigazetesi.ist\/?p=44665"},"modified":"2015-09-27T00:07:47","modified_gmt":"2015-09-26T21:07:47","slug":"izmire-10-mwlik-alapinar-jes-yapilacak","status":"publish","type":"post","link":"https:\/\/www.enerjigazetesi.ist\/en\/izmire-10-mwlik-alapinar-jes-yapilacak\/","title":{"rendered":"(Turkish) \u0130zmir&#8217;e 10 MW`l\u0131k Alap\u0131nar JES Yap\u0131lacak&#8230;"},"content":{"rendered":"<p class=\"qtranxs-available-languages-message qtranxs-available-languages-message-en\">Sorry, this entry is only available in <a href=\"https:\/\/www.enerjigazetesi.ist\/tr\/wp-json\/wp\/v2\/posts\/44665\" class=\"qtranxs-available-language-link qtranxs-available-language-link-tr\" title=\"Turkish\">Turkish<\/a>. For the sake of viewer convenience, the content is shown below in the alternative language. You may click the link to switch the active language.<\/p><p><strong>\u00c7avu\u015f Bir Jeotermal Enerji, \u0130zmir`in Sel\u00e7uk il\u00e7esinde 10 MW kurulu g\u00fcc\u00fcnde Alap\u0131nar Jeotermal Enerji Santrali kuracak.<\/strong><\/p>\n<p>\u00c7avu\u015f Bir Jeotermal Enerji Ve Elektrik \u00dcretim A.\u015e., \u0130zmir \u0130li, Sel\u00e7uk \u0130l\u00e7esi, G\u00f6k\u00e7ealan K\u00f6y\u00fc Civar\u0131nda 9 900 m2 alan \u00fczerinde 10 MWe g\u00fcc\u00fcnd<a href=\"https:\/\/www.enerjigazetesi.ist\/wp-content\/uploads\/2015\/09\/izmire-10-mwlik-alapinar-jes-yapilacak.jpg\"><img loading=\"lazy\" class=\"alignleft size-medium wp-image-44666\" src=\"https:\/\/www.enerjigazetesi.ist\/wp-content\/uploads\/2015\/09\/izmire-10-mwlik-alapinar-jes-yapilacak-300x194.jpg\" alt=\"izmire-10-mwlik-alapinar-jes-yapilacak\" width=\"300\" height=\"194\" srcset=\"https:\/\/www.enerjigazetesi.ist\/wp-content\/uploads\/2015\/09\/izmire-10-mwlik-alapinar-jes-yapilacak-300x194.jpg 300w, https:\/\/www.enerjigazetesi.ist\/wp-content\/uploads\/2015\/09\/izmire-10-mwlik-alapinar-jes-yapilacak-76x50.jpg 76w, https:\/\/www.enerjigazetesi.ist\/wp-content\/uploads\/2015\/09\/izmire-10-mwlik-alapinar-jes-yapilacak.jpg 448w\" sizes=\"(max-width: 300px) 100vw, 300px\" \/><\/a>e Jeotermal Enerji Santrali (Alap\u0131nar JES) kurmay\u0131 planl\u0131yor.<\/p>\n<p>Proje bedeli 40 000 000 (K\u0131rkMilyon T\u00fcrkLiras\u0131) olarak belirlenen JES ile y\u0131lda 67 320 000 kWh elektrik enerjisi \u00fcretilmesi hedefleniyor.<\/p>\n<p><strong>PROJE \u0130LE \u0130LG\u0130L\u0130 \u00c7ED S\u00dcREC\u0130 BA\u015eLADI<\/strong><\/p>\n<p>\u00c7evresel Etki De\u011ferlendirmesi \u0130zin ve Denetim Genel M\u00fcd\u00fcrl\u00fc\u011f\u00fc`n\u00fcn internet sitesinde konu ile ilgili yap\u0131lan a\u00e7\u0131klamada, proje ile ilgili \u00c7evresel Etki De\u011ferlendirmesi s\u00fcrecinin ba\u015flad\u0131\u011f\u0131 duyuruldu. \u00c7ED S\u00fcreci tamamlanana kadar s\u00fcre\u00e7 ile ilgili her t\u00fcrl\u00fc bilgiler ve projeye ili\u015fkin g\u00f6r\u00fc\u015f, soru ve \u00f6neriler \u0130zmir Valili\u011fi`ne (\u00c7evre ve \u015eehircilik \u0130l M\u00fcd\u00fcrl\u00fc\u011f\u00fc) veya \u00c7evre ve \u015eehircilik Bakanl\u0131\u011f\u0131\u2019na g\u00f6nderilebilecek.<\/p>\n<p>Kaynak:<a href=\"http:\/\/www.enerjigunlugu.net\/izmire-10-mwlik-alapinar-jes-yapilacak_15309.html\" target=\"_blank\" rel=\"nofollow\"> Enerji G\u00fcnl\u00fc\u011f\u00fc<\/a><\/p>","protected":false},"excerpt":{"rendered":"<p>Sorry, this entry is only available in Turkish. For the sake of viewer convenience, the content is shown below in the alternative language. You may click the link to switch the active language.\u00c7avu\u015f Bir Jeotermal Enerji, \u0130zmir`in Sel\u00e7uk il\u00e7esinde 10 MW kurulu g\u00fcc\u00fcnde Alap\u0131nar Jeotermal Enerji Santrali kuracak. \u00c7avu\u015f Bir Jeotermal Enerji Ve Elektrik \u00dcretim [&hellip;]<\/p>\n","protected":false},"author":1,"featured_media":44666,"comment_status":"open","ping_status":"open","sticky":false,"template":"","format":"standard","meta":[],"categories":[53,48],"tags":[22816,63,67,1009,2698,165,2689,58,56,23226,22984,23225],"views":1200,"_links":{"self":[{"href":"https:\/\/www.enerjigazetesi.ist\/en\/wp-json\/wp\/v2\/posts\/44665"}],"collection":[{"href":"https:\/\/www.enerjigazetesi.ist\/en\/wp-json\/wp\/v2\/posts"}],"about":[{"href":"https:\/\/www.enerjigazetesi.ist\/en\/wp-json\/wp\/v2\/types\/post"}],"author":[{"embeddable":true,"href":"https:\/\/www.enerjigazetesi.ist\/en\/wp-json\/wp\/v2\/users\/1"}],"replies":[{"embeddable":true,"href":"https:\/\/www.enerjigazetesi.ist\/en\/wp-json\/wp\/v2\/comments?post=44665"}],"version-history":[{"count":1,"href":"https:\/\/www.enerjigazetesi.ist\/en\/wp-json\/wp\/v2\/posts\/44665\/revisions"}],"predecessor-version":[{"id":44667,"href":"https:\/\/www.enerjigazetesi.ist\/en\/wp-json\/wp\/v2\/posts\/44665\/revisions\/44667"}],"wp:featuredmedia":[{"embeddable":true,"href":"https:\/\/www.enerjigazetesi.ist\/en\/wp-json\/wp\/v2\/media\/44666"}],"wp:attachment":[{"href":"https:\/\/www.enerjigazetesi.ist\/en\/wp-json\/wp\/v2\/media?parent=44665"}],"wp:term":[{"taxonomy":"category","embeddable":true,"href":"https:\/\/www.enerjigazetesi.ist\/en\/wp-json\/wp\/v2\/categories?post=44665"},{"taxonomy":"post_tag","embeddable":true,"href":"https:\/\/www.enerjigazetesi.ist\/en\/wp-json\/wp\/v2\/tags?post=44665"}],"curies":[{"name":"wp","href":"https:\/\/api.w.org\/{rel}","templated":true}]}}