{"id":44646,"date":"2015-09-26T23:32:34","date_gmt":"2015-09-26T20:32:34","guid":{"rendered":"https:\/\/www.enerjigazetesi.ist\/?p=44646"},"modified":"2015-09-26T23:32:34","modified_gmt":"2015-09-26T20:32:34","slug":"denizli-gunes-enerjisine-hazirlaniyor","status":"publish","type":"post","link":"https:\/\/www.enerjigazetesi.ist\/en\/denizli-gunes-enerjisine-hazirlaniyor\/","title":{"rendered":"(Turkish) Denizli G\u00fcne\u015f Enerjisine Haz\u0131rlan\u0131yor!"},"content":{"rendered":"<p class=\"qtranxs-available-languages-message qtranxs-available-languages-message-en\">Sorry, this entry is only available in <a href=\"https:\/\/www.enerjigazetesi.ist\/tr\/wp-json\/wp\/v2\/posts\/44646\" class=\"qtranxs-available-language-link qtranxs-available-language-link-tr\" title=\"Turkish\">Turkish<\/a>. For the sake of viewer convenience, the content is shown below in the alternative language. You may click the link to switch the active language.<\/p><p><\/p>\n<p style=\"color: #666666;\"><span style=\"font-weight: bold; color: #222222;\">Denizli B\u00fcy\u00fck\u015fehir Belediye Meclisi Eyl\u00fcl ay\u0131 2. bile\u015fiminde \u201cDenizli B\u00fcy\u00fck\u015fehir Belediyesi G\u00fcc\u00fcn\u00fc G\u00fcne\u015ften Al\u0131yor Projesi\u201d g\u00f6r\u00fc\u015f\u00fcld\u00fc.<\/span><\/p>\n<p style=\"color: #666666;\">T\u00fcrkiye\u2019nin kentleri\u00a0<span style=\"font-weight: bold; color: #222222;\">g\u00fcne\u015f enerjisiyle\u00a0<\/span>donan\u0131yor.<\/p>\n<p style=\"color: #666666;\">http:\/\/www.emlakgundemi.com.tr\u2019nin haberine g\u00f6re, Denizli B\u00fcy\u00fck\u015fehir Belediye Meclisi Eyl\u00fcl ay\u0131 2<a href=\"https:\/\/www.enerjigazetesi.ist\/wp-content\/uploads\/2015\/09\/denizli-gunes-enerjisine-hazirlaniyor.jpg\"><img loading=\"lazy\" class=\"alignright  wp-image-44647\" src=\"https:\/\/www.enerjigazetesi.ist\/wp-content\/uploads\/2015\/09\/denizli-gunes-enerjisine-hazirlaniyor-300x110.jpg\" alt=\"denizli-gunes-enerjisine-hazirlaniyor\" width=\"300\" height=\"185\" \/><\/a>. bile\u015fimi B\u00fcy\u00fck\u015fehir Belediye Ba\u015fkan\u0131 Osman Zolan ba\u015fkanl\u0131\u011f\u0131nda ger\u00e7ekle\u015ftirildi. T\u00fcrkiye\u2019nin \u201cEn \u00c7evreci Belediyesi\u201d unvan\u0131na sahip Denizli B\u00fcy\u00fck\u015fehir Belediyesi\u2019nin haz\u0131rlad\u0131\u011f\u0131 proje toplant\u0131ya damgas\u0131n\u0131 vurdu. Toplant\u0131da g\u00fcndemin 4. maddesinde yer alan \u201cDenizli B\u00fcy\u00fck\u015fehir Belediyesi\u00a0<span style=\"font-weight: bold; color: #222222;\">G\u00fcc\u00fcn\u00fc G\u00fcne\u015ften Al\u0131yor<\/span>Projesi\u201d g\u00f6r\u00fc\u015f\u00fcld\u00fc.<\/p>\n<p style=\"color: #666666;\">Kay\u0131han Pazaryeri\u2019nin \u00fczeri\u00a0<span style=\"font-weight: bold; color: #222222;\">g\u00fcne\u015f panelleri<\/span>\u00a0ile \u00f6rt\u00fclerek,\u00a0<span style=\"font-weight: bold; color: #222222;\">yenilenebilir enerji kayna\u011f\u0131na<\/span>\u00a0yat\u0131r\u0131m yap\u0131lmas\u0131 planlanan proje ile ba\u015fta Kay\u0131han Bilgi Evi ve Kurs Merkezi olmak \u00fczere kentin farkl\u0131 b\u00f6lgelerinde bulunan toplam 10 bilgi evi ve kurs merkezinin elektrik ihtiyac\u0131 kar\u015f\u0131lanacak. Oy birli\u011fi ile kabul edilen ve<span style=\"font-weight: bold; color: #222222;\">\u00a0yenilenebilir enerji kayna\u011f\u0131na<\/span>\u00a0yat\u0131r\u0131m yap\u0131lacak proje ile B\u00fcy\u00fck\u015fehir Belediyesi\u2019nin hem\u00a0<span style=\"font-weight: bold; color: #222222;\">elektrik maliyetinin\u00a0<\/span>azalaca\u011f\u0131 hem de \u00e7evreye olan duyarl\u0131l\u0131\u011f\u0131n\u0131n bir kez daha ortaya konaca\u011f\u0131 i\u015faret edildi.<\/p>\n<p style=\"color: #666666;\">Haberin devam\u0131 i\u00e7in\u00a0<a style=\"color: #f85050;\" href=\"http:\/\/www.emlakgundemi.com.tr\/emlak-gundemi\/buyuksehir-enerjisini-gunesten-alacak-h1613.html\" target=\"_blank\">t\u0131klay\u0131n&gt;&gt;&gt;<\/a><\/p>\n<p style=\"color: #666666;\">Kaynak: Emlak G\u00fcndemi<\/p>\n<p><\/p>","protected":false},"excerpt":{"rendered":"<p>Sorry, this entry is only available in Turkish. For the sake of viewer convenience, the content is shown below in the alternative language. You may click the link to switch the active language. Denizli B\u00fcy\u00fck\u015fehir Belediye Meclisi Eyl\u00fcl ay\u0131 2. bile\u015fiminde \u201cDenizli B\u00fcy\u00fck\u015fehir Belediyesi G\u00fcc\u00fcn\u00fc G\u00fcne\u015ften Al\u0131yor Projesi\u201d g\u00f6r\u00fc\u015f\u00fcld\u00fc. T\u00fcrkiye\u2019nin kentleri\u00a0g\u00fcne\u015f enerjisiyle\u00a0donan\u0131yor. http:\/\/www.emlakgundemi.com.tr\u2019nin haberine g\u00f6re, [&hellip;]<\/p>\n","protected":false},"author":1,"featured_media":44647,"comment_status":"open","ping_status":"open","sticky":false,"template":"","format":"standard","meta":[],"categories":[53,49],"tags":[845,63,67,1009,2698,165,2326,21886,227,13,2569],"views":1048,"_links":{"self":[{"href":"https:\/\/www.enerjigazetesi.ist\/en\/wp-json\/wp\/v2\/posts\/44646"}],"collection":[{"href":"https:\/\/www.enerjigazetesi.ist\/en\/wp-json\/wp\/v2\/posts"}],"about":[{"href":"https:\/\/www.enerjigazetesi.ist\/en\/wp-json\/wp\/v2\/types\/post"}],"author":[{"embeddable":true,"href":"https:\/\/www.enerjigazetesi.ist\/en\/wp-json\/wp\/v2\/users\/1"}],"replies":[{"embeddable":true,"href":"https:\/\/www.enerjigazetesi.ist\/en\/wp-json\/wp\/v2\/comments?post=44646"}],"version-history":[{"count":1,"href":"https:\/\/www.enerjigazetesi.ist\/en\/wp-json\/wp\/v2\/posts\/44646\/revisions"}],"predecessor-version":[{"id":44648,"href":"https:\/\/www.enerjigazetesi.ist\/en\/wp-json\/wp\/v2\/posts\/44646\/revisions\/44648"}],"wp:featuredmedia":[{"embeddable":true,"href":"https:\/\/www.enerjigazetesi.ist\/en\/wp-json\/wp\/v2\/media\/44647"}],"wp:attachment":[{"href":"https:\/\/www.enerjigazetesi.ist\/en\/wp-json\/wp\/v2\/media?parent=44646"}],"wp:term":[{"taxonomy":"category","embeddable":true,"href":"https:\/\/www.enerjigazetesi.ist\/en\/wp-json\/wp\/v2\/categories?post=44646"},{"taxonomy":"post_tag","embeddable":true,"href":"https:\/\/www.enerjigazetesi.ist\/en\/wp-json\/wp\/v2\/tags?post=44646"}],"curies":[{"name":"wp","href":"https:\/\/api.w.org\/{rel}","templated":true}]}}