{"id":44640,"date":"2015-09-26T23:24:25","date_gmt":"2015-09-26T20:24:25","guid":{"rendered":"https:\/\/www.enerjigazetesi.ist\/?p=44640"},"modified":"2015-09-26T23:38:27","modified_gmt":"2015-09-26T20:38:27","slug":"amacimiz-gunes-enerjisi-onundeki-engellerin-kalkmasidir","status":"publish","type":"post","link":"https:\/\/www.enerjigazetesi.ist\/en\/amacimiz-gunes-enerjisi-onundeki-engellerin-kalkmasidir\/","title":{"rendered":"(Turkish) \u201cAmac\u0131m\u0131z, G\u00fcne\u015f Enerjisi \u00d6n\u00fcndeki Engellerin Kalkmas\u0131d\u0131r!\u201d"},"content":{"rendered":"<p class=\"qtranxs-available-languages-message qtranxs-available-languages-message-en\">Sorry, this entry is only available in <a href=\"https:\/\/www.enerjigazetesi.ist\/tr\/wp-json\/wp\/v2\/posts\/44640\" class=\"qtranxs-available-language-link qtranxs-available-language-link-tr\" title=\"Turkish\">Turkish<\/a>. For the sake of viewer convenience, the content is shown below in the alternative language. You may click the link to switch the active language.<\/p><p><\/p>\n<p style=\"color: #666666;\"><span style=\"font-weight: bold; color: #222222;\">G\u00dcNDER ve Solarturk Y\u00f6netim Kurulu Ba\u015fkan Yard\u0131mc\u0131s\u0131 Osman \u00d6zberk: \u201cAmac\u0131m\u0131z, g\u00fcne\u015f enerjisi \u00f6n\u00fcndeki engellerin kalkmas\u0131d\u0131r. G\u00dcNDER olarak bu do\u011frultuda \u00e7al\u0131\u015fmalar\u0131m\u0131z\u0131 s\u00fcrd\u00fcr\u00fcyoruz.\u201d<\/span><\/p>\n<p style=\"color: #666666;\">Uluslararas\u0131 G\u00fcne\u015f Enerjisi Toplulu\u011fu T\u00fcrkiye B\u00f6l\u00fcm\u00fc (G\u00dcNDER) \u00f6nc\u00fcl\u00fc\u011f\u00fcnde ve Elektrik Da\u011f\u0131t\u0131m Hizmetleri Derne\u011fi (ELDER) ve TEDA\u015e kat\u0131l\u0131m\u0131yla 16.09.2015 tarihinde Ankara`da bir toplant\u0131 d\u00fczenlendi. Toplant\u0131,\u00a0<span style=\"font-weight: bold; color: #222222;\">lisanss\u0131z elektrik \u00fcretimi<\/span>\u00a0yat\u0131r\u0131mc\u0131lar\u0131, proje firmalar\u0131 ve EPC \u015firketlerinin\u00a0<span style=\"font-weight: bold; color: #222222;\">g\u00fcne\u015f ba\u015fvurular\u0131<\/span>\u00a0s\u0131ras\u0131nda kar\u015f\u0131la\u015ft\u0131kl<a href=\"https:\/\/www.enerjigazetesi.ist\/wp-content\/uploads\/2015\/09\/amacimiz-gunes-enerjisi-onundeki-engellerin-kalkmasidir.jpg\"><img loading=\"lazy\" class=\"alignright size-medium wp-image-44641\" src=\"https:\/\/www.enerjigazetesi.ist\/wp-content\/uploads\/2015\/09\/amacimiz-gunes-enerjisi-onundeki-engellerin-kalkmasidir-300x168.jpg\" alt=\"amacimiz-gunes-enerjisi-onundeki-engellerin-kalkmasidir\" width=\"300\" height=\"168\" srcset=\"https:\/\/www.enerjigazetesi.ist\/wp-content\/uploads\/2015\/09\/amacimiz-gunes-enerjisi-onundeki-engellerin-kalkmasidir-300x168.jpg 300w, https:\/\/www.enerjigazetesi.ist\/wp-content\/uploads\/2015\/09\/amacimiz-gunes-enerjisi-onundeki-engellerin-kalkmasidir-1024x576.jpg 1024w, https:\/\/www.enerjigazetesi.ist\/wp-content\/uploads\/2015\/09\/amacimiz-gunes-enerjisi-onundeki-engellerin-kalkmasidir-500x281.jpg 500w, https:\/\/www.enerjigazetesi.ist\/wp-content\/uploads\/2015\/09\/amacimiz-gunes-enerjisi-onundeki-engellerin-kalkmasidir-80x45.jpg 80w\" sizes=\"(max-width: 300px) 100vw, 300px\" \/><\/a>ar\u0131 sorunlar\u0131 konu\u015fmak, s\u0131k\u0131nt\u0131lar ve \u00e7\u00f6z\u00fcm yollar\u0131 hakk\u0131nda taraflar\u0131n d\u00fc\u015f\u00fcncelerini almak ve bilgi payla\u015f\u0131m\u0131n\u0131 sa\u011flamak amac\u0131yla d\u00fczenlendi.<\/p>\n<p style=\"color: #666666;\">Yat\u0131r\u0131mc\u0131 ve EPC firmalar\u0131n\u0131n yo\u011fun ilgi g\u00f6sterdi\u011fi toplant\u0131, elektrik da\u011f\u0131t\u0131m firmalar\u0131 (ELDER) ve TEDA\u015e aras\u0131nda bir koordinasyon toplant\u0131s\u0131 niteli\u011fini i\u00e7erdi. Toplant\u0131da kat\u0131l\u0131mc\u0131lar\u0131n ba\u015fvuru ve uygulama esnas\u0131nda ya\u015fam\u0131\u015f olduklar\u0131 sorunlar, proje onay\u0131ndaki belirsizlikler, ba\u011flant\u0131 izni i\u00e7in bekleme s\u00fcreleri ve ba\u011flant\u0131daki baz\u0131 olumsuzluklarla di\u011fer sorunlar dile getirildi.\u00a0<span style=\"font-weight: bold; color: #222222;\">Elektrik da\u011f\u0131t\u0131m firmalar\u0131n\u0131n\u00a0<\/span>temsilcileri ve TEDA\u015e yetkilileri bu sorulara yan\u0131t verdi.<br \/>\nKat\u0131l\u0131m\u0131n yo\u011fun ilgisi ve sekt\u00f6r\u00fcn yeni olmas\u0131ndan dolay\u0131 baz\u0131 s\u0131k\u0131nt\u0131lar ve ele\u015ftirilerin aktar\u0131lmas\u0131na ra\u011fmen,<span style=\"font-weight: bold; color: #222222;\">\u00a0GES yat\u0131r\u0131mc\u0131lar\u0131n\u0131n<\/span>\u00a0b\u00fcy\u00fck \u015fevk ve \u00f6zveriye sahip olduklar\u0131 ve yat\u0131r\u0131m heyecanlar\u0131ndan bir \u015fey kaybetmedikleri g\u00f6zlendi.<br \/>\n\u201cG\u00fcne\u015f enerji \u00fclkemizin vazge\u00e7ilmez enerjisi olacakt\u0131r\u201d<br \/>\nToplant\u0131yla ilgili g\u00f6r\u00fc\u015flerini ald\u0131\u011f\u0131m\u0131z G\u00dcNDER ve Solarturk Y\u00f6netim Kurulu Ba\u015fkan Yard\u0131mc\u0131s\u0131 Osman \u00d6zberk, solar sekt\u00f6r\u00fcnde her ge\u00e7en g\u00fcn yeni yat\u0131r\u0131mc\u0131lar\u0131n olu\u015faca\u011f\u0131n\u0131n ve daha dinamik bir yap\u0131ya kavu\u015faca\u011f\u0131n\u0131n a\u015fik\u00e2r oldu\u011funu belirterek, \u201cBu nedenle sekt\u00f6r\u00fcn sa\u011flam temellere oturmas\u0131 yat\u0131r\u0131mc\u0131lar\u0131n her t\u00fcrl\u00fc bilgilendirme \u00e7al\u0131\u015fmalar\u0131nda bulunan G\u00dcNDER olarak sekt\u00f6r\u00fcn t\u00fcm taraflar\u0131n\u0131 bulu\u015fturarak \u00f6n\u00fcndeki engelleri asgariye indirme hedefindeyiz. Bu toplant\u0131lar\u0131n sonu\u00e7 raporunu kamu ile payla\u015faca\u011f\u0131z\u201d dedi.<\/p>\n<p style=\"color: #666666;\">\u00d6zberk, 2015 y\u0131l\u0131n\u0131n ba\u015flar\u0131ndan itibaren\u00a0<span style=\"font-weight: bold; color: #222222;\">GES\u2019lerdeki hareketin ve ivmenin\u00a0<\/span>her ge\u00e7en g\u00fcn artt\u0131\u011f\u0131na i\u015faret ederek, \u201cTEDA\u015e taraf\u0131nda verilen bilgilere g\u00f6re\u00a0<span style=\"font-weight: bold; color: #222222;\">lisanss\u0131z g\u00fcne\u015f enerjisi santralleri (GES)<\/span>\u00a0i\u00e7in bug\u00fcne kadar 8576 ba\u015fvuru yap\u0131ld\u0131. Bu projelerden 1230 megawatt kurulu g\u00fcce sahip k\u0131sm\u0131 TEDA\u015e\u2019tan onay ald\u0131. Sahada \u00e7al\u0131\u015f\u0131r durumda 210 megawatt\u2019l\u0131k\u00a0<span style=\"font-weight: bold; color: #222222;\">lisanss\u0131z GES\u00a0<\/span>var. 1000 megawatt\u2019l\u0131k\u00a0<span style=\"font-weight: bold; color: #222222;\">lisanss\u0131z GES<\/span>\u00a0ise uygulamaya haz\u0131r durumdad\u0131r. 2015 y\u0131l\u0131n\u0131n 300-350 megawatt kurulum yap\u0131lmas\u0131 beklenen sekt\u00f6r\u00fcm\u00fczde, \u00f6n\u00fcm\u00fczdeki y\u0131llar artarak devam edece\u011fi anla\u015f\u0131lmaktad\u0131r\u201d \u015feklinde g\u00f6r\u00fc\u015flerini a\u00e7\u0131klad\u0131.<\/p>\n<p style=\"color: #666666;\">\u00d6zberk,\u00a0<span style=\"font-weight: bold; color: #222222;\">g\u00fcne\u015f enerjisinden elektrik \u00fcretimi<\/span>\u00a0a\u00e7\u0131s\u0131ndan 2-3 y\u0131l \u00f6ncesi gibi olmad\u0131\u011f\u0131na i\u015faret ederek \u015funlar\u0131 s\u00f6yledi: \u201cArt\u0131k<span style=\"font-weight: bold; color: #222222;\">\u00a0g\u00fcne\u015f enerjisi \u00fclkemiz enerji politikas\u0131nda\u00a0<\/span>\u00f6nemli bir kalem. \u00d6n\u00fcm\u00fczdeki 10 y\u0131l i\u00e7inde g\u00fcne\u015f enerjisinde 20 bin megawatt kapasiteye ula\u015fmam\u0131z i\u015ften de\u011fil. G\u00fcney Avrupa \u00dclkeleri gibi hatalar yapmazsak \u00f6n\u00fcm\u00fcz \u00e7ok a\u00e7\u0131k. Geli\u015fmi\u015f \u00fclkelerde oldu\u011fu gibi, T\u00fcrkiye de g\u00fcne\u015f g\u00fcc\u00fcn\u00fc g\u00f6stermeye ba\u015flad\u0131. Kurulu \u00fcretim kapasiteleri ve enerjide risk te\u015fkil eden d\u0131\u015fa ba\u011f\u0131ml\u0131l\u0131k g\u00f6z \u00f6n\u00fcnde bulundurulursa, belirlenen hedeflerin b\u00fcy\u00fct\u00fclmesi ve verilen desteklerin artmas\u0131yla h\u0131zl\u0131 bir b\u00fcy\u00fcme i\u00e7inde olan\u00a0<span style=\"font-weight: bold; color: #222222;\">g\u00fcne\u015f enerjisi sekt\u00f6r\u00fc<\/span>\u00a0kuvvetlenecek. Bu da T\u00fcrkiye\u2019 nin b\u00f6lgedeki enerji \u00fcss\u00fc olma niteli\u011fini daha da kuvvetlendirecek.<br \/>\nBu nedenle sekt\u00f6rde sertifikasyon s\u00fcre\u00e7lerine, kalite kontrol\u00fcne ve en \u00f6nemlisi AR-GE \u00e7al\u0131\u015fmalar\u0131na acil ihtiya\u00e7 var. Ba\u015fta Bilim Sanayi ve Ticaret Bakanl\u0131\u011f\u0131m\u0131z olmak \u00fczere TSE, TUB\u0130TAK, gibi kurulu\u015flar\u0131n yan\u0131nda sekt\u00f6r\u00fcn sivil toplum kurulu\u015flar\u0131na da g\u00f6rev d\u00fc\u015f\u00fcyor.<\/p>\n<p style=\"color: #666666;\">Biz G\u00dcNDER olarak kalite ve kontrol sistemi kurulmas\u0131 y\u00f6n\u00fcndeki ara\u015ft\u0131rma ve \u00e7al\u0131\u015fmalar\u0131m\u0131za devam ediyoruz.\u00a0<span style=\"font-weight: bold; color: #222222;\">G\u00fcne\u015f enerji sekt\u00f6r\u00fcnde<\/span>bir\u00e7ok konuda standart olu\u015fturulmas\u0131 ve t\u00fcm taraflar\u0131n sorun ya\u015famamas\u0131 i\u00e7in giri\u015fimlerimiz sonucu TSE kurumu Deney Laboratuvarlar\u0131 Yeni T\u00dcRKAK Akreditasyon Kapsam\u0131na dahil edilmesiyle PV sekt\u00f6r\u00fcnde yeni bir sayfa a\u00e7\u0131lm\u0131\u015f olup t\u00fcm kalite kontrolleri i\u00e7in, yat\u0131r\u0131mc\u0131lar\u0131n ve \u00fcreticilerin yurt d\u0131\u015f\u0131na g\u00f6ndermek zorunda ve zaman kayb\u0131 olmas\u0131n\u0131n yan\u0131nda kaynaklar\u0131m\u0131z\u0131 d\u0131\u015far\u0131ya aktarmam\u0131z art\u0131k TSE kurumunun bu yat\u0131r\u0131m\u0131 ile \u00fclkemizde olmas\u0131 b\u00fcy\u00fck bir avantaj getirecektir.\u201d<\/p>\n<p style=\"color: #666666;\">Kaynak:\u00a0B\u00fcltenler<\/p>\n<p><\/p>","protected":false},"excerpt":{"rendered":"<p>Sorry, this entry is only available in Turkish. For the sake of viewer convenience, the content is shown below in the alternative language. You may click the link to switch the active language. G\u00dcNDER ve Solarturk Y\u00f6netim Kurulu Ba\u015fkan Yard\u0131mc\u0131s\u0131 Osman \u00d6zberk: \u201cAmac\u0131m\u0131z, g\u00fcne\u015f enerjisi \u00f6n\u00fcndeki engellerin kalkmas\u0131d\u0131r. G\u00dcNDER olarak bu do\u011frultuda \u00e7al\u0131\u015fmalar\u0131m\u0131z\u0131 s\u00fcrd\u00fcr\u00fcyoruz.\u201d Uluslararas\u0131 [&hellip;]<\/p>\n","protected":false},"author":1,"featured_media":44641,"comment_status":"open","ping_status":"open","sticky":false,"template":"","format":"standard","meta":[],"categories":[53,49],"tags":[63,67,25923,2698,165,227,24478,13,23133,22975,4269],"views":697,"_links":{"self":[{"href":"https:\/\/www.enerjigazetesi.ist\/en\/wp-json\/wp\/v2\/posts\/44640"}],"collection":[{"href":"https:\/\/www.enerjigazetesi.ist\/en\/wp-json\/wp\/v2\/posts"}],"about":[{"href":"https:\/\/www.enerjigazetesi.ist\/en\/wp-json\/wp\/v2\/types\/post"}],"author":[{"embeddable":true,"href":"https:\/\/www.enerjigazetesi.ist\/en\/wp-json\/wp\/v2\/users\/1"}],"replies":[{"embeddable":true,"href":"https:\/\/www.enerjigazetesi.ist\/en\/wp-json\/wp\/v2\/comments?post=44640"}],"version-history":[{"count":2,"href":"https:\/\/www.enerjigazetesi.ist\/en\/wp-json\/wp\/v2\/posts\/44640\/revisions"}],"predecessor-version":[{"id":44653,"href":"https:\/\/www.enerjigazetesi.ist\/en\/wp-json\/wp\/v2\/posts\/44640\/revisions\/44653"}],"wp:featuredmedia":[{"embeddable":true,"href":"https:\/\/www.enerjigazetesi.ist\/en\/wp-json\/wp\/v2\/media\/44641"}],"wp:attachment":[{"href":"https:\/\/www.enerjigazetesi.ist\/en\/wp-json\/wp\/v2\/media?parent=44640"}],"wp:term":[{"taxonomy":"category","embeddable":true,"href":"https:\/\/www.enerjigazetesi.ist\/en\/wp-json\/wp\/v2\/categories?post=44640"},{"taxonomy":"post_tag","embeddable":true,"href":"https:\/\/www.enerjigazetesi.ist\/en\/wp-json\/wp\/v2\/tags?post=44640"}],"curies":[{"name":"wp","href":"https:\/\/api.w.org\/{rel}","templated":true}]}}