{"id":44607,"date":"2015-09-25T13:57:29","date_gmt":"2015-09-25T10:57:29","guid":{"rendered":"https:\/\/www.enerjigazetesi.ist\/?p=44607"},"modified":"2015-09-25T13:57:29","modified_gmt":"2015-09-25T10:57:29","slug":"yesil-enerjide-cin-devrimi","status":"publish","type":"post","link":"https:\/\/www.enerjigazetesi.ist\/en\/yesil-enerjide-cin-devrimi\/","title":{"rendered":"(Turkish) Ye\u015fil Enerjide \u00c7in Devrimi&#8230;"},"content":{"rendered":"<p class=\"qtranxs-available-languages-message qtranxs-available-languages-message-en\">Sorry, this entry is only available in <a href=\"https:\/\/www.enerjigazetesi.ist\/tr\/wp-json\/wp\/v2\/posts\/44607\" class=\"qtranxs-available-language-link qtranxs-available-language-link-tr\" title=\"Turkish\">Turkish<\/a>. For the sake of viewer convenience, the content is shown below in the alternative language. You may click the link to switch the active language.<\/p><p><strong>\u00c7in g\u00fcne\u015f enerjisi kullan\u0131m\u0131nda bir d\u00fcnya devi olacak.Gelecek birka\u00e7 y\u0131lda g\u00fcne\u015f enerji tarlalar\u0131n\u0131 \u00fclkenin her alan\u0131na yaymay\u0131 planlayan \u00c7in h\u00fckumetinin destekledi\u011fi Solar Park, Gay Tai\u2019de bulunuyor ve 319 kilometrelik bir alan\u0131 kapl\u0131yor.<\/strong><span id=\"more-73591\"><\/span><\/p>\n<p>Gay Tai Paris\u2019in \u00fc\u00e7 kat\u0131 b\u00fcy\u00fckl\u00fc\u011f\u00fcnde ve kilometre ba\u015f\u0131na d\u00fc\u015fen g\u00fcne\u015f enerji paneli say\u0131s\u0131 80.000 adet.<\/p>\n<p>Solar Park M\u00fcd\u00fcr\u00fc Wei L<a href=\"https:\/\/www.enerjigazetesi.ist\/wp-content\/uploads\/2015\/09\/yesil-enerjide-cin-devrimi.jpg\"><img loading=\"lazy\" class=\"alignleft size-medium wp-image-44608\" src=\"https:\/\/www.enerjigazetesi.ist\/wp-content\/uploads\/2015\/09\/yesil-enerjide-cin-devrimi-300x165.jpg\" alt=\"yesil-enerjide-cin-devrimi\" width=\"300\" height=\"165\" srcset=\"https:\/\/www.enerjigazetesi.ist\/wp-content\/uploads\/2015\/09\/yesil-enerjide-cin-devrimi-300x165.jpg 300w, https:\/\/www.enerjigazetesi.ist\/wp-content\/uploads\/2015\/09\/yesil-enerjide-cin-devrimi-500x276.jpg 500w, https:\/\/www.enerjigazetesi.ist\/wp-content\/uploads\/2015\/09\/yesil-enerjide-cin-devrimi-80x44.jpg 80w, https:\/\/www.enerjigazetesi.ist\/wp-content\/uploads\/2015\/09\/yesil-enerjide-cin-devrimi.jpg 696w\" sizes=\"(max-width: 300px) 100vw, 300px\" \/><\/a>iang \u00e7al\u0131\u015fmalar\u0131ndan \u015fu s\u00f6zlerle bahsetti:<\/p>\n<p>\u201cG\u00fcne\u015f enerji tarlas\u0131 daha \u00f6nce Gobi \u00e7\u00f6l\u00fcndeydi ama burada ta\u015ftan ba\u015fka bir \u015fey olmad\u0131\u011f\u0131ndan b\u00f6lge tar\u0131ma elveri\u015fli de\u011fildi. \u015eimdiki alan ise bir hazine.\u201d<\/p>\n<p>B\u00f6lgeye \u00e7ok uzak olmayan bir alanda ise hala k\u00f6m\u00fcr duman\u0131 t\u00fct\u00fcyor. Ancak \u00c7in h\u00fckumeti k\u00f6m\u00fcre ba\u011fl\u0131 enerji \u00fcretiminin \u00fclke vatanda\u015flar\u0131n\u0131n g\u00fcnl\u00fck hayatlar\u0131nda maskesiz dola\u015famamalar\u0131na neden oldu\u011funu fark etti ve temiz enerji i\u00e7in radikal ad\u0131mlar atmaya ba\u015flad\u0131.<\/p>\n<p>Solar Park Ba\u015fkan\u0131 Dong Zhen Qiang ise \u00fclkenin g\u00fcne\u015f enerjisine elveri\u015fli oldu\u011funu anlatt\u0131:<\/p>\n<p>\u201cHer zaman g\u00f6ky\u00fcz\u00fc bu halde olmuyor. Biz y\u0131l\u0131n 280 g\u00fcn\u00fc g\u00fcne\u015f alan bir \u00fclkeyiz. K\u0131\u015f\u0131n hava s\u0131cakl\u0131klar\u0131 ger\u00e7ekten d\u00fc\u015f\u00fcyor ama bu durum masmavi g\u00f6ky\u00fcz\u00fcn\u00fcn g\u00f6r\u00fcnmesini engellemiyor.\u201d<\/p>\n<p>G\u00fcne\u015f panellerinin en b\u00fcy\u00fck avantaj\u0131 25 y\u0131ll\u0131k bir s\u00fcre zarf\u0131nda hi\u00e7 bir bak\u0131m gerektirmemeleri. Ancak bir de dezavantaj\u0131 bulunuyor. O da g\u00fcne\u015f paneli tarlas\u0131n\u0131n end\u00fcstriyel bir alanda kurulmamas\u0131. Bu a\u00e7\u0131dan enerjinin ta\u015f\u0131nmas\u0131 i\u00e7in ek maliyet gerekiyor.<\/p>\n<p>Kaynak: <a href=\"http:\/\/tr.euronews.com\/2015\/09\/24\/yesil-enerjide-cin-devrimi\/\" target=\"_blank\" rel=\"nofollow\">Euronews<\/a><\/p>","protected":false},"excerpt":{"rendered":"<p>Sorry, this entry is only available in Turkish. For the sake of viewer convenience, the content is shown below in the alternative language. You may click the link to switch the active language.\u00c7in g\u00fcne\u015f enerjisi kullan\u0131m\u0131nda bir d\u00fcnya devi olacak.Gelecek birka\u00e7 y\u0131lda g\u00fcne\u015f enerji tarlalar\u0131n\u0131 \u00fclkenin her alan\u0131na yaymay\u0131 planlayan \u00c7in h\u00fckumetinin destekledi\u011fi Solar Park, [&hellip;]<\/p>\n","protected":false},"author":1,"featured_media":44608,"comment_status":"open","ping_status":"open","sticky":false,"template":"","format":"standard","meta":[],"categories":[53,49],"tags":[886,25900,63,67,1009,2698,165,24716,227,25901,13,24942,23133,108,22975,4269,218],"views":879,"_links":{"self":[{"href":"https:\/\/www.enerjigazetesi.ist\/en\/wp-json\/wp\/v2\/posts\/44607"}],"collection":[{"href":"https:\/\/www.enerjigazetesi.ist\/en\/wp-json\/wp\/v2\/posts"}],"about":[{"href":"https:\/\/www.enerjigazetesi.ist\/en\/wp-json\/wp\/v2\/types\/post"}],"author":[{"embeddable":true,"href":"https:\/\/www.enerjigazetesi.ist\/en\/wp-json\/wp\/v2\/users\/1"}],"replies":[{"embeddable":true,"href":"https:\/\/www.enerjigazetesi.ist\/en\/wp-json\/wp\/v2\/comments?post=44607"}],"version-history":[{"count":1,"href":"https:\/\/www.enerjigazetesi.ist\/en\/wp-json\/wp\/v2\/posts\/44607\/revisions"}],"predecessor-version":[{"id":44609,"href":"https:\/\/www.enerjigazetesi.ist\/en\/wp-json\/wp\/v2\/posts\/44607\/revisions\/44609"}],"wp:featuredmedia":[{"embeddable":true,"href":"https:\/\/www.enerjigazetesi.ist\/en\/wp-json\/wp\/v2\/media\/44608"}],"wp:attachment":[{"href":"https:\/\/www.enerjigazetesi.ist\/en\/wp-json\/wp\/v2\/media?parent=44607"}],"wp:term":[{"taxonomy":"category","embeddable":true,"href":"https:\/\/www.enerjigazetesi.ist\/en\/wp-json\/wp\/v2\/categories?post=44607"},{"taxonomy":"post_tag","embeddable":true,"href":"https:\/\/www.enerjigazetesi.ist\/en\/wp-json\/wp\/v2\/tags?post=44607"}],"curies":[{"name":"wp","href":"https:\/\/api.w.org\/{rel}","templated":true}]}}