{"id":44594,"date":"2015-09-24T21:31:29","date_gmt":"2015-09-24T18:31:29","guid":{"rendered":"https:\/\/www.enerjigazetesi.ist\/?p=44594"},"modified":"2015-09-24T21:33:04","modified_gmt":"2015-09-24T18:33:04","slug":"yuksek-kur-sebekeye-dolar-uzerinden-satan-ruzgar-yatirimcisina-yariyor","status":"publish","type":"post","link":"https:\/\/www.enerjigazetesi.ist\/en\/yuksek-kur-sebekeye-dolar-uzerinden-satan-ruzgar-yatirimcisina-yariyor\/","title":{"rendered":"(Turkish) Elektri\u011fini \u015eebekeye Dolar \u00dczerinden Satan R\u00fczgar Yat\u0131r\u0131mc\u0131s\u0131 Kazan\u0131yor!"},"content":{"rendered":"<p class=\"qtranxs-available-languages-message qtranxs-available-languages-message-en\">Sorry, this entry is only available in <a href=\"https:\/\/www.enerjigazetesi.ist\/tr\/wp-json\/wp\/v2\/posts\/44594\" class=\"qtranxs-available-language-link qtranxs-available-language-link-tr\" title=\"Turkish\">Turkish<\/a>. For the sake of viewer convenience, the content is shown below in the alternative language. You may click the link to switch the active language.<\/p><p><strong>T\u00fcrkiye R\u00fczgar Enerjisi Birli\u011fi (T\u00dcREB) Ba\u015fkan\u0131 Mustafa Serdar Ataseven, \u201cKurdaki y\u00fckseli\u015f elektri\u011fi \u015febekeye dolar \u00fczerinden satan r\u00fczgar yat\u0131r\u0131mc\u0131s\u0131n\u0131n y\u00fcz\u00fc g\u00fcld\u00fcr\u00fcyor\u201d dedi.<\/strong><span id=\"more-73589\"><\/span><\/p>\n<p>Ataseven yapt\u0131\u011f\u0131 a\u00e7\u0131klamada, d\u00f6viz kurundaki y\u00fckseli\u015fin yeni yat\u0131r\u0131mc\u0131lar\u0131 pek etkilemedi\u011fini belirterek, yat\u0131r\u0131mdaki kar art\u0131\u015f\u0131n\u0131n r\u00fczgar enerjisinden elektrik \u00fcretimini daha da cazip hale getirece\u011fini s\u00f6yledi.<\/p>\n<p>Elektri\u011fi r\u00fczgar enerjisi<a href=\"https:\/\/www.enerjigazetesi.ist\/wp-content\/uploads\/2015\/09\/yuksek-kur-sebekeye-dolar-uzerinden-satan-ruzgar-yatirimcisina-yariyor.jpg\"><img loading=\"lazy\" class=\"alignleft size-medium wp-image-44595\" src=\"https:\/\/www.enerjigazetesi.ist\/wp-content\/uploads\/2015\/09\/yuksek-kur-sebekeye-dolar-uzerinden-satan-ruzgar-yatirimcisina-yariyor-300x165.jpg\" alt=\"yuksek-kur-sebekeye-dolar-uzerinden-satan-ruzgar-yatirimcisina-yariyor\" width=\"300\" height=\"165\" srcset=\"https:\/\/www.enerjigazetesi.ist\/wp-content\/uploads\/2015\/09\/yuksek-kur-sebekeye-dolar-uzerinden-satan-ruzgar-yatirimcisina-yariyor-300x165.jpg 300w, https:\/\/www.enerjigazetesi.ist\/wp-content\/uploads\/2015\/09\/yuksek-kur-sebekeye-dolar-uzerinden-satan-ruzgar-yatirimcisina-yariyor-500x276.jpg 500w, https:\/\/www.enerjigazetesi.ist\/wp-content\/uploads\/2015\/09\/yuksek-kur-sebekeye-dolar-uzerinden-satan-ruzgar-yatirimcisina-yariyor-80x44.jpg 80w, https:\/\/www.enerjigazetesi.ist\/wp-content\/uploads\/2015\/09\/yuksek-kur-sebekeye-dolar-uzerinden-satan-ruzgar-yatirimcisina-yariyor.jpg 696w\" sizes=\"(max-width: 300px) 100vw, 300px\" \/><\/a>nden kar\u015f\u0131lanan hane say\u0131s\u0131 2013\u2019te 3,5 milyon iken ge\u00e7en y\u0131l sonunda bu rakam\u0131n 4,5 milyona y\u00fckseldi\u011fini anlatan Ataseven, \u201cYat\u0131r\u0131mc\u0131 say\u0131s\u0131 her y\u0131l daha da artacak, kurdaki y\u00fckseli\u015f \u00fclke i\u00e7in iyi olmasa da r\u00fczgar yat\u0131r\u0131mc\u0131s\u0131 i\u00e7in iyi bir d\u00f6nem ve bu durum yat\u0131r\u0131mc\u0131n\u0131n y\u00fcz\u00fcn\u00fc g\u00fcld\u00fcr\u00fcyor\u201d diye konu\u015ftu.<\/p>\n<p>G\u00fcne\u015f Enerjisi Sanayicileri ve End\u00fcstrisi Derne\u011fi (GENSED) Y\u00f6netim Kurulu \u00dcyesi \u0130smail Hakk\u0131 Karaca ise g\u00fcne\u015f enerjisinde yat\u0131r\u0131m maliyetlerinin T\u00fcrk liras\u0131 baz\u0131nda son d\u00f6nemde olduk\u00e7a y\u00fckseldi\u011fine i\u015faret ederek, bu durumun ilk etapta yat\u0131r\u0131mc\u0131 a\u00e7\u0131s\u0131ndan olumsuz bir durum olarak g\u00f6r\u00fclebilece\u011fini dile getirdi.<\/p>\n<p>\u0130htiya\u00e7 fazlas\u0131 elektri\u011fin \u015febekeye dolar \u00fczerinden sat\u0131lmas\u0131n\u0131n ise asl\u0131nda yat\u0131r\u0131mc\u0131 i\u00e7in bir kay\u0131p olmad\u0131\u011f\u0131n\u0131 savunan Karaca, \u015f\u00f6yle konu\u015ftu:<\/p>\n<p>\u201cDalgal\u0131 d\u00f6viz piyasalar\u0131 ister istemez g\u00fcne\u015f enerjisine yat\u0131r\u0131m yapanlar\u0131 tedirgin eden bir unsur ancak finansman olanaklar\u0131 y\u00fcksek kurdan ziyade y\u00fcksek faiz oranlar\u0131 nedeniyle k\u0131s\u0131tlanmakta ve bu durum g\u00fcne\u015fe olan yat\u0131r\u0131mlar\u0131n geri d\u00f6n\u00fc\u015f s\u00fcrelerini uzatacak. Sonu\u00e7 olarak kurdaki seyir yat\u0131r\u0131mlarda tedirginlik olu\u015ftursa bile kendi elektri\u011fini \u00fcretmek ve elektrik piyasas\u0131ndaki fiyat dalgalanmalar\u0131ndan etkilenmez hale gelmek, bunun \u00fcst\u00fcne bir de fazla elektri\u011fi dolar bazl\u0131 tarife \u00fczerinden \u015febekeye en az 10 y\u0131l boyunca garantili olarak satmak paha bi\u00e7ilemez bir de\u011ferdir.\u201d<\/p>\n<p>\u00d6te yandan, yenilenebilir enerji kaynaklar\u0131n\u0131n desteklenmesi kapsam\u0131nda g\u00fcne\u015f enerjisi santrali yat\u0131r\u0131mlar\u0131nda 13,3 dolar cent al\u0131m garantisi sa\u011flan\u0131yor, r\u00fczgar santrallerinde ise al\u0131m garantisi 7,3 dolar cent olarak belirleniyor. Ayr\u0131ca, yat\u0131r\u0131mlarda yerli ekipman kullan\u0131lmas\u0131 halinde bu miktarlara 4-5 cent daha katk\u0131 yap\u0131l\u0131yor.<\/p>\n<p>Kaynak: Enerji Enstit\u00fcs\u00fc<\/p>","protected":false},"excerpt":{"rendered":"<p>Sorry, this entry is only available in Turkish. For the sake of viewer convenience, the content is shown below in the alternative language. You may click the link to switch the active language.T\u00fcrkiye R\u00fczgar Enerjisi Birli\u011fi (T\u00dcREB) Ba\u015fkan\u0131 Mustafa Serdar Ataseven, \u201cKurdaki y\u00fckseli\u015f elektri\u011fi \u015febekeye dolar \u00fczerinden satan r\u00fczgar yat\u0131r\u0131mc\u0131s\u0131n\u0131n y\u00fcz\u00fc g\u00fcld\u00fcr\u00fcyor\u201d dedi. Ataseven yapt\u0131\u011f\u0131 [&hellip;]<\/p>\n","protected":false},"author":1,"featured_media":44595,"comment_status":"open","ping_status":"open","sticky":false,"template":"","format":"standard","meta":[],"categories":[53,50],"tags":[25366,68,61,19638,1451,63,67,1009,2698,165,727,15237,24987,3388,69,16,23318,22615,5131,25891,1682,3390,508,25364],"views":1422,"_links":{"self":[{"href":"https:\/\/www.enerjigazetesi.ist\/en\/wp-json\/wp\/v2\/posts\/44594"}],"collection":[{"href":"https:\/\/www.enerjigazetesi.ist\/en\/wp-json\/wp\/v2\/posts"}],"about":[{"href":"https:\/\/www.enerjigazetesi.ist\/en\/wp-json\/wp\/v2\/types\/post"}],"author":[{"embeddable":true,"href":"https:\/\/www.enerjigazetesi.ist\/en\/wp-json\/wp\/v2\/users\/1"}],"replies":[{"embeddable":true,"href":"https:\/\/www.enerjigazetesi.ist\/en\/wp-json\/wp\/v2\/comments?post=44594"}],"version-history":[{"count":3,"href":"https:\/\/www.enerjigazetesi.ist\/en\/wp-json\/wp\/v2\/posts\/44594\/revisions"}],"predecessor-version":[{"id":44598,"href":"https:\/\/www.enerjigazetesi.ist\/en\/wp-json\/wp\/v2\/posts\/44594\/revisions\/44598"}],"wp:featuredmedia":[{"embeddable":true,"href":"https:\/\/www.enerjigazetesi.ist\/en\/wp-json\/wp\/v2\/media\/44595"}],"wp:attachment":[{"href":"https:\/\/www.enerjigazetesi.ist\/en\/wp-json\/wp\/v2\/media?parent=44594"}],"wp:term":[{"taxonomy":"category","embeddable":true,"href":"https:\/\/www.enerjigazetesi.ist\/en\/wp-json\/wp\/v2\/categories?post=44594"},{"taxonomy":"post_tag","embeddable":true,"href":"https:\/\/www.enerjigazetesi.ist\/en\/wp-json\/wp\/v2\/tags?post=44594"}],"curies":[{"name":"wp","href":"https:\/\/api.w.org\/{rel}","templated":true}]}}