{"id":44574,"date":"2015-09-24T21:06:21","date_gmt":"2015-09-24T18:06:21","guid":{"rendered":"https:\/\/www.enerjigazetesi.ist\/?p=44574"},"modified":"2015-09-24T21:06:21","modified_gmt":"2015-09-24T18:06:21","slug":"apple-elektrikli-araba-projesini-hizlandirdi","status":"publish","type":"post","link":"https:\/\/www.enerjigazetesi.ist\/en\/apple-elektrikli-araba-projesini-hizlandirdi\/","title":{"rendered":"(Turkish) Apple, Elektrikli Araba Projesini H\u0131zland\u0131rd\u0131!"},"content":{"rendered":"<p class=\"qtranxs-available-languages-message qtranxs-available-languages-message-en\">Sorry, this entry is only available in <a href=\"https:\/\/www.enerjigazetesi.ist\/tr\/wp-json\/wp\/v2\/posts\/44574\" class=\"qtranxs-available-language-link qtranxs-available-language-link-tr\" title=\"Turkish\">Turkish<\/a>. For the sake of viewer convenience, the content is shown below in the alternative language. You may click the link to switch the active language.<\/p><p><strong>Ge\u00e7ti\u011fimiz aylarda g\u00fcndeme gelen Apple\u2019\u0131n elektrikli araba \u00fcretme projesinin h\u0131zland\u0131r\u0131ld\u0131\u011f\u0131 iddia ediliyor.<\/strong><span id=\"more-73581\"><\/span><\/p>\n<p>Otomobil end\u00fcstrisinin \u00f6nemli \u00e7al\u0131\u015fanlar\u0131n\u0131 i\u015fe alan Apple, yakla\u015f\u0131k 600 ki\u015filik bir ekip ile elektrikli ara\u00e7 modeli \u00fczerinde \u00e7al\u0131\u015f\u0131yor. Ve tabii ki bu<a href=\"https:\/\/www.enerjigazetesi.ist\/wp-content\/uploads\/2015\/09\/apple-elektrikli-araba-projesini-hizlandirdi.jpg\"><img loading=\"lazy\" class=\"alignleft size-medium wp-image-44575\" src=\"https:\/\/www.enerjigazetesi.ist\/wp-content\/uploads\/2015\/09\/apple-elektrikli-araba-projesini-hizlandirdi-300x165.jpg\" alt=\"apple-elektrikli-araba-projesini-hizlandirdi\" width=\"300\" height=\"165\" srcset=\"https:\/\/www.enerjigazetesi.ist\/wp-content\/uploads\/2015\/09\/apple-elektrikli-araba-projesini-hizlandirdi-300x165.jpg 300w, https:\/\/www.enerjigazetesi.ist\/wp-content\/uploads\/2015\/09\/apple-elektrikli-araba-projesini-hizlandirdi-500x276.jpg 500w, https:\/\/www.enerjigazetesi.ist\/wp-content\/uploads\/2015\/09\/apple-elektrikli-araba-projesini-hizlandirdi-80x44.jpg 80w, https:\/\/www.enerjigazetesi.ist\/wp-content\/uploads\/2015\/09\/apple-elektrikli-araba-projesini-hizlandirdi.jpg 696w\" sizes=\"(max-width: 300px) 100vw, 300px\" \/><\/a> proje hayata ge\u00e7erse arac\u0131n isminin iCar olmas\u0131 \u015fa\u015f\u0131rt\u0131c\u0131 olmayacakt\u0131r.<\/p>\n<p>Wall Street Journal\u2019\u0131n haberine g\u00f6re Apple, elektrik arabas\u0131n\u0131n \u00e7al\u0131\u015fmalar\u0131n\u0131 h\u0131zland\u0131rd\u0131. Apple\u2019\u0131n elektrikli araba \u00e7al\u0131\u015fmas\u0131 Project Titan olarak adland\u0131r\u0131l\u0131yor. Project Titan olarak adlad\u0131r\u0131lan proje ilk meyvelerini vermeye 2019 y\u0131l\u0131nda ba\u015flayacak. Tarih olarak 2019 y\u0131l\u0131n\u0131n verilmesi bir ba\u015fka anlam ta\u015f\u0131yor olabilir.<\/p>\n<p>Elektrikli arabalar zaten di\u011fer markalar taraf\u0131ndan \u00fcretiliyor ancak otomobil end\u00fcstrisinin bir di\u011fer tabusu \u201ckendi kendini s\u00fcren arabalar\u201d. Bu konuda Google y\u0131llard\u0131r \u00e7al\u0131\u015fmalar\u0131n\u0131 s\u00fcrd\u00fcr\u00fcyor. Dolay\u0131s\u0131yla Apple\u2019dan beklenti b\u00fcy\u00fck. Arac\u0131n sadece elektrikli olmas\u0131 de\u011fil ayn\u0131 zamanda \u201cself-driving\u201d yani kendi kendini s\u00fcrmesi de bekleniyor.<\/p>\n<p>Kaynak: B\u00fcltenler<\/p>","protected":false},"excerpt":{"rendered":"<p>Sorry, this entry is only available in Turkish. For the sake of viewer convenience, the content is shown below in the alternative language. You may click the link to switch the active language.Ge\u00e7ti\u011fimiz aylarda g\u00fcndeme gelen Apple\u2019\u0131n elektrikli araba \u00fcretme projesinin h\u0131zland\u0131r\u0131ld\u0131\u011f\u0131 iddia ediliyor. Otomobil end\u00fcstrisinin \u00f6nemli \u00e7al\u0131\u015fanlar\u0131n\u0131 i\u015fe alan Apple, yakla\u015f\u0131k 600 ki\u015filik bir [&hellip;]<\/p>\n","protected":false},"author":1,"featured_media":44575,"comment_status":"open","ping_status":"open","sticky":false,"template":"","format":"standard","meta":[],"categories":[51,53],"tags":[2655,25875,215,63,67,1009,2698,165,1769,25876,25877,25878,25879],"views":1006,"_links":{"self":[{"href":"https:\/\/www.enerjigazetesi.ist\/en\/wp-json\/wp\/v2\/posts\/44574"}],"collection":[{"href":"https:\/\/www.enerjigazetesi.ist\/en\/wp-json\/wp\/v2\/posts"}],"about":[{"href":"https:\/\/www.enerjigazetesi.ist\/en\/wp-json\/wp\/v2\/types\/post"}],"author":[{"embeddable":true,"href":"https:\/\/www.enerjigazetesi.ist\/en\/wp-json\/wp\/v2\/users\/1"}],"replies":[{"embeddable":true,"href":"https:\/\/www.enerjigazetesi.ist\/en\/wp-json\/wp\/v2\/comments?post=44574"}],"version-history":[{"count":1,"href":"https:\/\/www.enerjigazetesi.ist\/en\/wp-json\/wp\/v2\/posts\/44574\/revisions"}],"predecessor-version":[{"id":44576,"href":"https:\/\/www.enerjigazetesi.ist\/en\/wp-json\/wp\/v2\/posts\/44574\/revisions\/44576"}],"wp:featuredmedia":[{"embeddable":true,"href":"https:\/\/www.enerjigazetesi.ist\/en\/wp-json\/wp\/v2\/media\/44575"}],"wp:attachment":[{"href":"https:\/\/www.enerjigazetesi.ist\/en\/wp-json\/wp\/v2\/media?parent=44574"}],"wp:term":[{"taxonomy":"category","embeddable":true,"href":"https:\/\/www.enerjigazetesi.ist\/en\/wp-json\/wp\/v2\/categories?post=44574"},{"taxonomy":"post_tag","embeddable":true,"href":"https:\/\/www.enerjigazetesi.ist\/en\/wp-json\/wp\/v2\/tags?post=44574"}],"curies":[{"name":"wp","href":"https:\/\/api.w.org\/{rel}","templated":true}]}}