{"id":44530,"date":"2015-09-23T19:47:25","date_gmt":"2015-09-23T16:47:25","guid":{"rendered":"https:\/\/www.enerjigazetesi.ist\/?p=44530"},"modified":"2015-09-23T19:47:25","modified_gmt":"2015-09-23T16:47:25","slug":"elektrik-diregine-reklam-faturada-indirim-donemi","status":"publish","type":"post","link":"https:\/\/www.enerjigazetesi.ist\/en\/elektrik-diregine-reklam-faturada-indirim-donemi\/","title":{"rendered":"(Turkish) Elektrik Dire\u011fine Reklam, Faturada \u0130ndirim D\u00f6nemi!"},"content":{"rendered":"<p class=\"qtranxs-available-languages-message qtranxs-available-languages-message-en\">Sorry, this entry is only available in <a href=\"https:\/\/www.enerjigazetesi.ist\/tr\/wp-json\/wp\/v2\/posts\/44530\" class=\"qtranxs-available-language-link qtranxs-available-language-link-tr\" title=\"Turkish\">Turkish<\/a>. For the sake of viewer convenience, the content is shown below in the alternative language. You may click the link to switch the active language.<\/p><p><strong>EPDK, 3 TL\u2019yi a\u015fan kur nedeniyle zorlanan elektrik da\u011f\u0131t\u0131m \u015firketlerinin faaliyet d\u0131\u015f\u0131 gelirlerini art\u0131rmalar\u0131 i\u00e7in direk ve trafolara reklam almalar\u0131na, dan\u0131\u015fmanl\u0131k hizmeti vermelerine imk\u00e2n tan\u0131yacak.<\/strong><span id=\"more-73566\"><\/span><\/p>\n<p class=\"selectionShareable\">Enerji Piyasas\u0131 D\u00fczenleme Kurumu (EPDK), 3 TL\u2019yi a\u015fan kur nedeniyle zorlanan elektrik da\u011f\u0131t\u0131m \u015firketlerin<a href=\"https:\/\/www.enerjigazetesi.ist\/wp-content\/uploads\/2015\/09\/elektrik-diregine-reklam-faturada-indirim-donemi.jpg\"><img loading=\"lazy\" class=\"alignright size-medium wp-image-44531\" src=\"https:\/\/www.enerjigazetesi.ist\/wp-content\/uploads\/2015\/09\/elektrik-diregine-reklam-faturada-indirim-donemi-300x165.jpg\" alt=\"elektrik-diregine-reklam-faturada-indirim-donemi\" width=\"300\" height=\"165\" srcset=\"https:\/\/www.enerjigazetesi.ist\/wp-content\/uploads\/2015\/09\/elektrik-diregine-reklam-faturada-indirim-donemi-300x165.jpg 300w, https:\/\/www.enerjigazetesi.ist\/wp-content\/uploads\/2015\/09\/elektrik-diregine-reklam-faturada-indirim-donemi-500x276.jpg 500w, https:\/\/www.enerjigazetesi.ist\/wp-content\/uploads\/2015\/09\/elektrik-diregine-reklam-faturada-indirim-donemi-80x44.jpg 80w, https:\/\/www.enerjigazetesi.ist\/wp-content\/uploads\/2015\/09\/elektrik-diregine-reklam-faturada-indirim-donemi.jpg 696w\" sizes=\"(max-width: 300px) 100vw, 300px\" \/><\/a>e \u201cgelir\u201d yaratacak yeni baz\u0131 kalemler belirledi. EPDK\u2019n\u0131n \u00e7al\u0131\u015fmas\u0131na g\u00f6re faaliyet d\u0131\u015f\u0131 alanlardan sa\u011flanacak gelirlerin bir b\u00f6l\u00fcm\u00fc da\u011f\u0131t\u0131m \u015firketinde kalacak. Bir b\u00f6l\u00fcm\u00fc de t\u00fcketici lehine tarifeye yans\u0131t\u0131lacak.<\/p>\n<p class=\"selectionShareable\">EPDK Ba\u015fkan\u0131 Mustafa Y\u0131lmaz, bir s\u00fcre \u00f6nce yapt\u0131\u011f\u0131 a\u00e7\u0131klamada, elektrik \u00fcretim ve da\u011f\u0131t\u0131m \u015firketlerinin \u00f6zellikle dolar kurunun art\u0131\u015f\u0131ndan kaynaklanan sorunlar\u0131n\u0131 bildiklerini ve da\u011f\u0131t\u0131m \u015firketlerini belli bir \u00f6l\u00e7\u00fcde rahatlatacak \u201cgelir yarat\u0131c\u0131\u201d baz\u0131 \u00e7al\u0131\u015fmalar yapt\u0131klar\u0131n\u0131 belirtmi\u015fti. EPDK, bu konuya ili\u015fkin teknik \u00e7al\u0131\u015fmas\u0131n\u0131 b\u00fcy\u00fck \u00f6l\u00e7\u00fcde tamamlad\u0131. Bu \u00e7al\u0131\u015fman\u0131n Kurban Bayram\u0131 sonras\u0131nda kurulun g\u00fcndemine gelmesi ve de\u011ferlendirilmesi bekleniyor. \u0130\u015fte o kalemlerden baz\u0131lar\u0131:<\/p>\n<p class=\"selectionShareable\">VER\u0130ML\u0130L\u0130K ARTI\u015eI: Bu kalemden sa\u011flanacak gelir da\u011f\u0131t\u0131m \u015firketinin hanesine yaz\u0131lacak.<\/p>\n<p class=\"selectionShareable\">D\u0130REKLERE VE TRAFOLARA REKLAM: Da\u011f\u0131t\u0131m \u015firketleri, direklere ve trafolara reklam alacaklar. Gelirin bir k\u0131sm\u0131 da\u011f\u0131t\u0131m \u015firketinde kalacak, bir k\u0131sm\u0131 da t\u00fcketici lehine tarifeye yans\u0131yacak. (EPDK kaynaklar\u0131, halen bu tip baz\u0131 lokal say\u0131labilecek uygulamalar bulundu\u011funu, sa\u011flanan gelirin do\u011frudan tarifeye yans\u0131t\u0131ld\u0131\u011f\u0131n\u0131, \u015firketlere herhangi bir katk\u0131s\u0131n\u0131n olmad\u0131\u011f\u0131n\u0131 s\u00f6yledi. Kaynaklar, bu nedenle \u015firketlerin isteksiz davrand\u0131\u011f\u0131n\u0131, yeni uygulamayla birlikte gelirden pay alacaklar\u0131 i\u00e7in da\u011f\u0131t\u0131m \u015firketlerinin daha \u015fevkle bu i\u015fi yapaca\u011f\u0131n\u0131 vurgulad\u0131.)<\/p>\n<p class=\"selectionShareable\">DANI\u015eMANLIK H\u0130ZMET\u0130: Da\u011f\u0131t\u0131m \u015firketleri, Organize Sanayi B\u00f6lgeleri\u2019ne (OSB) ve benzeri kurulu\u015flara belirlenen baz\u0131 konularda (i\u00e7 tesisat gibi) dan\u0131\u015fmanl\u0131k hizmeti verecek. Sa\u011flanan gelirin bir k\u0131sm\u0131, yine tarifeye yans\u0131t\u0131lacak. Bu iki kalemden sa\u011flanan pozitif katk\u0131, t\u00fcketicinin cebinden elektrik i\u00e7in daha az para \u00e7\u0131kmas\u0131n\u0131 sa\u011flayacak.<\/p>\n<p class=\"selectionShareable\">Haberin Devam\u0131 i\u00e7in <a href=\"http:\/\/www.haberturk.com\/ekonomi\/enerji\/haber\/1131807-elektrik-diregine-reklam-faturada-indirim-donemi\" target=\"_blank\" rel=\"nofollow\">t\u0131klay\u0131n\u0131z<\/a>&gt;&gt;&gt;<\/p>\n<p class=\"selectionShareable\">Kaynak: Habert\u00fcrk<\/p>\n<p><\/p>","protected":false},"excerpt":{"rendered":"<p>Sorry, this entry is only available in Turkish. For the sake of viewer convenience, the content is shown below in the alternative language. You may click the link to switch the active language.EPDK, 3 TL\u2019yi a\u015fan kur nedeniyle zorlanan elektrik da\u011f\u0131t\u0131m \u015firketlerinin faaliyet d\u0131\u015f\u0131 gelirlerini art\u0131rmalar\u0131 i\u00e7in direk ve trafolara reklam almalar\u0131na, dan\u0131\u015fmanl\u0131k hizmeti vermelerine [&hellip;]<\/p>\n","protected":false},"author":1,"featured_media":44531,"comment_status":"open","ping_status":"open","sticky":false,"template":"","format":"standard","meta":[],"categories":[51,53],"tags":[68,25841,61,1229,19638,1451,25842,63,67,1009,2698,1046,165,750,25843,12996],"views":1326,"_links":{"self":[{"href":"https:\/\/www.enerjigazetesi.ist\/en\/wp-json\/wp\/v2\/posts\/44530"}],"collection":[{"href":"https:\/\/www.enerjigazetesi.ist\/en\/wp-json\/wp\/v2\/posts"}],"about":[{"href":"https:\/\/www.enerjigazetesi.ist\/en\/wp-json\/wp\/v2\/types\/post"}],"author":[{"embeddable":true,"href":"https:\/\/www.enerjigazetesi.ist\/en\/wp-json\/wp\/v2\/users\/1"}],"replies":[{"embeddable":true,"href":"https:\/\/www.enerjigazetesi.ist\/en\/wp-json\/wp\/v2\/comments?post=44530"}],"version-history":[{"count":1,"href":"https:\/\/www.enerjigazetesi.ist\/en\/wp-json\/wp\/v2\/posts\/44530\/revisions"}],"predecessor-version":[{"id":44532,"href":"https:\/\/www.enerjigazetesi.ist\/en\/wp-json\/wp\/v2\/posts\/44530\/revisions\/44532"}],"wp:featuredmedia":[{"embeddable":true,"href":"https:\/\/www.enerjigazetesi.ist\/en\/wp-json\/wp\/v2\/media\/44531"}],"wp:attachment":[{"href":"https:\/\/www.enerjigazetesi.ist\/en\/wp-json\/wp\/v2\/media?parent=44530"}],"wp:term":[{"taxonomy":"category","embeddable":true,"href":"https:\/\/www.enerjigazetesi.ist\/en\/wp-json\/wp\/v2\/categories?post=44530"},{"taxonomy":"post_tag","embeddable":true,"href":"https:\/\/www.enerjigazetesi.ist\/en\/wp-json\/wp\/v2\/tags?post=44530"}],"curies":[{"name":"wp","href":"https:\/\/api.w.org\/{rel}","templated":true}]}}