{"id":4452,"date":"2012-12-17T09:57:16","date_gmt":"2012-12-17T06:57:16","guid":{"rendered":"https:\/\/www.enerjigazetesi.ist\/?p=4452"},"modified":"2012-12-17T09:57:16","modified_gmt":"2012-12-17T06:57:16","slug":"enerji-verimliligi-icin-100-milyon-avro-kaynak","status":"publish","type":"post","link":"https:\/\/www.enerjigazetesi.ist\/en\/enerji-verimliligi-icin-100-milyon-avro-kaynak\/","title":{"rendered":"(Turkish) Enerji Verimlili\u011fi \u0130\u00e7in 100 Milyon Avro Kaynak"},"content":{"rendered":"<p class=\"qtranxs-available-languages-message qtranxs-available-languages-message-en\">Sorry, this entry is only available in <a href=\"https:\/\/www.enerjigazetesi.ist\/tr\/wp-json\/wp\/v2\/posts\/4452\" class=\"qtranxs-available-language-link qtranxs-available-language-link-tr\" title=\"Turkish\">Turkish<\/a>. For the sake of viewer convenience, the content is shown below in the alternative language. You may click the link to switch the active language.<\/p><p><strong>Ar\u00e7elik A.\u015e. Ara\u015ft\u0131rma ve Geli\u015ftirme faaliyetlerinin finansman\u0131 amac\u0131yla, Avrupa Yat\u0131r\u0131m Bankas\u0131 ile 100 Milyon Avro tutar\u0131nda 7 y\u0131l vadeli kredi anla\u015fmas\u0131 imzalad\u0131. Anla\u015fma kapsam\u0131nda, Avrupa Yat\u0131r\u0131m Bankas\u0131, Ar\u00e7elik A.\u015e.\u2019nin enerji verimlili\u011fi, yenilik\u00e7i \u00fcr\u00fcn ve teknoloji geli\u015ftirme \u00fczerine y\u00fcr\u00fctt\u00fc\u011f\u00fc Ar-Ge projelerini finanse edecek.<\/strong><\/p>\n<p><img loading=\"lazy\" class=\"alignleft size-medium wp-image-4453\" title=\"arcelik-enerji-verimliligi-kredisi\" src=\"https:\/\/www.enerjigazetesi.ist\/wp-content\/uploads\/2012\/12\/arcelik-enerji-verimliligi-kredisi-300x191.jpg\" alt=\"\" width=\"300\" height=\"191\" srcset=\"https:\/\/www.enerjigazetesi.ist\/wp-content\/uploads\/2012\/12\/arcelik-enerji-verimliligi-kredisi-300x191.jpg 300w, https:\/\/www.enerjigazetesi.ist\/wp-content\/uploads\/2012\/12\/arcelik-enerji-verimliligi-kredisi-78x50.jpg 78w, https:\/\/www.enerjigazetesi.ist\/wp-content\/uploads\/2012\/12\/arcelik-enerji-verimliligi-kredisi.jpg 372w\" sizes=\"(max-width: 300px) 100vw, 300px\" \/>Ar\u00e7elik A.\u015e. ve Avrupa Birli\u011fi\u2019nin uzun vadeli finansman kurumu Avrupa Yat\u0131r\u0131m Bankas\u0131, (European Investment Bank &#8211; EIB) aras\u0131nda imzalanan anla\u015fma ile Ar-Ge faaliyetlerinin desteklenmesine y\u00f6nelik olarak, 100 Milyon Avro tutar\u0131nda program kredisi temin edildi.<\/p>\n<p>Kredi, Ar\u00e7elik\u2019in 2012-2015 y\u0131llar\u0131 aras\u0131nda; enerji verimlili\u011fi, ileri malzeme teknolojileri,\u00a0 uluslararas\u0131 i\u015fbirlikli Ar-Ge projeleri, yenilik\u00e7i \u00fcr\u00fcn teknolojileri, ak\u0131ll\u0131 ev ve \u00e7evreci \u00fcretim s\u00fcre\u00e7leri geli\u015ftirme alanlar\u0131ndaki Ar-Ge faaliyetlerini finanse etmek i\u00e7in kullan\u0131lacak. Bu faaliyetler, i\u015fletme Ar-Ge ve \u00fcretim ekiplerinin koordinasyonu ve deste\u011fiyle a\u011f\u0131rl\u0131kl\u0131 olarak Ar\u00e7elik\u2019in \u0130stanbul\u2019daki Merkez Ar-Ge Direkt\u00f6rl\u00fc\u011f\u00fc ve ODT\u00dc Teknokent i\u00e7erisindeki Ar-Ge birimleri taraf\u0131ndan ger\u00e7ekle\u015fecek.<\/p>\n<p>S\u00f6z konusu kredi, sabit faizli, teminats\u0131z ve 3 y\u0131l\u0131 anapara geri \u00f6demesiz olmak \u00fczere toplam 7 y\u0131l vade ile sa\u011fland\u0131. Ar\u00e7elik\u2019in uzun vadeli finansal g\u00fcc\u00fcne duyulan g\u00fcvenin bir ba\u015fka g\u00f6stergesi ise, % 2,6290 oran\u0131nda sabitlenen fonlama maliyeti.<\/p>\n<p>Ko\u00e7 Holding Dayan\u0131kl\u0131 T\u00fcketim Grubu Ba\u015fkan\u0131 ve Ar\u00e7elik A.\u015e. Genel M\u00fcd\u00fcr\u00fc Levent \u00c7ak\u0131ro\u011flu, imza t\u00f6renindeki konu\u015fmas\u0131nda: \u201cAvrupa Yat\u0131r\u0131m Bankas\u0131\u2019n\u0131n Ar-Ge finansman\u0131 alan\u0131ndaki ilk kredi destek programlar\u0131ndan birine hak kazand\u0131\u011f\u0131m\u0131z i\u00e7in son derece mutluyuz\u201d dedi.<\/p>\n<p>Ar\u00e7elik\u2019in ba\u015far\u0131s\u0131n\u0131n ard\u0131ndaki en \u00f6nemli fakt\u00f6rlerden birinin Ar-Ge ve inovasyon g\u00fcc\u00fc oldu\u011funu belirten Levent \u00c7ak\u0131ro\u011flu: \u201c1991 y\u0131l\u0131nda merkez Ar-Ge\u2019nin kurulu\u015fundan bu yana, Ar-Ge faaliyetleri ve beraberinde getirdi\u011fi teknolojik yetkinlik sayesinde Ar\u00e7elik \u00f6zg\u00fcn teknolojisiyle tasarlay\u0131p, \u00fcretti\u011fi \u00fcr\u00fcnleri uluslararas\u0131 pazarlara sunabilmektedir. Bununla da kalmay\u0131p, rekabette bizi \u00f6ne \u00e7\u0131karacak, katma de\u011feri y\u00fcksek, d\u00fcnya standartlar\u0131nda \u00fcr\u00fcnler geli\u015ftirebildik\u201d dedi.<\/p>\n<p>Pazarlar\u0131 tan\u0131yan, m\u00fc\u015fterileri anlayan ve ihtiya\u00e7lar\u0131n\u0131 \u00f6ng\u00f6ren, bu ihtiya\u00e7lara cevap verecek yenilik\u00e7i \u00fcr\u00fcn ve hizmetleri h\u0131zla sunabilen teknoloji ve inovasyon kabiliyetine sahip olman\u0131n \u00f6nemini vurgulayan \u00c7ak\u0131ro\u011flu &#8220;Bu bilin\u00e7le Ar-Ge\u2019yi oda\u011f\u0131m\u0131zda tutmaya devam ediyor ve her y\u0131l bu alandaki yat\u0131r\u0131mlar\u0131m\u0131z\u0131 art\u0131r\u0131yoruz. Avrupa Yat\u0131r\u0131m Bankas\u0131\u2019n\u0131n Ar\u00e7elik\u2019e verdi\u011fi kredi, s\u00fcrd\u00fcr\u00fclebilir rekabet g\u00fcc\u00fcm\u00fcz\u00fc destekleyen Ar-Ge ve inovasyon \u00e7al\u0131\u015fmalar\u0131m\u0131za olan inanc\u0131n \u00f6nemli bir g\u00f6stergesidir\u201d dedi.<\/p>\n<p>EIB&#8217;nin T\u00fcrkiye&#8217;den Sorumlu Ba\u015fkan Yard\u0131mc\u0131s\u0131 Pim Van Ballekom ise &#8220;Ar\u00e7elik\u2019in yenilik\u00e7i ve rekabet\u00e7i stratejisini desteklemekten b\u00fcy\u00fck mutluluk duyuyoruz. Ar-Ge\u2019ye destek vermek Avrupa Yat\u0131r\u0131m Bankas\u0131 i\u00e7in \u00f6nemli bir \u00f6ncelik ve bu bizim T\u00fcrkiye\u2019de \u00f6zel sekt\u00f6rde Ar-Ge\u2019yi desteklemek ad\u0131na ger\u00e7ekle\u015ftirdi\u011fimiz ilk operasyonlardan biri. \u0130novasyon, Avrupa i\u00e7in global ortamda rekabet g\u00fcc\u00fcn\u00fc ve mevcut istihdam\u0131 korumak; s\u00fcrd\u00fcr\u00fclebilir geli\u015fim sa\u011flamak i\u00e7in olmazsa olmaz bir konu. Ar\u00e7elik, s\u00f6z konusu Ar-Ge program\u0131 kapsam\u0131nda, \u00fcr\u00fcnlerinin \u00e7evresel s\u00fcrd\u00fcr\u00fclebilirli\u011fini ve kalitesini daha da geli\u015ftirmek anlam\u0131nda b\u00fcy\u00fck katk\u0131lar elde edecektir&#8221; dedi.<\/p>\n<p>Kaynak: <a href=\"http:\/\/www.enerjidergisi.com.tr\/haber\/2012\/12\/enerji-verimliligi-icin-100-milyon-avro-kaynak\" target=\"_blank\">Enerji Dergisi<\/a><\/p>","protected":false},"excerpt":{"rendered":"<p>Sorry, this entry is only available in Turkish. For the sake of viewer convenience, the content is shown below in the alternative language. You may click the link to switch the active language.Ar\u00e7elik A.\u015e. Ara\u015ft\u0131rma ve Geli\u015ftirme faaliyetlerinin finansman\u0131 amac\u0131yla, Avrupa Yat\u0131r\u0131m Bankas\u0131 ile 100 Milyon Avro tutar\u0131nda 7 y\u0131l vadeli kredi anla\u015fmas\u0131 imzalad\u0131. Anla\u015fma [&hellip;]<\/p>\n","protected":false},"author":1,"featured_media":4453,"comment_status":"open","ping_status":"open","sticky":false,"template":"","format":"standard","meta":[],"categories":[53,52],"tags":[67,103,12,133],"views":627,"_links":{"self":[{"href":"https:\/\/www.enerjigazetesi.ist\/en\/wp-json\/wp\/v2\/posts\/4452"}],"collection":[{"href":"https:\/\/www.enerjigazetesi.ist\/en\/wp-json\/wp\/v2\/posts"}],"about":[{"href":"https:\/\/www.enerjigazetesi.ist\/en\/wp-json\/wp\/v2\/types\/post"}],"author":[{"embeddable":true,"href":"https:\/\/www.enerjigazetesi.ist\/en\/wp-json\/wp\/v2\/users\/1"}],"replies":[{"embeddable":true,"href":"https:\/\/www.enerjigazetesi.ist\/en\/wp-json\/wp\/v2\/comments?post=4452"}],"version-history":[{"count":1,"href":"https:\/\/www.enerjigazetesi.ist\/en\/wp-json\/wp\/v2\/posts\/4452\/revisions"}],"predecessor-version":[{"id":4454,"href":"https:\/\/www.enerjigazetesi.ist\/en\/wp-json\/wp\/v2\/posts\/4452\/revisions\/4454"}],"wp:featuredmedia":[{"embeddable":true,"href":"https:\/\/www.enerjigazetesi.ist\/en\/wp-json\/wp\/v2\/media\/4453"}],"wp:attachment":[{"href":"https:\/\/www.enerjigazetesi.ist\/en\/wp-json\/wp\/v2\/media?parent=4452"}],"wp:term":[{"taxonomy":"category","embeddable":true,"href":"https:\/\/www.enerjigazetesi.ist\/en\/wp-json\/wp\/v2\/categories?post=4452"},{"taxonomy":"post_tag","embeddable":true,"href":"https:\/\/www.enerjigazetesi.ist\/en\/wp-json\/wp\/v2\/tags?post=4452"}],"curies":[{"name":"wp","href":"https:\/\/api.w.org\/{rel}","templated":true}]}}