{"id":44469,"date":"2015-09-21T09:56:52","date_gmt":"2015-09-21T06:56:52","guid":{"rendered":"https:\/\/www.enerjigazetesi.ist\/?p=44469"},"modified":"2015-09-21T09:56:52","modified_gmt":"2015-09-21T06:56:52","slug":"rusyadan-turk-akimi-projesi-aciklamasi","status":"publish","type":"post","link":"https:\/\/www.enerjigazetesi.ist\/en\/rusyadan-turk-akimi-projesi-aciklamasi\/","title":{"rendered":"(Turkish) Rusya\u2019dan T\u00fcrk Ak\u0131m\u0131 Projesi A\u00e7\u0131klamas\u0131&#8230;"},"content":{"rendered":"<p class=\"qtranxs-available-languages-message qtranxs-available-languages-message-en\">Sorry, this entry is only available in <a href=\"https:\/\/www.enerjigazetesi.ist\/tr\/wp-json\/wp\/v2\/posts\/44469\" class=\"qtranxs-available-language-link qtranxs-available-language-link-tr\" title=\"Turkish\">Turkish<\/a>. For the sake of viewer convenience, the content is shown below in the alternative language. You may click the link to switch the active language.<\/p><p><\/p>\n<p style=\"color: #363636;\"><strong>Rusya\u2019n\u0131n T\u00fcrk Ak\u0131m\u0131 projesinde m\u00fczakere s\u00fcrecinin bir an \u00f6nce yenilenmesini bekledi\u011fi bildirildi.<\/strong><\/p>\n<p style=\"color: #363636;\"><a href=\"https:\/\/www.enerjigazetesi.ist\/wp-content\/uploads\/2015\/09\/timthumb2.jpg\"><img loading=\"lazy\" class=\"alignleft size-full wp-image-44470\" src=\"https:\/\/www.enerjigazetesi.ist\/wp-content\/uploads\/2015\/09\/timthumb2.jpg\" alt=\"timthumb\" width=\"300\" height=\"300\" srcset=\"https:\/\/www.enerjigazetesi.ist\/wp-content\/uploads\/2015\/09\/timthumb2.jpg 300w, https:\/\/www.enerjigazetesi.ist\/wp-content\/uploads\/2015\/09\/timthumb2-150x150.jpg 150w, https:\/\/www.enerjigazetesi.ist\/wp-content\/uploads\/2015\/09\/timthumb2-50x50.jpg 50w\" sizes=\"(max-width: 300px) 100vw, 300px\" \/><\/a>Rusya D\u0131\u015fi\u015fleri Bakanl\u0131\u011f\u0131\u2019ndan, D\u0131\u015fi\u015fleri Bakan\u0131 Feridun Sinirlio\u011flu\u2019nun Rusya ziyareti \u00f6ncesinde yap\u0131lan a\u00e7\u0131klamada, Karadeniz ve T\u00fcrkiye \u00fczerinden yap\u0131lmas\u0131 planlanan T\u00fcrk Ak\u0131m\u0131 projesinin iki \u00fclke ili\u015fkilerinin \u00f6ncelikleri aras\u0131nda oldu\u011fu belirtildi.<\/p>\n<p style=\"color: #363636;\">T\u00fcrk Ak\u0131m\u0131 projesinin ilk hatt\u0131n\u0131n in\u015faat\u0131 ve i\u015fletimi i\u00e7in ko\u015fullar\u0131n olu\u015fturulmas\u0131 i\u00e7in anla\u015fmalar\u0131n tam, tutarl\u0131 ve zaman\u0131nda uygulanmas\u0131n\u0131n beklenildi\u011finin aktar\u0131ld\u0131\u011f\u0131 a\u00e7\u0131klamada \u015fu ifadeler yer ald\u0131:<\/p>\n<p style=\"color: #363636;\">\u201cM\u00fczakere s\u00fcrecinin bir an \u00f6nce yenilenmesini bekliyoruz. H\u00fck\u00fcmetler aras\u0131 anla\u015fma tasla\u011f\u0131 May\u0131s ay\u0131ndan itibaren incelenmesi i\u00e7in T\u00fcrkiye taraf\u0131nda bulunuyor.\u201d A\u00e7\u0131klamada, iki \u00fclke aras\u0131ndaki ticaret hacminin b\u00fcy\u00fct\u00fclmesinin d\u00fc\u015f\u00fcn\u00fcld\u00fc\u011f\u00fc ve T\u00fcrkiye\u2019den g\u0131da ithalat\u0131n\u0131n art\u0131r\u0131lmas\u0131n\u0131n planland\u0131\u011f\u0131 kaydedildi.<\/p>\n<p style=\"color: #363636;\">Kaynak: HT Ekonomi<\/p>\n<p><\/p>","protected":false},"excerpt":{"rendered":"<p>Sorry, this entry is only available in Turkish. For the sake of viewer convenience, the content is shown below in the alternative language. You may click the link to switch the active language. Rusya\u2019n\u0131n T\u00fcrk Ak\u0131m\u0131 projesinde m\u00fczakere s\u00fcrecinin bir an \u00f6nce yenilenmesini bekledi\u011fi bildirildi. Rusya D\u0131\u015fi\u015fleri Bakanl\u0131\u011f\u0131\u2019ndan, D\u0131\u015fi\u015fleri Bakan\u0131 Feridun Sinirlio\u011flu\u2019nun Rusya ziyareti \u00f6ncesinde [&hellip;]<\/p>\n","protected":false},"author":1,"featured_media":44470,"comment_status":"open","ping_status":"open","sticky":false,"template":"","format":"standard","meta":[],"categories":[46,53],"tags":[92,15652,1190,885,20076],"views":869,"_links":{"self":[{"href":"https:\/\/www.enerjigazetesi.ist\/en\/wp-json\/wp\/v2\/posts\/44469"}],"collection":[{"href":"https:\/\/www.enerjigazetesi.ist\/en\/wp-json\/wp\/v2\/posts"}],"about":[{"href":"https:\/\/www.enerjigazetesi.ist\/en\/wp-json\/wp\/v2\/types\/post"}],"author":[{"embeddable":true,"href":"https:\/\/www.enerjigazetesi.ist\/en\/wp-json\/wp\/v2\/users\/1"}],"replies":[{"embeddable":true,"href":"https:\/\/www.enerjigazetesi.ist\/en\/wp-json\/wp\/v2\/comments?post=44469"}],"version-history":[{"count":1,"href":"https:\/\/www.enerjigazetesi.ist\/en\/wp-json\/wp\/v2\/posts\/44469\/revisions"}],"predecessor-version":[{"id":44471,"href":"https:\/\/www.enerjigazetesi.ist\/en\/wp-json\/wp\/v2\/posts\/44469\/revisions\/44471"}],"wp:featuredmedia":[{"embeddable":true,"href":"https:\/\/www.enerjigazetesi.ist\/en\/wp-json\/wp\/v2\/media\/44470"}],"wp:attachment":[{"href":"https:\/\/www.enerjigazetesi.ist\/en\/wp-json\/wp\/v2\/media?parent=44469"}],"wp:term":[{"taxonomy":"category","embeddable":true,"href":"https:\/\/www.enerjigazetesi.ist\/en\/wp-json\/wp\/v2\/categories?post=44469"},{"taxonomy":"post_tag","embeddable":true,"href":"https:\/\/www.enerjigazetesi.ist\/en\/wp-json\/wp\/v2\/tags?post=44469"}],"curies":[{"name":"wp","href":"https:\/\/api.w.org\/{rel}","templated":true}]}}