{"id":44408,"date":"2015-09-19T14:11:34","date_gmt":"2015-09-19T11:11:34","guid":{"rendered":"https:\/\/www.enerjigazetesi.ist\/?p=44408"},"modified":"2015-09-19T14:11:34","modified_gmt":"2015-09-19T11:11:34","slug":"bedas-10-elektrikli-arac-satin-aldi","status":"publish","type":"post","link":"https:\/\/www.enerjigazetesi.ist\/en\/bedas-10-elektrikli-arac-satin-aldi\/","title":{"rendered":"(Turkish) BEDA\u015e 10 Elektrikli Ara\u00e7 Sat\u0131n Ald\u0131&#8230;"},"content":{"rendered":"<p class=\"qtranxs-available-languages-message qtranxs-available-languages-message-en\">Sorry, this entry is only available in <a href=\"https:\/\/www.enerjigazetesi.ist\/tr\/wp-json\/wp\/v2\/posts\/44408\" class=\"qtranxs-available-language-link qtranxs-available-language-link-tr\" title=\"Turkish\">Turkish<\/a>. For the sake of viewer convenience, the content is shown below in the alternative language. You may click the link to switch the active language.<\/p><p><strong>Bo\u011fazi\u00e7i Elektrik Da\u011f\u0131t\u0131m A.\u015e. (BEDA\u015e) 10 adet BMW i3 elektrikli ara\u00e7 sat\u0131n ald\u0131\u011f\u0131n\u0131 a\u00e7\u0131klad\u0131.<\/strong><\/p>\n<p>A\u00e7\u0131klamada sat\u0131n alman\u0131n BEDA\u015e taraf\u0131ndan yap\u0131lan Ar-Ge \u00e7al\u0131\u015fmalar\u0131 kapsam\u0131nda ger\u00e7ekle\u015ftirildi\u011fi ve \u015firketin ara\u00e7 filosundaki elektrikli otomobillerin say\u0131s\u0131n\u0131n art\u0131r\u0131laca\u011f\u0131 bildirildi.<a href=\"https:\/\/www.enerjigazetesi.ist\/wp-content\/uploads\/2015\/09\/bedas-10-elektrikli-arac-satin-aldi.jpg\"><img loading=\"lazy\" class=\"alignright size-medium wp-image-44409\" src=\"https:\/\/www.enerjigazetesi.ist\/wp-content\/uploads\/2015\/09\/bedas-10-elektrikli-arac-satin-aldi-300x163.jpg\" alt=\"bedas-10-elektrikli-arac-satin-aldi\" width=\"300\" height=\"163\" srcset=\"https:\/\/www.enerjigazetesi.ist\/wp-content\/uploads\/2015\/09\/bedas-10-elektrikli-arac-satin-aldi-300x163.jpg 300w, https:\/\/www.enerjigazetesi.ist\/wp-content\/uploads\/2015\/09\/bedas-10-elektrikli-arac-satin-aldi-80x43.jpg 80w, https:\/\/www.enerjigazetesi.ist\/wp-content\/uploads\/2015\/09\/bedas-10-elektrikli-arac-satin-aldi.jpg 460w\" sizes=\"(max-width: 300px) 100vw, 300px\" \/><\/a><\/p>\n<p>BEDA\u015e genel m\u00fcd\u00fcr\u00fc Mehmet \u0130slamo\u011flu yapt\u0131\u011f\u0131 de\u011ferlendirmede BEDA\u015e\u2019\u0131n t\u00fcm i\u015f s\u00fcre\u00e7lerinde s\u00fcrd\u00fcr\u00fclebilirlik ve de\u011fer yaratma bilinci ile hareket etti\u011fini elektrikli ara\u00e7 kullan\u0131m\u0131 ile ciddi bir akaryak\u0131t tasarrufu sa\u011flarken ayn\u0131 zamanda \u00e7evreyi korumaya da katk\u0131 sa\u011flayacaklar\u0131n\u0131\u00a0 ifade etti.<\/p>\n<p>BMW\u2019nin ilk \u2018\u2019s\u0131f\u0131r emisyonlu\u2019\u2019 arac\u0131 olan\u00a0 i3 modelleri 19 kW\/sa\u2019lik pil kapasitesine sahip iken tam \u015farj seviyesine 2,5 saat i\u00e7inde ula\u015farak tek \u015farj ile 130 km\u2019lik yol kat edebiliyorlar. Ara\u00e7 azami olarak ise 150 km\u2019ye ula\u015fabiliyor.<\/p>\n<p>Amerika Birle\u015fik Devletleri\u2019ndeki en etkili ve sayg\u0131n t\u00fcketici haklar\u0131 kurulu\u015flar\u0131ndan Consumer Reports taraf\u0131ndan ge\u00e7en ay haz\u0131rlanan yak\u0131t verimlili\u011fi en y\u00fcksek ara\u00e7 s\u0131ralamas\u0131nda BMW i3 ilk s\u0131ray\u0131 alm\u0131\u015ft\u0131.<\/p>\n<p>Otomotiv Distrib\u00fct\u00f6rleri Derne\u011fi verilerine g\u00f6re 2015\u2019in ilk alt\u0131 ay\u0131nda T\u00fcrkiye\u2019de 42 elektrikli ara\u00e7 sat\u0131lm\u0131\u015f ve toplam say\u0131 haziran sonu itibari ile 304\u2019e ula\u015fm\u0131\u015ft\u0131.<\/p>\n<p>BMW bu y\u0131l\u0131n may\u0131s ay\u0131nda i3 ara\u00e7lar\u0131 i\u00e7in 25.000\u2019lik sat\u0131\u015f rakam\u0131n\u0131 a\u015fm\u0131\u015ft\u0131.<\/p>\n<p>Kaynak: B\u00fcltenler<\/p>","protected":false},"excerpt":{"rendered":"<p>Sorry, this entry is only available in Turkish. For the sake of viewer convenience, the content is shown below in the alternative language. You may click the link to switch the active language.Bo\u011fazi\u00e7i Elektrik Da\u011f\u0131t\u0131m A.\u015e. (BEDA\u015e) 10 adet BMW i3 elektrikli ara\u00e7 sat\u0131n ald\u0131\u011f\u0131n\u0131 a\u00e7\u0131klad\u0131. A\u00e7\u0131klamada sat\u0131n alman\u0131n BEDA\u015e taraf\u0131ndan yap\u0131lan Ar-Ge \u00e7al\u0131\u015fmalar\u0131 kapsam\u0131nda [&hellip;]<\/p>\n","protected":false},"author":1,"featured_media":44409,"comment_status":"open","ping_status":"open","sticky":false,"template":"","format":"standard","meta":[],"categories":[51,53],"tags":[1506,7310,7313,8058,68,61,215,63,67,1009,2698,165],"views":980,"_links":{"self":[{"href":"https:\/\/www.enerjigazetesi.ist\/en\/wp-json\/wp\/v2\/posts\/44408"}],"collection":[{"href":"https:\/\/www.enerjigazetesi.ist\/en\/wp-json\/wp\/v2\/posts"}],"about":[{"href":"https:\/\/www.enerjigazetesi.ist\/en\/wp-json\/wp\/v2\/types\/post"}],"author":[{"embeddable":true,"href":"https:\/\/www.enerjigazetesi.ist\/en\/wp-json\/wp\/v2\/users\/1"}],"replies":[{"embeddable":true,"href":"https:\/\/www.enerjigazetesi.ist\/en\/wp-json\/wp\/v2\/comments?post=44408"}],"version-history":[{"count":1,"href":"https:\/\/www.enerjigazetesi.ist\/en\/wp-json\/wp\/v2\/posts\/44408\/revisions"}],"predecessor-version":[{"id":44410,"href":"https:\/\/www.enerjigazetesi.ist\/en\/wp-json\/wp\/v2\/posts\/44408\/revisions\/44410"}],"wp:featuredmedia":[{"embeddable":true,"href":"https:\/\/www.enerjigazetesi.ist\/en\/wp-json\/wp\/v2\/media\/44409"}],"wp:attachment":[{"href":"https:\/\/www.enerjigazetesi.ist\/en\/wp-json\/wp\/v2\/media?parent=44408"}],"wp:term":[{"taxonomy":"category","embeddable":true,"href":"https:\/\/www.enerjigazetesi.ist\/en\/wp-json\/wp\/v2\/categories?post=44408"},{"taxonomy":"post_tag","embeddable":true,"href":"https:\/\/www.enerjigazetesi.ist\/en\/wp-json\/wp\/v2\/tags?post=44408"}],"curies":[{"name":"wp","href":"https:\/\/api.w.org\/{rel}","templated":true}]}}