{"id":44405,"date":"2015-09-19T14:08:00","date_gmt":"2015-09-19T11:08:00","guid":{"rendered":"https:\/\/www.enerjigazetesi.ist\/?p=44405"},"modified":"2015-09-19T14:08:00","modified_gmt":"2015-09-19T11:08:00","slug":"vestel-elektrikli-araclar-icin-sarj-istasyonu-gelistirdi","status":"publish","type":"post","link":"https:\/\/www.enerjigazetesi.ist\/en\/vestel-elektrikli-araclar-icin-sarj-istasyonu-gelistirdi\/","title":{"rendered":"(Turkish) Vestel Elektrikli Ara\u00e7lar \u0130\u00e7in \u015earj \u0130stasyonu Geli\u015ftirdi!"},"content":{"rendered":"<p class=\"qtranxs-available-languages-message qtranxs-available-languages-message-en\">Sorry, this entry is only available in <a href=\"https:\/\/www.enerjigazetesi.ist\/tr\/wp-json\/wp\/v2\/posts\/44405\" class=\"qtranxs-available-language-link qtranxs-available-language-link-tr\" title=\"Turkish\">Turkish<\/a>. For the sake of viewer convenience, the content is shown below in the alternative language. You may click the link to switch the active language.<\/p><p><strong>Vestel\u2019in elektrikli ara\u00e7lar i\u00e7in \u015farj istasyonu geli\u015ftirdi\u011fi a\u00e7\u0131kland\u0131.<\/strong><\/p>\n<p>Vestel Grubu\u2019nun \u0130cra Kurulu Ba\u015fkan\u0131 Turan Erdo\u011fan taraf\u0131ndan Almanya\u2019n\u0131n ba\u015fkenti Berlin\u2019de d\u00fczenlenen t\u00fcketici ve ev elektroni\u011fi fuar\u0131\u00a0 IFA\u2019d<a href=\"https:\/\/www.enerjigazetesi.ist\/wp-content\/uploads\/2015\/09\/vestel-elektrikli-araclar-icin-sarj-istasyonu-gelistirdi.jpg\"><img loading=\"lazy\" class=\"alignleft size-medium wp-image-44406\" src=\"https:\/\/www.enerjigazetesi.ist\/wp-content\/uploads\/2015\/09\/vestel-elektrikli-araclar-icin-sarj-istasyonu-gelistirdi-300x163.jpg\" alt=\"vestel-elektrikli-araclar-icin-sarj-istasyonu-gelistirdi\" width=\"300\" height=\"163\" srcset=\"https:\/\/www.enerjigazetesi.ist\/wp-content\/uploads\/2015\/09\/vestel-elektrikli-araclar-icin-sarj-istasyonu-gelistirdi-300x163.jpg 300w, https:\/\/www.enerjigazetesi.ist\/wp-content\/uploads\/2015\/09\/vestel-elektrikli-araclar-icin-sarj-istasyonu-gelistirdi-80x43.jpg 80w, https:\/\/www.enerjigazetesi.ist\/wp-content\/uploads\/2015\/09\/vestel-elektrikli-araclar-icin-sarj-istasyonu-gelistirdi.jpg 460w\" sizes=\"(max-width: 300px) 100vw, 300px\" \/><\/a>a verilen bilgiye g\u00f6re Vestel\u2019in bu y\u0131l fuarda tan\u0131tt\u0131\u011f\u0131 680 yeni \u00fcr\u00fcnden biri de elektrikli ara\u00e7 \u015farj istasyonu oldu.<\/p>\n<p>Cihaz\u0131n halen prototip a\u015famas\u0131nda oldu\u011funu kaydeden Erdo\u011fan,\u00a0 bu \u00fcr\u00fcn\u00fcn sat\u0131\u015f\u0131 i\u00e7in araba markalar\u0131 ile g\u00f6r\u00fc\u015ft\u00fcklerini ve sipari\u015f gelmesi halinde hemen seri \u00fcretime ge\u00e7ilebilece\u011fini kaydetti.<\/p>\n<p>Vestel taraf\u0131ndan geli\u015ftirilen ak\u0131ll\u0131 \u015farj istasyonu mobil cihazlar ve televizyonlar \u00fczerinden de kontrol edilebilirken,\u00a0 kullan\u0131m esnas\u0131nda \u00f6deme ile ara\u00e7 \u00f6zellikleri gibi bilgileri g\u00f6sterebiliyor.<\/p>\n<p>Vestel gelecek ay\u00a0 Zorlu Center\u2019da bu istasyonlardan 10 adedini kullan\u0131ma sunmay\u0131 planl\u0131yor.<\/p>\n<p>Kaynak: Ye\u015fil Ekonomi<\/p>","protected":false},"excerpt":{"rendered":"<p>Sorry, this entry is only available in Turkish. For the sake of viewer convenience, the content is shown below in the alternative language. You may click the link to switch the active language.Vestel\u2019in elektrikli ara\u00e7lar i\u00e7in \u015farj istasyonu geli\u015ftirdi\u011fi a\u00e7\u0131kland\u0131. Vestel Grubu\u2019nun \u0130cra Kurulu Ba\u015fkan\u0131 Turan Erdo\u011fan taraf\u0131ndan Almanya\u2019n\u0131n ba\u015fkenti Berlin\u2019de d\u00fczenlenen t\u00fcketici ve ev [&hellip;]<\/p>\n","protected":false},"author":1,"featured_media":44406,"comment_status":"open","ping_status":"open","sticky":false,"template":"","format":"standard","meta":[],"categories":[51,53],"tags":[68,61,19638,1451,18159,25757,63,67,1009,2698,165,25758,720],"views":1487,"_links":{"self":[{"href":"https:\/\/www.enerjigazetesi.ist\/en\/wp-json\/wp\/v2\/posts\/44405"}],"collection":[{"href":"https:\/\/www.enerjigazetesi.ist\/en\/wp-json\/wp\/v2\/posts"}],"about":[{"href":"https:\/\/www.enerjigazetesi.ist\/en\/wp-json\/wp\/v2\/types\/post"}],"author":[{"embeddable":true,"href":"https:\/\/www.enerjigazetesi.ist\/en\/wp-json\/wp\/v2\/users\/1"}],"replies":[{"embeddable":true,"href":"https:\/\/www.enerjigazetesi.ist\/en\/wp-json\/wp\/v2\/comments?post=44405"}],"version-history":[{"count":1,"href":"https:\/\/www.enerjigazetesi.ist\/en\/wp-json\/wp\/v2\/posts\/44405\/revisions"}],"predecessor-version":[{"id":44407,"href":"https:\/\/www.enerjigazetesi.ist\/en\/wp-json\/wp\/v2\/posts\/44405\/revisions\/44407"}],"wp:featuredmedia":[{"embeddable":true,"href":"https:\/\/www.enerjigazetesi.ist\/en\/wp-json\/wp\/v2\/media\/44406"}],"wp:attachment":[{"href":"https:\/\/www.enerjigazetesi.ist\/en\/wp-json\/wp\/v2\/media?parent=44405"}],"wp:term":[{"taxonomy":"category","embeddable":true,"href":"https:\/\/www.enerjigazetesi.ist\/en\/wp-json\/wp\/v2\/categories?post=44405"},{"taxonomy":"post_tag","embeddable":true,"href":"https:\/\/www.enerjigazetesi.ist\/en\/wp-json\/wp\/v2\/tags?post=44405"}],"curies":[{"name":"wp","href":"https:\/\/api.w.org\/{rel}","templated":true}]}}