{"id":44355,"date":"2015-09-17T21:00:02","date_gmt":"2015-09-17T18:00:02","guid":{"rendered":"https:\/\/www.enerjigazetesi.ist\/?p=44355"},"modified":"2015-09-17T21:01:02","modified_gmt":"2015-09-17T18:01:02","slug":"goldman-sach-petrol-15-yil-dusuk-kalabilir","status":"publish","type":"post","link":"https:\/\/www.enerjigazetesi.ist\/en\/goldman-sach-petrol-15-yil-dusuk-kalabilir\/","title":{"rendered":"(Turkish) Goldman Sach: \u201cPetrol 15 Y\u0131l D\u00fc\u015f\u00fck Kalabilir!\u201d"},"content":{"rendered":"<p class=\"qtranxs-available-languages-message qtranxs-available-languages-message-en\">Sorry, this entry is only available in <a href=\"https:\/\/www.enerjigazetesi.ist\/tr\/wp-json\/wp\/v2\/posts\/44355\" class=\"qtranxs-available-language-link qtranxs-available-language-link-tr\" title=\"Turkish\">Turkish<\/a>. For the sake of viewer convenience, the content is shown below in the alternative language. You may click the link to switch the active language.<\/p><p><strong>Goldman Sach\u2019\u0131n emtia ara\u015ft\u0131rmalar\u0131 m\u00fcd\u00fcr\u00fc Jeff Currie, petrol\u00fcn \u00f6n\u00fcm\u00fczdeki 15 y\u0131l d\u00fc\u015f\u00fck kalabilece\u011fini s\u00f6yledi.<\/strong><a href=\"https:\/\/www.enerjigazetesi.ist\/wp-content\/uploads\/2015\/09\/goldman-sach-petrol-15-yil-dusuk-kalabilir.jpg\"><img loading=\"lazy\" class=\"alignright wp-image-44356 size-medium\" src=\"https:\/\/www.enerjigazetesi.ist\/wp-content\/uploads\/2015\/09\/goldman-sach-petrol-15-yil-dusuk-kalabilir-300x165.jpg\" alt=\"goldman-sach-petrol-15-yil-dusuk-kalabilir\" width=\"300\" height=\"165\" srcset=\"https:\/\/www.enerjigazetesi.ist\/wp-content\/uploads\/2015\/09\/goldman-sach-petrol-15-yil-dusuk-kalabilir-300x165.jpg 300w, https:\/\/www.enerjigazetesi.ist\/wp-content\/uploads\/2015\/09\/goldman-sach-petrol-15-yil-dusuk-kalabilir-500x276.jpg 500w, https:\/\/www.enerjigazetesi.ist\/wp-content\/uploads\/2015\/09\/goldman-sach-petrol-15-yil-dusuk-kalabilir-80x44.jpg 80w, https:\/\/www.enerjigazetesi.ist\/wp-content\/uploads\/2015\/09\/goldman-sach-petrol-15-yil-dusuk-kalabilir.jpg 696w\" sizes=\"(max-width: 300px) 100vw, 300px\" \/><\/a><span id=\"more-73517\"><\/span><\/p>\n<p>Goldman Sachs\u2019\u0131n emtia ara\u015ft\u0131rmalar\u0131 m\u00fcd\u00fcr\u00fc Jeff Currie, \u201cPetrol fiyatlar\u0131n\u0131n \u00f6n\u00fcm\u00fczdeki 10 y\u0131ll\u0131k s\u00fcrenin sonuna kadar d\u00fc\u015f\u00fck kalmas\u0131 olas\u0131l\u0131\u011f\u0131 olduk\u00e7a y\u00fcksek\u201d dedi.<\/p>\n<p>Goldman\u2019\u0131n resmi tahmini 2020\u2019ye kadar uzan\u0131yor ve \u015firket uzun vadede petrol fiyat\u0131n\u0131n varil ba\u015f\u0131na 50 dolar seviyesinde olaca\u011f\u0131n\u0131 \u00f6ng\u00f6r\u00fcyor.<\/p>\n<p>Currie, \u201cDi\u011fer emtia piyasalar\u0131nda olanlar dikkate al\u0131nd\u0131\u011f\u0131nda riskler a\u015fa\u011f\u0131 y\u00f6nl\u00fc. Demir cevheri, bak\u0131r, \u00e7elik fiyat\u0131n\u0131n d\u00fc\u015fmesi ve emtia \u00fcreticisi \u00fclkelerin para birimlerinin zay\u0131flamas\u0131 petrol \u00fcreticileri i\u00e7in maliyetleri azaltt\u0131\u201d diye konu\u015ftu.<\/p>\n<p>Kaynak: Enerji Enstit\u00fcs\u00fc<\/p>","protected":false},"excerpt":{"rendered":"<p>Sorry, this entry is only available in Turkish. For the sake of viewer convenience, the content is shown below in the alternative language. You may click the link to switch the active language.Goldman Sach\u2019\u0131n emtia ara\u015ft\u0131rmalar\u0131 m\u00fcd\u00fcr\u00fc Jeff Currie, petrol\u00fcn \u00f6n\u00fcm\u00fczdeki 15 y\u0131l d\u00fc\u015f\u00fck kalabilece\u011fini s\u00f6yledi. Goldman Sachs\u2019\u0131n emtia ara\u015ft\u0131rmalar\u0131 m\u00fcd\u00fcr\u00fc Jeff Currie, \u201cPetrol fiyatlar\u0131n\u0131n [&hellip;]<\/p>\n","protected":false},"author":1,"featured_media":44356,"comment_status":"open","ping_status":"open","sticky":false,"template":"","format":"standard","meta":[],"categories":[53,44],"tags":[24927,63,67,1009,2698,165,25730,25731,59,79,8805,2388,887,2522,1376],"views":1039,"_links":{"self":[{"href":"https:\/\/www.enerjigazetesi.ist\/en\/wp-json\/wp\/v2\/posts\/44355"}],"collection":[{"href":"https:\/\/www.enerjigazetesi.ist\/en\/wp-json\/wp\/v2\/posts"}],"about":[{"href":"https:\/\/www.enerjigazetesi.ist\/en\/wp-json\/wp\/v2\/types\/post"}],"author":[{"embeddable":true,"href":"https:\/\/www.enerjigazetesi.ist\/en\/wp-json\/wp\/v2\/users\/1"}],"replies":[{"embeddable":true,"href":"https:\/\/www.enerjigazetesi.ist\/en\/wp-json\/wp\/v2\/comments?post=44355"}],"version-history":[{"count":2,"href":"https:\/\/www.enerjigazetesi.ist\/en\/wp-json\/wp\/v2\/posts\/44355\/revisions"}],"predecessor-version":[{"id":44358,"href":"https:\/\/www.enerjigazetesi.ist\/en\/wp-json\/wp\/v2\/posts\/44355\/revisions\/44358"}],"wp:featuredmedia":[{"embeddable":true,"href":"https:\/\/www.enerjigazetesi.ist\/en\/wp-json\/wp\/v2\/media\/44356"}],"wp:attachment":[{"href":"https:\/\/www.enerjigazetesi.ist\/en\/wp-json\/wp\/v2\/media?parent=44355"}],"wp:term":[{"taxonomy":"category","embeddable":true,"href":"https:\/\/www.enerjigazetesi.ist\/en\/wp-json\/wp\/v2\/categories?post=44355"},{"taxonomy":"post_tag","embeddable":true,"href":"https:\/\/www.enerjigazetesi.ist\/en\/wp-json\/wp\/v2\/tags?post=44355"}],"curies":[{"name":"wp","href":"https:\/\/api.w.org\/{rel}","templated":true}]}}