{"id":44309,"date":"2015-09-17T13:14:35","date_gmt":"2015-09-17T10:14:35","guid":{"rendered":"https:\/\/www.enerjigazetesi.ist\/?p=44309"},"modified":"2015-09-17T13:14:35","modified_gmt":"2015-09-17T10:14:35","slug":"iran-turkiye-dahil-komsu-ulkelerine-elektrik-ihracatini-artiracak","status":"publish","type":"post","link":"https:\/\/www.enerjigazetesi.ist\/en\/iran-turkiye-dahil-komsu-ulkelerine-elektrik-ihracatini-artiracak\/","title":{"rendered":"(Turkish) \u0130ran, T\u00fcrkiye Dahil Kom\u015fu \u00dclkelerine Elektrik \u0130hracat\u0131n\u0131 Art\u0131racak&#8230;"},"content":{"rendered":"<p class=\"qtranxs-available-languages-message qtranxs-available-languages-message-en\">Sorry, this entry is only available in <a href=\"https:\/\/www.enerjigazetesi.ist\/tr\/wp-json\/wp\/v2\/posts\/44309\" class=\"qtranxs-available-language-link qtranxs-available-language-link-tr\" title=\"Turkish\">Turkish<\/a>. For the sake of viewer convenience, the content is shown below in the alternative language. You may click the link to switch the active language.<\/p><p><\/p>\n<p style=\"color: #222222;\"><strong>\u0130ran\u2019\u0131n, \u00fclkenin n\u00fckleer program\u0131 nedeniyle uygulanan yapt\u0131r\u0131mlar\u0131n \u201c5+1\u201d grubu ile var\u0131lan anla\u015fma ile kald\u0131r\u0131lmas\u0131n\u0131n hemem ard\u0131ndan aralar\u0131nda T\u00fcrkiye\u2019nin de bulundu\u011fu kom\u015fu \u00fclkelere elektrik sat\u0131\u015flar\u0131n\u0131 \u00f6nemli \u00f6l\u00e7\u00fcde art\u0131rmak istedi\u011fi bildiriliyor.<a href=\"https:\/\/www.enerjigazetesi.ist\/wp-content\/uploads\/2015\/09\/elektrik-enerji-hat-28993-696x385.jpg\"><img loading=\"lazy\" class=\"alignleft size-medium wp-image-44310\" src=\"https:\/\/www.enerjigazetesi.ist\/wp-content\/uploads\/2015\/09\/elektrik-enerji-hat-28993-696x385-300x165.jpg\" alt=\"elektrik-enerji-hat-28993-696x385\" width=\"300\" height=\"165\" srcset=\"https:\/\/www.enerjigazetesi.ist\/wp-content\/uploads\/2015\/09\/elektrik-enerji-hat-28993-696x385-300x165.jpg 300w, https:\/\/www.enerjigazetesi.ist\/wp-content\/uploads\/2015\/09\/elektrik-enerji-hat-28993-696x385-500x276.jpg 500w, https:\/\/www.enerjigazetesi.ist\/wp-content\/uploads\/2015\/09\/elektrik-enerji-hat-28993-696x385-80x44.jpg 80w, https:\/\/www.enerjigazetesi.ist\/wp-content\/uploads\/2015\/09\/elektrik-enerji-hat-28993-696x385.jpg 696w\" sizes=\"(max-width: 300px) 100vw, 300px\" \/><\/a><\/strong><span id=\"more-73504\"><\/span><\/p>\n<p style=\"color: #222222;\">\u201cAfganistan, Ermenistan, Azerbaycan, Irak, Pakistan, T\u00fcrkiye ve T\u00fcrkmenistan dahil olmak \u00fczere yedi \u00fclke halen \u0130ran\u2019dan elektrik ithal ediyor ve yapt\u0131r\u0131mlara ra\u011fmen \u0130ram \u0130slam Cumhuriyeti enerji sekt\u00f6r\u00fcne yapt\u0131r\u0131m yapmay\u0131 s\u00fcrd\u00fcr\u00fcyor\u201d deniliyor.<\/p>\n<p style=\"color: #222222;\">Bakanl\u0131\u011f\u0131n yapt\u0131r\u0131mlar sonras\u0131 d\u00f6nemi i\u00e7in belirledi\u011fi hedeflerin aras\u0131nda ileri teknoloji, en modern ekipman ve ak\u0131ll\u0131 sistemler kullan\u0131lmas\u0131, santrallerin \u00fcretimini art\u0131r\u0131lmas\u0131 ile kredi ve d\u0131\u015f finansman\u0131n yeniden a\u00e7\u0131lmas\u0131 da bulundu\u011fu kaydediliyor.<\/p>\n<p style=\"color: #222222;\">Bu \u00e7ercevede \u00fcretimde enerji kay\u0131plar\u0131n\u0131n azalt\u0131lmas\u0131 ve da\u011f\u0131t\u0131m a\u011flar\u0131n\u0131n iyile\u015ftirilmesinin de g\u00fcndemin en a\u011f\u0131rl\u0131kl\u0131 maddeleri aras\u0131nda da yer ald\u0131\u011f\u0131 belirtildi\u011fi haberde n\u00fckleer anla\u015fman\u0131n y\u00fcr\u00fcrl\u00fc\u011fe girmesi ile halen bloke edilen 100 milyar dolar serbest b\u0131rak\u0131laca\u011f\u0131na dikkat \u00e7ekiliyor.<\/p>\n<p style=\"color: #222222;\">Kaynak: EnerjiEnstit\u00fcs\u00fc<\/p>\n<p><\/p>","protected":false},"excerpt":{"rendered":"<p>Sorry, this entry is only available in Turkish. For the sake of viewer convenience, the content is shown below in the alternative language. You may click the link to switch the active language. \u0130ran\u2019\u0131n, \u00fclkenin n\u00fckleer program\u0131 nedeniyle uygulanan yapt\u0131r\u0131mlar\u0131n \u201c5+1\u201d grubu ile var\u0131lan anla\u015fma ile kald\u0131r\u0131lmas\u0131n\u0131n hemem ard\u0131ndan aralar\u0131nda T\u00fcrkiye\u2019nin de bulundu\u011fu kom\u015fu \u00fclkelere [&hellip;]<\/p>\n","protected":false},"author":1,"featured_media":44310,"comment_status":"open","ping_status":"open","sticky":false,"template":"","format":"standard","meta":[],"categories":[51,53],"tags":[25713,25714,25715,165,1333,25716,7847,846],"views":940,"_links":{"self":[{"href":"https:\/\/www.enerjigazetesi.ist\/en\/wp-json\/wp\/v2\/posts\/44309"}],"collection":[{"href":"https:\/\/www.enerjigazetesi.ist\/en\/wp-json\/wp\/v2\/posts"}],"about":[{"href":"https:\/\/www.enerjigazetesi.ist\/en\/wp-json\/wp\/v2\/types\/post"}],"author":[{"embeddable":true,"href":"https:\/\/www.enerjigazetesi.ist\/en\/wp-json\/wp\/v2\/users\/1"}],"replies":[{"embeddable":true,"href":"https:\/\/www.enerjigazetesi.ist\/en\/wp-json\/wp\/v2\/comments?post=44309"}],"version-history":[{"count":1,"href":"https:\/\/www.enerjigazetesi.ist\/en\/wp-json\/wp\/v2\/posts\/44309\/revisions"}],"predecessor-version":[{"id":44311,"href":"https:\/\/www.enerjigazetesi.ist\/en\/wp-json\/wp\/v2\/posts\/44309\/revisions\/44311"}],"wp:featuredmedia":[{"embeddable":true,"href":"https:\/\/www.enerjigazetesi.ist\/en\/wp-json\/wp\/v2\/media\/44310"}],"wp:attachment":[{"href":"https:\/\/www.enerjigazetesi.ist\/en\/wp-json\/wp\/v2\/media?parent=44309"}],"wp:term":[{"taxonomy":"category","embeddable":true,"href":"https:\/\/www.enerjigazetesi.ist\/en\/wp-json\/wp\/v2\/categories?post=44309"},{"taxonomy":"post_tag","embeddable":true,"href":"https:\/\/www.enerjigazetesi.ist\/en\/wp-json\/wp\/v2\/tags?post=44309"}],"curies":[{"name":"wp","href":"https:\/\/api.w.org\/{rel}","templated":true}]}}