{"id":44303,"date":"2015-09-16T21:41:25","date_gmt":"2015-09-16T18:41:25","guid":{"rendered":"https:\/\/www.enerjigazetesi.ist\/?p=44303"},"modified":"2015-09-16T21:44:16","modified_gmt":"2015-09-16T18:44:16","slug":"yesil-is-2015-ile-surdurulebilir-is-zirvesi-ve-surdurulebilir-buyume","status":"publish","type":"post","link":"https:\/\/www.enerjigazetesi.ist\/en\/yesil-is-2015-ile-surdurulebilir-is-zirvesi-ve-surdurulebilir-buyume\/","title":{"rendered":"(Turkish) Ye\u015fil \u0130\u015f 2015 \u0130le S\u00fcrd\u00fcr\u00fclebilir \u0130\u015f Zirvesi ve S\u00fcrd\u00fcr\u00fclebilir B\u00fcy\u00fcme!"},"content":{"rendered":"<p class=\"qtranxs-available-languages-message qtranxs-available-languages-message-en\">Sorry, this entry is only available in <a href=\"https:\/\/www.enerjigazetesi.ist\/tr\/wp-json\/wp\/v2\/posts\/44303\" class=\"qtranxs-available-language-link qtranxs-available-language-link-tr\" title=\"Turkish\">Turkish<\/a>. For the sake of viewer convenience, the content is shown below in the alternative language. You may click the link to switch the active language.<\/p><p><strong>\u0130\u015f d\u00fcnyas\u0131nda \u2018<em>De\u011fi\u015fimin Yeni Paradigmalar\u0131\u2019\u00a0<\/em><\/strong><strong>8-9 Ekim\u2019de tart\u0131\u015f\u0131l\u0131yor<\/strong><\/p>\n<p><strong>Ye\u015fil \u0130\u015f 2015: S\u00fcrd\u00fcr\u00fclebilir \u0130\u015f Zirvesi s\u00fcrd\u00fcr\u00fclebilir b\u00fcy\u00fcme i\u00e7in t\u00fcm payda\u015flar\u0131 bu y\u0131l da bulu\u015fturuyor!<\/strong><\/p>\n<p>T\u00fcrkiye\u2019nin en g\u00fc\u00e7l\u00fc s\u00fcrd\u00fcr\u00fclebilir i\u015f platformu olan Ye\u015fil \u0130\u015f, farkl\u0131 konu ve kulvarlar ile \u00a0\u2018<em>de\u011fi\u015fimin ye<a href=\"https:\/\/www.enerjigazetesi.ist\/wp-content\/uploads\/2015\/09\/yesil-is-2015-ile-surdurulebilir-is-zirvesi-ve-surdurulebilir-buyume.jpg\"><img loading=\"lazy\" class=\"alignright size-medium wp-image-44304\" src=\"https:\/\/www.enerjigazetesi.ist\/wp-content\/uploads\/2015\/09\/yesil-is-2015-ile-surdurulebilir-is-zirvesi-ve-surdurulebilir-buyume-300x151.jpg\" alt=\"Y\" width=\"300\" height=\"151\" srcset=\"https:\/\/www.enerjigazetesi.ist\/wp-content\/uploads\/2015\/09\/yesil-is-2015-ile-surdurulebilir-is-zirvesi-ve-surdurulebilir-buyume-300x151.jpg 300w, https:\/\/www.enerjigazetesi.ist\/wp-content\/uploads\/2015\/09\/yesil-is-2015-ile-surdurulebilir-is-zirvesi-ve-surdurulebilir-buyume-1024x516.jpg 1024w, https:\/\/www.enerjigazetesi.ist\/wp-content\/uploads\/2015\/09\/yesil-is-2015-ile-surdurulebilir-is-zirvesi-ve-surdurulebilir-buyume-500x252.jpg 500w, https:\/\/www.enerjigazetesi.ist\/wp-content\/uploads\/2015\/09\/yesil-is-2015-ile-surdurulebilir-is-zirvesi-ve-surdurulebilir-buyume-80x40.jpg 80w, https:\/\/www.enerjigazetesi.ist\/wp-content\/uploads\/2015\/09\/yesil-is-2015-ile-surdurulebilir-is-zirvesi-ve-surdurulebilir-buyume.jpg 1667w\" sizes=\"(max-width: 300px) 100vw, 300px\" \/><\/a>ni paradigmalar\u0131\u2019<\/em>n\u0131n tart\u0131\u015f\u0131laca\u011f\u0131 \u2018S\u00fcrd\u00fcr\u00fclebilir \u0130\u015f Zirvesi\u2019 olarak, 8-9 Ekim\u2019de s\u00fcrd\u00fcr\u00fclebilir i\u015f liderlerini bu y\u0131l da \u0130stanbul\u2019da bulu\u015fturmaya haz\u0131rlan\u0131yor.<\/p>\n<p>Huffington Post\u2019un Etki ve \u0130novasyon B\u00f6l\u00fcm\u00fc Ba\u015f Edit\u00f6r\u00fc Jo Confino\u2019nun bu y\u0131l da moderat\u00f6rl\u00fc\u011f\u00fcn\u00fc \u00fcstlenece\u011fi Ye\u015fil \u0130\u015f 2015: S\u00fcrd\u00fcr\u00fclebilir \u0130\u015f Zirvesi; Kurumsal S\u00fcrd\u00fcr\u00fclebilirlik ve Performans Kriterleri, \u00a0\u015eeffaf Payda\u015f Diyaloglar\u0131, End\u00fcstri 4.0,\u00a0D\u00f6ng\u00fcsel Ekonomi, Kad\u0131n\u0131n G\u00fc\u00e7lendirilmesi ve\u00a0Dijital D\u00f6n\u00fc\u015f\u00fcm gibi s\u00fcrd\u00fcr\u00fclebilir i\u015f d\u00fcnyas\u0131n\u0131n \u00f6nemli konular\u0131n\u0131 tart\u0131\u015f\u0131yor.<\/p>\n<p>S\u00fcrd\u00fcr\u00fclebilirlik Akademisi taraf\u0131ndan bu y\u0131l 7.\u2019si ger\u00e7ekle\u015ftirilecek olan <strong>Ye\u015fil \u0130\u015f 2015: S\u00fcrd\u00fcr\u00fclebilir \u0130\u015f Zirvesi<\/strong>, 8-9 Ekim tarihlerinde Park Bosphorus Hotel \u0130stanbul\u2019da kat\u0131l\u0131mc\u0131larla bulu\u015fuyor. <strong>T\u00fcrkiye\u2019nin en g\u00fc\u00e7l\u00fc s\u00fcrd\u00fcr\u00fclebilir i\u015f platformu olan Ye\u015fil \u0130\u015f; s\u00fcrd\u00fcr\u00fclebilirlik lideri Jo Confino\u2019nun moderat\u00f6rl\u00fc\u011f\u00fcnde i\u015f d\u00fcnyas\u0131nda de\u011fi\u015fimin yeni paradigmalar\u0131n\u0131 tart\u0131\u015fmaya a\u00e7\u0131yor.<\/strong><\/p>\n<p><strong>Zirve,<\/strong> bu y\u0131l<strong>Kurumsal S\u00fcrd\u00fcr\u00fclebilirlik Performans Kriterleri<\/strong><strong>, <\/strong><strong>D\u00f6ng\u00fcsel Ekonomi, \u0130novasyon, Teknoloji, Dijital D\u00f6n\u00fc\u015f\u00fcm, Enerji ve Enerji Y\u00f6netim Sistemleri, KOB\u0130\u2019lerde D\u00f6n\u00fc\u015f\u00fcm, S\u00fcrd\u00fcr\u00fclebilir \u00dcr\u00fcnler ve Gelece\u011fin Malzemeleri, S\u00fcrd\u00fcr\u00fclebilir Belediyeler, Ye\u015fil Tesisler, Hastaneler, Oteller ve Konutlar, Sosyal Etki, Karbon ve Su Y\u00f6netimi <\/strong>ana ba\u015fl\u0131klar\u0131ndaki konularla gerek ana kulvar oturumlar\u0131nda gerekse paralel kulvarlardaki interaktif oturumlar ile t\u00fcm payda\u015flar ile bulu\u015fturmaya haz\u0131rlan\u0131yor. Zirve, 50\u2019ye yak\u0131n oturum, Bakanl\u0131klar uzmanlar\u0131ndan, uluslararas\u0131 \u00fcst d\u00fczey kat\u0131l\u0131mc\u0131lar ve konunun liderlerinden olu\u015fan 100\u2019den fazla konu\u015fmac\u0131yla ger\u00e7ekle\u015fecek.<\/p>\n<p><strong>Yine Bir \u0130lk: S\u00fcrd\u00fcr\u00fclebilir G\u0131da Konferans\u0131 Zirve\u2019nin \u00e7at\u0131s\u0131 alt\u0131nda!<\/strong><\/p>\n<p>G\u0131da sekt\u00f6r\u00fcn\u00fcn t\u00fcm payda\u015flar\u0131n\u0131n bulu\u015faca\u011f\u0131 <strong>S\u00fcrd\u00fcr\u00fclebilir G\u0131da Konferans\u0131 2015, <\/strong>s\u00fcrd\u00fcr\u00fclebilir d\u00f6n\u00fc\u015f\u00fcm\u00fc sa\u011flamak i\u00e7in bir araya gelecek ve ilham veren fikirler ortaya koyacak. S\u00fcrd\u00fcr\u00fclebilir g\u0131da tedariki ve t\u00fcketimi i\u00e7in; t\u00fcketici davran\u0131\u015flar\u0131ndan \u015feffaf tedarik zincirine, ambalajlamadan g\u0131da at\u0131\u011f\u0131na, \u00e7evresel etkilerden s\u00fcrd\u00fcr\u00fclebilir tar\u0131ma, s\u00fcrd\u00fcr\u00fclebilir perakende zincirlerinden ekosistemin korunmas\u0131na kadar pek \u00e7ok konunun payla\u015f\u0131laca\u011f\u0131 S\u00fcrd\u00fcr\u00fclebilir G\u0131da Konferans\u0131, s\u00fcrd\u00fcr\u00fclebilir g\u0131da i\u00e7in sekt\u00f6r\u00fc bir araya getirecek.<\/p>\n<p><strong>\u00a0\u201cS\u00fcrd\u00fcr\u00fclebilir \u0130\u015f \u00d6d\u00fclleri\u201d ve \u201cS\u00fcrd\u00fcr\u00fclebilir \u0130\u015f Liderleri \u00d6d\u00fcl\u00fc\u201d bu y\u0131l da Zirve\u2019de Sahiplerini Buluyor! <\/strong><\/p>\n<p>S\u00fcrd\u00fcr\u00fclebilir i\u015f modelleri ile \u00f6nemli ba\u015far\u0131lara ula\u015fm\u0131\u015f kurumlar ile sosyal, ekonomik ve \u00e7evre konular\u0131ndaki tehditlere kar\u015f\u0131 ciddi ad\u0131mlar atan liderleri kutlamak ve onurland\u0131rmak de\u011fil\u00a0ayn\u0131 zamanda; s\u00fcrd\u00fcr\u00fclebilir gelecek i\u00e7in, lider kurum ve ki\u015fileri vurgulamak, ba\u015far\u0131lar\u0131n\u0131n ayr\u0131nt\u0131lar\u0131n\u0131 geni\u015f kitleler ile payla\u015fmak, yap\u0131lm\u0131\u015f olan s\u00fcrd\u00fcr\u00fclebilirlik \u00e7al\u0131\u015fmalar\u0131 ile model olu\u015fturarak de\u011fi\u015fimi te\u015fvik etmek i\u00e7in <strong>S\u00fcrd\u00fcr\u00fclebilirlik Akademisi<\/strong> taraf\u0131ndan T\u00fcrkiye\u2019de ilk kez d\u00fczenlenen <strong>\u201cS\u00fcrd\u00fcr\u00fclebilir \u0130\u015f \u00d6d\u00fclleri\u201d<\/strong> ve <strong>\u201cS\u00fcrd\u00fcr\u00fclebilir \u0130\u015f Liderleri \u00d6d\u00fcl\u00fc\u201d<\/strong> <strong>Ye\u015fil \u0130\u015f 2015: S\u00fcrd\u00fcr\u00fclebilir \u0130\u015f Zirvesi <\/strong>s\u0131ras\u0131nda sahiplerini bulacak.<\/p>\n<p><strong>T.C. Bilim, Sanayi ve Teknoloji Bakanl\u0131\u011f\u0131, T.C. \u00c7evre ve \u015eehircilik Bakanl\u0131\u011f\u0131, T.C. Enerji ve Tabii Kaynaklar Bakanl\u0131\u011f\u0131, T.C. Kalk\u0131nma Bakanl\u0131\u011f\u0131 <\/strong>i\u015f birli\u011finde ve<strong> Schneider Electric<\/strong>&#8216;in\u00a0stratejik \u00e7\u00f6z\u00fcm ortakl\u0131\u011f\u0131nda ger\u00e7ekle\u015fecek <strong>Ye\u015fil \u0130\u015f 2015: S\u00fcrd\u00fcr\u00fclebilir \u0130\u015f Zirvesi<\/strong>&#8216;nin ana \u00e7\u00f6z\u00fcm ortakl\u0131\u011f\u0131n\u0131 <strong>BASF<\/strong>, ileti\u015fim \u00e7\u00f6z\u00fcm ortakl\u0131\u011f\u0131n\u0131 ise <strong>Vodafone <\/strong>\u00fcstleniyor. S\u00fcrd\u00fcr\u00fclebilir \u0130\u015f Zirvesi \u00e7at\u0131s\u0131 alt\u0131nda ilki ger\u00e7ekle\u015fecek <strong>S\u00fcrd\u00fcr\u00fclebilir G\u0131da Konferans\u0131<\/strong>\u2019n\u0131n stratejik \u00e7\u00f6z\u00fcm otakl\u0131\u011f\u0131 <strong>BASF <\/strong>taraf\u0131ndan \u00fcstlenirken,di\u011fer \u00e7\u00f6z\u00fcm ortaklar\u0131 <strong>\u00dclker, Unilever <\/strong>ve<strong> Sunar Grup <\/strong>olacak. Zirve, <strong>Borsa \u0130stanbul<\/strong>, <strong>\u0130SO, TKYD, \u0130MSAD, TUREB, AYD, SKD, TAYSAD, PAGEV<\/strong>\u00a0gibi T\u00fcrkiye&#8217;nin\u00a0\u00f6nemli kurum, dernek ve vak\u0131flar\u0131n\u0131n yan\u0131 s\u0131ra<strong>\u00a0IETA, CDP, UNDP<\/strong> gibi uluslararas\u0131 kurulu\u015flar\u0131n deste\u011fi ile ger\u00e7ekle\u015fecek.<\/p>\n<p><strong>Ye\u015fil \u0130\u015f 2015: S\u00fcrd\u00fcr\u00fclebilir \u0130\u015f Zirvesi<\/strong> hakk\u0131nda kapsaml\u0131 bilgiye <strong><a href=\"http:\/\/yesiliskonferansi.com\/2015\/\" target=\"_blank\">http:\/\/yesiliskonferansi.com\/2015\/<\/a><\/strong>\u00a0internet sitesi \u00fczerinden eri\u015febilir, program detaylar\u0131n\u0131 takip edebilirsiniz.<\/p>\n<p>Kaynak: B\u00fcltenler<\/p>","protected":false},"excerpt":{"rendered":"<p>Sorry, this entry is only available in Turkish. For the sake of viewer convenience, the content is shown below in the alternative language. You may click the link to switch the active language.\u0130\u015f d\u00fcnyas\u0131nda \u2018De\u011fi\u015fimin Yeni Paradigmalar\u0131\u2019\u00a08-9 Ekim\u2019de tart\u0131\u015f\u0131l\u0131yor Ye\u015fil \u0130\u015f 2015: S\u00fcrd\u00fcr\u00fclebilir \u0130\u015f Zirvesi s\u00fcrd\u00fcr\u00fclebilir b\u00fcy\u00fcme i\u00e7in t\u00fcm payda\u015flar\u0131 bu y\u0131l da bulu\u015fturuyor! T\u00fcrkiye\u2019nin [&hellip;]<\/p>\n","protected":false},"author":1,"featured_media":44304,"comment_status":"open","ping_status":"open","sticky":false,"template":"","format":"standard","meta":[],"categories":[53],"tags":[63,67,1009,2698,165,25712,17363,1423,1076,25711,2766],"views":1054,"_links":{"self":[{"href":"https:\/\/www.enerjigazetesi.ist\/en\/wp-json\/wp\/v2\/posts\/44303"}],"collection":[{"href":"https:\/\/www.enerjigazetesi.ist\/en\/wp-json\/wp\/v2\/posts"}],"about":[{"href":"https:\/\/www.enerjigazetesi.ist\/en\/wp-json\/wp\/v2\/types\/post"}],"author":[{"embeddable":true,"href":"https:\/\/www.enerjigazetesi.ist\/en\/wp-json\/wp\/v2\/users\/1"}],"replies":[{"embeddable":true,"href":"https:\/\/www.enerjigazetesi.ist\/en\/wp-json\/wp\/v2\/comments?post=44303"}],"version-history":[{"count":2,"href":"https:\/\/www.enerjigazetesi.ist\/en\/wp-json\/wp\/v2\/posts\/44303\/revisions"}],"predecessor-version":[{"id":44306,"href":"https:\/\/www.enerjigazetesi.ist\/en\/wp-json\/wp\/v2\/posts\/44303\/revisions\/44306"}],"wp:featuredmedia":[{"embeddable":true,"href":"https:\/\/www.enerjigazetesi.ist\/en\/wp-json\/wp\/v2\/media\/44304"}],"wp:attachment":[{"href":"https:\/\/www.enerjigazetesi.ist\/en\/wp-json\/wp\/v2\/media?parent=44303"}],"wp:term":[{"taxonomy":"category","embeddable":true,"href":"https:\/\/www.enerjigazetesi.ist\/en\/wp-json\/wp\/v2\/categories?post=44303"},{"taxonomy":"post_tag","embeddable":true,"href":"https:\/\/www.enerjigazetesi.ist\/en\/wp-json\/wp\/v2\/tags?post=44303"}],"curies":[{"name":"wp","href":"https:\/\/api.w.org\/{rel}","templated":true}]}}