{"id":44293,"date":"2015-09-16T21:19:37","date_gmt":"2015-09-16T18:19:37","guid":{"rendered":"https:\/\/www.enerjigazetesi.ist\/?p=44293"},"modified":"2015-09-16T21:20:10","modified_gmt":"2015-09-16T18:20:10","slug":"ilk-gunes-enerjili-stad-olan-antalya-arena-stadi-eylul-sonunda-aciliyor","status":"publish","type":"post","link":"https:\/\/www.enerjigazetesi.ist\/en\/ilk-gunes-enerjili-stad-olan-antalya-arena-stadi-eylul-sonunda-aciliyor\/","title":{"rendered":"(Turkish) \u0130lk G\u00fcne\u015f Enerjili Antalya Arena Stad\u0131 Eyl\u00fcl Sonunda A\u00e7\u0131l\u0131yor&#8230;"},"content":{"rendered":"<p class=\"qtranxs-available-languages-message qtranxs-available-languages-message-en\">Sorry, this entry is only available in <a href=\"https:\/\/www.enerjigazetesi.ist\/tr\/wp-json\/wp\/v2\/posts\/44293\" class=\"qtranxs-available-language-link qtranxs-available-language-link-tr\" title=\"Turkish\">Turkish<\/a>. For the sake of viewer convenience, the content is shown below in the alternative language. You may click the link to switch the active language.<\/p><p><strong>Enerji ihtiyac\u0131n\u0131n bir k\u0131sm\u0131n\u0131 g\u00fcne\u015f panelleri sayesinde \u00fcretti\u011fi elektrik ile sa\u011flayacak Antalyaspor\u2019un yeni stad\u0131 olarak hizmet verecek olan Antalya Arena, Eyl\u00fcl ay\u0131n\u0131n sonunda hizmete girecek.<span id=\"more-73505\"><\/span> Antalya Arena T\u00fcrkiye\u2019de ilk olacak teknolojik \u00f6zellikleriyle dikkat \u00e7ekiyor.<\/strong><\/p>\n<p>Yenilenebilir ve do\u011fal enerji kaynaklar\u0131n\u0131n kullan\u0131m\u0131 hemen her sekt\u00f6rde \u00f6nem kazan\u0131rken spor alan\u0131nda da \u00e7e\u015fitli enerji ihtiya\u00e7lar\u0131n\u0131 kar\u015f\u0131lamak amac\u0131yla ye\u015fil enerji kaynaklar\u0131na ba\u015fvuruluyor.<\/p>\n<p>Her ne kadar \u00fclkemizde hen\u00fcz \u00e7ok yayg\u0131n \u015fekilde kullan\u0131lm\u0131yor olsa da \u00e7e\u015fitli giri\u015fimler ve yat\u0131r\u0131mlar ile artmaya devam eden g\u00fcne\u015f enerjisi ba\u015fta olmak \u00fczere di\u011fer do\u011fal ve ye\u015fil enerji kaynaklar\u0131n\u0131n kullan\u0131m\u0131, Antalyaspor\u2019un bu y\u0131l i\u00e7 sahas\u0131 olarak hizmet verecek olan Antalya Arena ile yeni bir alan daha kazanacak ve bu stadyum, T\u00fcrkiye\u2019nin ilk g\u00fcne\u015f enerjili stad\u0131 olarak hizmet verecek.<\/p>\n<p><a href=\"http:\/\/statik4.enerjienstitusu.com\/wp-content\/uploads\/antalya-arena-2222222222.jpg\" target=\"_blank\"><img loading=\"lazy\" class=\" wp-image-72401 aligncenter\" src=\"http:\/\/statik4.enerjienstitusu.com\/wp-content\/uploads\/antalya-arena-2222222222.jpg\" alt=\"antalya arena 2222222222\" width=\"551\" height=\"369\" \/><\/a><\/p>\n<p>Daha fazla g\u00fcne\u015f panelinin yerle\u015ftirilmesine izin vermesi i\u00e7in daire \u015feklinde tasarlanan stadyumun \u00e7at\u0131s\u0131ndaki g\u00fcne\u015f panelleri 13 bin metrekare alana yerle\u015ftirildi ve bu paneller 1.4 megawatt g\u00fc\u00e7 sa\u011flayarak \u00f6zellikle k\u0131\u015f aylar\u0131nda s\u00fcrekli bine yak\u0131n tak\u0131m\u0131n kamp yapt\u0131\u011f\u0131 bir spor turizmi merkezine d\u00f6n\u00fc\u015fmekte olan Antalya i\u00e7in en k\u0131ymetli tesislerden biri olacak.<\/p>\n<p>Kaynak: B\u00fcltenler<\/p>","protected":false},"excerpt":{"rendered":"<p>Sorry, this entry is only available in Turkish. For the sake of viewer convenience, the content is shown below in the alternative language. You may click the link to switch the active language.Enerji ihtiyac\u0131n\u0131n bir k\u0131sm\u0131n\u0131 g\u00fcne\u015f panelleri sayesinde \u00fcretti\u011fi elektrik ile sa\u011flayacak Antalyaspor\u2019un yeni stad\u0131 olarak hizmet verecek olan Antalya Arena, Eyl\u00fcl ay\u0131n\u0131n sonunda [&hellip;]<\/p>\n","protected":false},"author":1,"featured_media":44294,"comment_status":"open","ping_status":"open","sticky":false,"template":"","format":"standard","meta":[],"categories":[53,49],"tags":[23788,25707,63,67,1009,15609,2698,165,227,13,1353,108,25708,25709,9698],"views":1371,"_links":{"self":[{"href":"https:\/\/www.enerjigazetesi.ist\/en\/wp-json\/wp\/v2\/posts\/44293"}],"collection":[{"href":"https:\/\/www.enerjigazetesi.ist\/en\/wp-json\/wp\/v2\/posts"}],"about":[{"href":"https:\/\/www.enerjigazetesi.ist\/en\/wp-json\/wp\/v2\/types\/post"}],"author":[{"embeddable":true,"href":"https:\/\/www.enerjigazetesi.ist\/en\/wp-json\/wp\/v2\/users\/1"}],"replies":[{"embeddable":true,"href":"https:\/\/www.enerjigazetesi.ist\/en\/wp-json\/wp\/v2\/comments?post=44293"}],"version-history":[{"count":2,"href":"https:\/\/www.enerjigazetesi.ist\/en\/wp-json\/wp\/v2\/posts\/44293\/revisions"}],"predecessor-version":[{"id":44296,"href":"https:\/\/www.enerjigazetesi.ist\/en\/wp-json\/wp\/v2\/posts\/44293\/revisions\/44296"}],"wp:featuredmedia":[{"embeddable":true,"href":"https:\/\/www.enerjigazetesi.ist\/en\/wp-json\/wp\/v2\/media\/44294"}],"wp:attachment":[{"href":"https:\/\/www.enerjigazetesi.ist\/en\/wp-json\/wp\/v2\/media?parent=44293"}],"wp:term":[{"taxonomy":"category","embeddable":true,"href":"https:\/\/www.enerjigazetesi.ist\/en\/wp-json\/wp\/v2\/categories?post=44293"},{"taxonomy":"post_tag","embeddable":true,"href":"https:\/\/www.enerjigazetesi.ist\/en\/wp-json\/wp\/v2\/tags?post=44293"}],"curies":[{"name":"wp","href":"https:\/\/api.w.org\/{rel}","templated":true}]}}