{"id":44250,"date":"2015-09-15T12:22:32","date_gmt":"2015-09-15T09:22:32","guid":{"rendered":"https:\/\/www.enerjigazetesi.ist\/?p=44250"},"modified":"2015-09-15T12:22:32","modified_gmt":"2015-09-15T09:22:32","slug":"avrupa-birliginde-sanayi-uretimi-beklentileri-asti","status":"publish","type":"post","link":"https:\/\/www.enerjigazetesi.ist\/en\/avrupa-birliginde-sanayi-uretimi-beklentileri-asti\/","title":{"rendered":"(Turkish) Avrupa Birli\u011fi\u2019nde Sanayi \u00dcretimi Beklentileri A\u015ft\u0131&#8230;"},"content":{"rendered":"<p class=\"qtranxs-available-languages-message qtranxs-available-languages-message-en\">Sorry, this entry is only available in <a href=\"https:\/\/www.enerjigazetesi.ist\/tr\/wp-json\/wp\/v2\/posts\/44250\" class=\"qtranxs-available-language-link qtranxs-available-language-link-tr\" title=\"Turkish\">Turkish<\/a>. For the sake of viewer convenience, the content is shown below in the alternative language. You may click the link to switch the active language.<\/p><p><strong>Avrupa Birli\u011fi\u2019nde Temmuz ay\u0131nda sanayi \u00fcretimi beklentilerin \u00fczerinde art\u0131\u015f g\u00f6sterdi.<\/strong><span id=\"more-73484\"><\/span><\/p>\n<p>Avrupa Birli\u011fi \u0130statistik Ofisi Eurostat\u2019\u0131n a\u00e7\u0131klad\u0131\u011f\u0131 verilere g\u00f6re Temmuz ay\u0131nda sanayi \u00fcretimi y\u00fczde 0,6 artt\u0131<a href=\"https:\/\/www.enerjigazetesi.ist\/wp-content\/uploads\/2015\/09\/avrupa-birliginde-sanayi-uretimi-beklentileri-asti.jpg\"><img loading=\"lazy\" class=\"alignright size-medium wp-image-44251\" src=\"https:\/\/www.enerjigazetesi.ist\/wp-content\/uploads\/2015\/09\/avrupa-birliginde-sanayi-uretimi-beklentileri-asti-300x165.jpg\" alt=\"RUZGAR SANTRALINI EVE SOKACAKLAR\" width=\"300\" height=\"165\" srcset=\"https:\/\/www.enerjigazetesi.ist\/wp-content\/uploads\/2015\/09\/avrupa-birliginde-sanayi-uretimi-beklentileri-asti-300x165.jpg 300w, https:\/\/www.enerjigazetesi.ist\/wp-content\/uploads\/2015\/09\/avrupa-birliginde-sanayi-uretimi-beklentileri-asti-500x276.jpg 500w, https:\/\/www.enerjigazetesi.ist\/wp-content\/uploads\/2015\/09\/avrupa-birliginde-sanayi-uretimi-beklentileri-asti-80x44.jpg 80w, https:\/\/www.enerjigazetesi.ist\/wp-content\/uploads\/2015\/09\/avrupa-birliginde-sanayi-uretimi-beklentileri-asti.jpg 696w\" sizes=\"(max-width: 300px) 100vw, 300px\" \/><\/a>.<\/p>\n<p>Piyasalarda beklenti y\u00fczde 0,3 art\u0131\u015f olaca\u011f\u0131 y\u00f6n\u00fcndeydi.<\/p>\n<p>Y\u0131ll\u0131k bazda ise art\u0131\u015f y\u00fczde 1,9 ile analistlerin y\u00fczde 0,7 olan tahmininin \u00fczerine \u00e7\u0131k\u0131ld\u0131.<\/p>\n<p>Bir \u00f6nceki ay\u0131n verisi ayl\u0131k y\u00fczde 0,4 d\u00fc\u015f\u00fc\u015ften y\u00fczde 0,3 d\u00fc\u015f\u00fc\u015fe, y\u0131ll\u0131k y\u00fczde 1,2 art\u0131\u015ftan y\u00fczde 1,5 art\u0131\u015fa revize edildi.<\/p>\n<p>B\u00f6lgede hammadde \u00fcretimi ayl\u0131k ve y\u0131ll\u0131k bazda y\u00fczde 0,6 d\u00fc\u015ferken, enerji \u00fcretimi ayl\u0131k y\u00fczde 3,0, y\u0131ll\u0131k 2,1 artt\u0131.<\/p>\n<p>Kaynak: B\u00fcltenler<\/p>","protected":false},"excerpt":{"rendered":"<p>Sorry, this entry is only available in Turkish. For the sake of viewer convenience, the content is shown below in the alternative language. You may click the link to switch the active language.Avrupa Birli\u011fi\u2019nde Temmuz ay\u0131nda sanayi \u00fcretimi beklentilerin \u00fczerinde art\u0131\u015f g\u00f6sterdi. Avrupa Birli\u011fi \u0130statistik Ofisi Eurostat\u2019\u0131n a\u00e7\u0131klad\u0131\u011f\u0131 verilere g\u00f6re Temmuz ay\u0131nda sanayi \u00fcretimi y\u00fczde [&hellip;]<\/p>\n","protected":false},"author":1,"featured_media":44251,"comment_status":"open","ping_status":"open","sticky":false,"template":"","format":"standard","meta":[],"categories":[53],"tags":[1192,2132,25674,63,67,1009,2698,165,18,2752,25675,22188],"views":941,"_links":{"self":[{"href":"https:\/\/www.enerjigazetesi.ist\/en\/wp-json\/wp\/v2\/posts\/44250"}],"collection":[{"href":"https:\/\/www.enerjigazetesi.ist\/en\/wp-json\/wp\/v2\/posts"}],"about":[{"href":"https:\/\/www.enerjigazetesi.ist\/en\/wp-json\/wp\/v2\/types\/post"}],"author":[{"embeddable":true,"href":"https:\/\/www.enerjigazetesi.ist\/en\/wp-json\/wp\/v2\/users\/1"}],"replies":[{"embeddable":true,"href":"https:\/\/www.enerjigazetesi.ist\/en\/wp-json\/wp\/v2\/comments?post=44250"}],"version-history":[{"count":1,"href":"https:\/\/www.enerjigazetesi.ist\/en\/wp-json\/wp\/v2\/posts\/44250\/revisions"}],"predecessor-version":[{"id":44252,"href":"https:\/\/www.enerjigazetesi.ist\/en\/wp-json\/wp\/v2\/posts\/44250\/revisions\/44252"}],"wp:featuredmedia":[{"embeddable":true,"href":"https:\/\/www.enerjigazetesi.ist\/en\/wp-json\/wp\/v2\/media\/44251"}],"wp:attachment":[{"href":"https:\/\/www.enerjigazetesi.ist\/en\/wp-json\/wp\/v2\/media?parent=44250"}],"wp:term":[{"taxonomy":"category","embeddable":true,"href":"https:\/\/www.enerjigazetesi.ist\/en\/wp-json\/wp\/v2\/categories?post=44250"},{"taxonomy":"post_tag","embeddable":true,"href":"https:\/\/www.enerjigazetesi.ist\/en\/wp-json\/wp\/v2\/tags?post=44250"}],"curies":[{"name":"wp","href":"https:\/\/api.w.org\/{rel}","templated":true}]}}