{"id":44246,"date":"2015-09-15T10:00:12","date_gmt":"2015-09-15T07:00:12","guid":{"rendered":"https:\/\/www.enerjigazetesi.ist\/?p=44246"},"modified":"2015-09-15T10:00:12","modified_gmt":"2015-09-15T07:00:12","slug":"turkiye-buyumede-g20-ucuncusu","status":"publish","type":"post","link":"https:\/\/www.enerjigazetesi.ist\/en\/turkiye-buyumede-g20-ucuncusu\/","title":{"rendered":"(Turkish) T\u00fcrkiye B\u00fcy\u00fcmede G20 \u00dc\u00e7\u00fcnc\u00fcs\u00fc!"},"content":{"rendered":"<p class=\"qtranxs-available-languages-message qtranxs-available-languages-message-en\">Sorry, this entry is only available in <a href=\"https:\/\/www.enerjigazetesi.ist\/tr\/wp-json\/wp\/v2\/posts\/44246\" class=\"qtranxs-available-language-link qtranxs-available-language-link-tr\" title=\"Turkish\">Turkish<\/a>. For the sake of viewer convenience, the content is shown below in the alternative language. You may click the link to switch the active language.<\/p><p><\/p>\n<div id=\"news_content\" class=\"text_content\" style=\"color: #4d4e53;\">\n<p><a href=\"https:\/\/www.enerjigazetesi.ist\/wp-content\/uploads\/2015\/09\/105191.jpg\"><strong><span style=\"color: #242424;\">T\u00fcrkiye, ikinci \u00e7eyrekte ilk \u00e7eyre\u011fe g\u00f6re y\u00fczde 1,3 artan GSYH ile G20 \u00fclkeleri aras\u0131nda \u00fc\u00e7\u00fcnc\u00fc s\u0131rada yer ald\u0131. T\u00fcrkiye, ilk \u00e7eyrekte Hindistan&#8217;dan sonra ikinci s\u0131rada yer alm\u0131\u015ft\u0131.<\/span><\/strong><img loading=\"lazy\" class=\"alignleft size-medium wp-image-44247\" src=\"https:\/\/www.enerjigazetesi.ist\/wp-content\/uploads\/2015\/09\/105191-300x153.jpg\" alt=\"105191\" width=\"300\" height=\"153\" srcset=\"https:\/\/www.enerjigazetesi.ist\/wp-content\/uploads\/2015\/09\/105191-300x153.jpg 300w, https:\/\/www.enerjigazetesi.ist\/wp-content\/uploads\/2015\/09\/105191-500x255.jpg 500w, https:\/\/www.enerjigazetesi.ist\/wp-content\/uploads\/2015\/09\/105191-80x40.jpg 80w, https:\/\/www.enerjigazetesi.ist\/wp-content\/uploads\/2015\/09\/105191.jpg 685w\" sizes=\"(max-width: 300px) 100vw, 300px\" \/><\/a><\/p>\n<p>Ekonomik \u0130\u015fbirli\u011fi ve Kalk\u0131nma Te\u015fkilat\u0131 (OECD), G20 \u00fcyesi \u00fclkeler aras\u0131nda 2015\u2019in ikinci \u00e7eyre\u011fi itibar\u0131yla b\u00fcy\u00fcme rakamlar\u0131n\u0131n y\u0131l\u0131n ilk \u00e7eyre\u011fiyle kar\u015f\u0131la\u015ft\u0131rmalar\u0131n\u0131 a\u00e7\u0131klad\u0131.<\/p>\n<p>OECD, d\u00fcnya ekonomisinin y\u00fczde 85\u2019ini olu\u015fturan \u00a0G20 \u00fclkelerinin 2015&#8217;in ikinci \u00e7eyre\u011finde birinci \u00e7eyre\u011fe g\u00f6re y\u00fczde 0,7&#8217;lik bir b\u00fcy\u00fcme ger\u00e7ekle\u015ftirdi\u011fini bildirdi.<\/p>\n<p>OECD b\u00fcltenine g\u00f6re, d\u00fcnyan\u0131n ikinci b\u00fcy\u00fck ekonomisi \u00c7in, 2015\u2019in ikinci \u00e7eyre\u011finde G20 \u00fclkeleri aras\u0131nda en g\u00fc\u00e7l\u00fc b\u00fcy\u00fcmeyi kaydetti. \u00dclke ikinci \u00e7eyrekte birinci \u00e7eyre\u011fe g\u00f6re y\u00fczde 1,7 b\u00fcy\u00fcd\u00fc. \u00dclkenin GSYH\u2019s\u0131 bu y\u0131l\u0131n ikinci \u00e7eyre\u011finde ge\u00e7en y\u0131l\u0131n ayn\u0131 \u00e7eyre\u011fine g\u00f6re y\u00fczde 7 artt\u0131. \u00c7in\u2019i y\u00fczde 1,6 ile kom\u015fusu Hindistan izledi. Son y\u0131llarda yaz\u0131l\u0131m ve ila\u00e7 sanayi ile \u00f6n plana \u00e7\u0131kan Hindistan, ge\u00e7en y\u0131l ikinci \u00e7eyre\u011fine g\u00f6re de y\u00fczde 7,2 b\u00fcy\u00fcyerek en y\u00fcksek b\u00fcy\u00fcyen G20 \u00fclkesi oldu.<\/p>\n<p>ABD ekonomisi ise bu y\u0131l\u0131n ikinci \u00e7eyre\u011finde birinci \u00e7eyre\u011fe g\u00f6re y\u00fczde 0,9 b\u00fcy\u00fcd\u00fc. \u00dclkenin birinci \u00e7eyrek b\u00fcy\u00fcmesi 2014 y\u0131l\u0131n son \u00e7eyre\u011fine g\u00f6re sadece y\u00fczde 0,2 olmu\u015ftu.<\/p>\n<p><strong>T\u00fcrkiye \u00fc\u00e7\u00fcnc\u00fc s\u0131rada<\/strong><\/p>\n<p>GSYH art\u0131\u015f\u0131 T\u00fcrkiye\u2019de ikinci \u00e7eyrekte bu y\u0131l\u0131n ilk \u00e7eyre\u011fine g\u00f6re y\u00fczde 1,3 oldu. Bu rakamla T\u00fcrkiye G20 \u00fclkeleri aras\u0131nda GSYH&#8217;s\u0131n\u0131 en y\u00fcksek oranda art\u0131ran \u00fc\u00e7\u00fcnc\u00fc \u00fclke oldu. OECD rakamlar\u0131na g\u00f6re T\u00fcrkiye ekonomisi bu y\u0131l\u0131n birinci \u00e7eyre\u011finde ge\u00e7en y\u0131l\u0131n son \u00e7eyre\u011fine g\u00f6re y\u00fczde 1,5 oran\u0131nda art\u0131rarak, Hindistan&#8217;dan sonra G20 \u00fclkeleri aras\u0131nda ikinci olmu\u015ftu.<\/p>\n<p>\u00d6te yandan T\u00fcrkiye ekonomisi, bu y\u0131l\u0131n ikinci \u00e7eyre\u011finde kaydetti\u011fi y\u00fczde 3,8&#8217;lik b\u00fcy\u00fcme oran\u0131yla Avrupa ekonomileri aras\u0131nda \u00fc\u00e7\u00fcnc\u00fc s\u0131raya yerle\u015fti.<\/p>\n<p>OECD&#8217;ye g\u00f6re Brezilya, Japonya, Kanada ve G\u00fcney Afrika\u2019n\u0131n GSMH\u2019s\u0131 ikinci \u00e7eyrekte k\u00fc\u00e7\u00fcld\u00fc.<\/p>\n<\/div>\n<div class=\"clear\" style=\"color: #0f0f0f;\"><\/div>\n<div class=\"source\" style=\"font-weight: bold; color: #575757;\">Kaynak:\u00a0<img loading=\"lazy\" title=\"Haber Kayna\u011f\u0131\" src=\"http:\/\/www.dunya.com\/d\/news_source\/1.jpg\" alt=\"Haber Kayna\u011f\u0131\" width=\"67\" height=\"16\" align=\"absmiddle\" \/><\/div>\n<p><\/p>","protected":false},"excerpt":{"rendered":"<p>Sorry, this entry is only available in Turkish. For the sake of viewer convenience, the content is shown below in the alternative language. You may click the link to switch the active language. T\u00fcrkiye, ikinci \u00e7eyrekte ilk \u00e7eyre\u011fe g\u00f6re y\u00fczde 1,3 artan GSYH ile G20 \u00fclkeleri aras\u0131nda \u00fc\u00e7\u00fcnc\u00fc s\u0131rada yer ald\u0131. T\u00fcrkiye, ilk \u00e7eyrekte Hindistan&#8217;dan [&hellip;]<\/p>\n","protected":false},"author":1,"featured_media":44247,"comment_status":"open","ping_status":"open","sticky":false,"template":"","format":"standard","meta":[],"categories":[53],"tags":[25673],"views":1004,"_links":{"self":[{"href":"https:\/\/www.enerjigazetesi.ist\/en\/wp-json\/wp\/v2\/posts\/44246"}],"collection":[{"href":"https:\/\/www.enerjigazetesi.ist\/en\/wp-json\/wp\/v2\/posts"}],"about":[{"href":"https:\/\/www.enerjigazetesi.ist\/en\/wp-json\/wp\/v2\/types\/post"}],"author":[{"embeddable":true,"href":"https:\/\/www.enerjigazetesi.ist\/en\/wp-json\/wp\/v2\/users\/1"}],"replies":[{"embeddable":true,"href":"https:\/\/www.enerjigazetesi.ist\/en\/wp-json\/wp\/v2\/comments?post=44246"}],"version-history":[{"count":1,"href":"https:\/\/www.enerjigazetesi.ist\/en\/wp-json\/wp\/v2\/posts\/44246\/revisions"}],"predecessor-version":[{"id":44248,"href":"https:\/\/www.enerjigazetesi.ist\/en\/wp-json\/wp\/v2\/posts\/44246\/revisions\/44248"}],"wp:featuredmedia":[{"embeddable":true,"href":"https:\/\/www.enerjigazetesi.ist\/en\/wp-json\/wp\/v2\/media\/44247"}],"wp:attachment":[{"href":"https:\/\/www.enerjigazetesi.ist\/en\/wp-json\/wp\/v2\/media?parent=44246"}],"wp:term":[{"taxonomy":"category","embeddable":true,"href":"https:\/\/www.enerjigazetesi.ist\/en\/wp-json\/wp\/v2\/categories?post=44246"},{"taxonomy":"post_tag","embeddable":true,"href":"https:\/\/www.enerjigazetesi.ist\/en\/wp-json\/wp\/v2\/tags?post=44246"}],"curies":[{"name":"wp","href":"https:\/\/api.w.org\/{rel}","templated":true}]}}